{"id":6128,"date":"2025-06-13T06:00:00","date_gmt":"2025-06-13T04:00:00","guid":{"rendered":"https:\/\/invest-in-niederrhein.de\/?p=6128"},"modified":"2025-06-11T18:09:48","modified_gmt":"2025-06-11T16:09:48","slug":"netzwerkabend-der-wirtschaftsfoerderung-bringt-selbstaendige-aus-dem-kreis-zusammen","status":"publish","type":"post","link":"https:\/\/standort-niederrhein.de\/en\/2025\/06\/13\/netzwerkabend-der-wirtschaftsfoerderung-bringt-selbstaendige-aus-dem-kreis-zusammen\/","title":{"rendered":"Netzwerkabend der Wirtschaftsf\u00f6rderung bringt Selbst\u00e4ndige aus dem Kreis zusammen"},"content":{"rendered":"\n<p><strong>Rhein-Kreis Neuss.<\/strong> Wo sonst Gesundheit und medizinische Versorgung im Mittelpunkt stehen, drehte sich jetzt an einem Abend alles um Gesch\u00e4ftsideen, Marketingstrategien und das Kn\u00fcpfen neuer Kontakte: Rund 35 Gr\u00fcnderinnen, Gr\u00fcnder und Selbst\u00e4ndige kamen auf Einladung der Kreiswirtschaftsf\u00f6rderung in den R\u00e4umen des H&amp;R Sanit\u00e4tshauses in Kaarst zusammen, um sich auszutauschen und inspirieren zu lassen.<\/p>\n\n\n\n<p>Das Netzwerktreffen bot neben der Gelegenheit zum pers\u00f6nlichen Kennenlernen auch fachlichen Input: Sascha Plewka, Gr\u00fcnder des Mobilit\u00e4tsunternehmens AngelBikes, berichtete von seiner unternehmerischen Reise \u2013 von einer spontanen Corona-Hilfsaktion hin zum erfolgreichen Betrieb mit 14 Mitarbeiterinnen und Mitarbeitern. Eindr\u00fccklich schilderte er, wie sich seine anf\u00e4ngliche Skepsis gegen\u00fcber Social Media in eine effektive Marketingstrategie verwandelt hat.<\/p>\n\n\n\n<p>Erg\u00e4nzend dazu gab Marketing-Expertin Bettina Giemsa praxisnahe Tipps f\u00fcr den Start in die eigene Sichtbarkeit. Unter dem Titel \u201e10 Dos &amp; Don\u2019ts f\u00fcr den Start ins Marketing\u201c erhielten die Teilnehmer Hinweise zur Strategieentwicklung, zur Zusammenarbeit mit Dienstleistern und zur Rolle von Netzwerken im Marketing. \u201eNetzwerke sind kein Selbstzweck, sondern erm\u00f6glichen echten Mehrwert \u2013 durch einen neuen Gedankenimpuls, die Aussicht auf gemeinsame Projekte und die Chance, sich selbst noch einmal aus einer neuen Perspektive zu erleben\u201c, betonte Christian Schieren aus der Wirtschaftsf\u00f6rderung zum Auftakt der Veranstaltung. Das gro\u00dfe Interesse an dem Abend zeige: Gr\u00fcnderinnen und Gr\u00fcnder aus der Region suchen aktiv den Austausch \u2013 und bringen gemeinsam Bewegung ins regionale Gr\u00fcndungs\u00f6kosystem. N\u00e4here Informationen im Internet: <a href=\"http:\/\/www.rhein-kreis-neuss.de\/startercenter\">www.rhein-kreis-neuss.de\/startercenter<\/a>.<\/p>\n\n\n\n<p>Quelle: <a href=\"http:\/\/www.rhein-kreis-neuss.de\">Rhein-Kreis Neuss<\/a><\/p>\n\n\n<figure class=\"wp-block-post-featured-image\"><img loading=\"lazy\" decoding=\"async\" width=\"2560\" height=\"1121\" src=\"https:\/\/standort-niederrhein.de\/wp-content\/uploads\/2025\/06\/Foto2.2-scaled.jpg\" class=\"attachment-post-thumbnail size-post-thumbnail wp-post-image\" alt=\"\" style=\"object-fit:cover;\" srcset=\"https:\/\/standort-niederrhein.de\/wp-content\/uploads\/2025\/06\/Foto2.2-scaled.jpg 2560w, https:\/\/standort-niederrhein.de\/wp-content\/uploads\/2025\/06\/Foto2.2-1280x561.jpg 1280w, https:\/\/standort-niederrhein.de\/wp-content\/uploads\/2025\/06\/Foto2.2-980x429.jpg 980w, https:\/\/standort-niederrhein.de\/wp-content\/uploads\/2025\/06\/Foto2.2-480x210.jpg 480w\" sizes=\"(min-width: 0px) and (max-width: 480px) 480px, (min-width: 481px) and (max-width: 980px) 980px, (min-width: 981px) and (max-width: 1280px) 1280px, (min-width: 1281px) 2560px, 100vw\" \/><\/figure>\n\n\n<p>Gr\u00fcnderinnen, Gr\u00fcnder und Selbst\u00e4ndige kamen auf Einladung der Kreiswirtschaftsf\u00f6rderung in den R\u00e4umen des H&amp;R Sanit\u00e4tshauses in Kaarst zum Netzwerkabend zusammen. | Foto: S. B\u00fcntig\/ Rhein-Kreis Neuss<\/p>\n","protected":false},"excerpt":{"rendered":"<p>Rhein-Kreis Neuss. Wo sonst Gesundheit und medizinische Versorgung im Mittelpunkt stehen, drehte sich jetzt an einem Abend alles um Gesch\u00e4ftsideen, Marketingstrategien und das Kn\u00fcpfen neuer Kontakte: Rund 35 Gr\u00fcnderinnen, Gr\u00fcnder und Selbst\u00e4ndige kamen auf Einladung der Kreiswirtschaftsf\u00f6rderung in den R\u00e4umen des H&amp;R Sanit\u00e4tshauses in Kaarst zusammen, um sich auszutauschen und inspirieren zu lassen. Das Netzwerktreffen [&hellip;]<\/p>\n","protected":false},"author":3,"featured_media":6131,"comment_status":"closed","ping_status":"closed","sticky":false,"template":"","format":"standard","meta":{"_et_pb_use_builder":"","_et_pb_old_content":"","_et_gb_content_width":"","footnotes":""},"categories":[1],"tags":[],"class_list":["post-6128","post","type-post","status-publish","format-standard","has-post-thumbnail","hentry","category-allgemein"],"_links":{"self":[{"href":"https:\/\/standort-niederrhein.de\/en\/wp-json\/wp\/v2\/posts\/6128","targetHints":{"allow":["GET"]}}],"collection":[{"href":"https:\/\/standort-niederrhein.de\/en\/wp-json\/wp\/v2\/posts"}],"about":[{"href":"https:\/\/standort-niederrhein.de\/en\/wp-json\/wp\/v2\/types\/post"}],"author":[{"embeddable":true,"href":"https:\/\/standort-niederrhein.de\/en\/wp-json\/wp\/v2\/users\/3"}],"replies":[{"embeddable":true,"href":"https:\/\/standort-niederrhein.de\/en\/wp-json\/wp\/v2\/comments?post=6128"}],"version-history":[{"count":1,"href":"https:\/\/standort-niederrhein.de\/en\/wp-json\/wp\/v2\/posts\/6128\/revisions"}],"predecessor-version":[{"id":6132,"href":"https:\/\/standort-niederrhein.de\/en\/wp-json\/wp\/v2\/posts\/6128\/revisions\/6132"}],"wp:featuredmedia":[{"embeddable":true,"href":"https:\/\/standort-niederrhein.de\/en\/wp-json\/wp\/v2\/media\/6131"}],"wp:attachment":[{"href":"https:\/\/standort-niederrhein.de\/en\/wp-json\/wp\/v2\/media?parent=6128"}],"wp:term":[{"taxonomy":"category","embeddable":true,"href":"https:\/\/standort-niederrhein.de\/en\/wp-json\/wp\/v2\/categories?post=6128"},{"taxonomy":"post_tag","embeddable":true,"href":"https:\/\/standort-niederrhein.de\/en\/wp-json\/wp\/v2\/tags?post=6128"}],"curies":[{"name":"wp","href":"https:\/\/api.w.org\/{rel}","templated":true}]}}