{"id":6124,"date":"2025-06-11T06:00:00","date_gmt":"2025-06-11T04:00:00","guid":{"rendered":"https:\/\/invest-in-niederrhein.de\/?p=6124"},"modified":"2025-06-25T11:32:58","modified_gmt":"2025-06-25T09:32:58","slug":"stadt-will-planung-fuer-verwaltungsneubau-theaterplatz-neu-pruefen","status":"publish","type":"post","link":"https:\/\/standort-niederrhein.de\/en\/2025\/06\/11\/stadt-will-planung-fuer-verwaltungsneubau-theaterplatz-neu-pruefen\/","title":{"rendered":"Stadt will Planung f\u00fcr Verwaltungsneubau Theaterplatz neu pr\u00fcfen"},"content":{"rendered":"\n<p><strong>Krefeld.<\/strong> Der Wettbewerb \u201eVerwaltungsgeb\u00e4ude und Theaterplatz\u201c soll zun\u00e4chst ausgesetzt werden. Angesichts der angespannten Haushaltssituation der Stadt beabsichtigt die Verwaltungsleitung, die Umsetzung des Projektes unter Kostengesichtspunkten zun\u00e4chst nochmals zu pr\u00fcfen. Einen entsprechenden Beschlussvorschlag will Oberb\u00fcrgermeister Frank Meyer den politischen Gremien zeitnah vorlegen. \u201eDie aktuelle Finanzsituation macht es aus meiner Sicht erforderlich, das Projekt eines Verwaltungsneubaus neu zu bewerten und gegebenenfalls \u00fcber Alternativen nachzudenken\u201c, so der Krefelder Oberb\u00fcrgermeister. Eine Entscheidung sei jetzt erforderlich, da die erste Sitzung des Beratergremiums zum Wettbewerbsverfahren Theaterplatz am 18. Juni anstehe und damit Kosten anfielen. Stadtk\u00e4mmerer Ulrich Cyprian hatte zuletzt im Ausschuss f\u00fcr Finanzen und Beteiligungen am 3. Juni den Bericht \u00fcber die Entwicklung des Ergebnishaushaltes zum 31. M\u00e4rz 2025 vorgestellt und weitere Belastungen f\u00fcr den Haushalt prognostiziert.<\/p>\n\n\n\n<p>Der Stadtrat hatte im Mai des vergangenen Jahres die Verwaltung mit der Vorbereitung des Wettbewerbsverfahrens f\u00fcr einen Verwaltungsneubau auf dem Theaterplatz beauftragt. Am 1. April 2025 hat der Stadtrat dann wie von der Verwaltung vorgeschlagen dem Wettbewerbsverfahren final zugestimmt. Ziel des Projekts ist es, die Kernverwaltung der Stadt Krefeld dauerhaft innerst\u00e4dtisch unterzubringen und gleichzeitig mit einem modernen nachhaltigen Geb\u00e4ude einen st\u00e4dtebaulichen Akzent in der Innenstadt zu setzen. \u00dcber die besten Wettbewerbsentw\u00fcrfe soll als unabh\u00e4ngiges Beratergremium ein Preisgericht entscheiden. Die Planungen und \u00dcberlegungen f\u00fcr eine st\u00e4dtebauliche Neuordnung unter Ber\u00fccksichtigung unterschiedlicher Planungsvarianten reichen mehrere Jahre zur\u00fcck.<\/p>\n\n\n\n<p>Quelle: <a href=\"http:\/\/www.krefeld.de\">Stadt Krefeld<\/a><\/p>\n\n\n<figure class=\"wp-block-post-featured-image\"><img loading=\"lazy\" decoding=\"async\" width=\"1200\" height=\"675\" src=\"https:\/\/standort-niederrhein.de\/wp-content\/uploads\/2025\/06\/Foto_Stadt-Krefeld-Presse-und-Kommunikation.jpg\" class=\"attachment-post-thumbnail size-post-thumbnail wp-post-image\" alt=\"\" style=\"object-fit:cover;\" srcset=\"https:\/\/standort-niederrhein.de\/wp-content\/uploads\/2025\/06\/Foto_Stadt-Krefeld-Presse-und-Kommunikation.jpg 1200w, https:\/\/standort-niederrhein.de\/wp-content\/uploads\/2025\/06\/Foto_Stadt-Krefeld-Presse-und-Kommunikation-980x551.jpg 980w, https:\/\/standort-niederrhein.de\/wp-content\/uploads\/2025\/06\/Foto_Stadt-Krefeld-Presse-und-Kommunikation-480x270.jpg 480w\" sizes=\"(min-width: 0px) and (max-width: 480px) 480px, (min-width: 481px) and (max-width: 980px) 980px, (min-width: 981px) 1200px, 100vw\" \/><\/figure>\n\n\n<p>Blick auf das Krefelder Rathaus. | Foto: Stadt Krefeld, Presse und Kommunikation<\/p>\n","protected":false},"excerpt":{"rendered":"<p>Krefeld. Der Wettbewerb \u201eVerwaltungsgeb\u00e4ude und Theaterplatz\u201c soll zun\u00e4chst ausgesetzt werden. Angesichts der angespannten Haushaltssituation der Stadt beabsichtigt die Verwaltungsleitung, die Umsetzung des Projektes unter Kostengesichtspunkten zun\u00e4chst nochmals zu pr\u00fcfen. Einen entsprechenden Beschlussvorschlag will Oberb\u00fcrgermeister Frank Meyer den politischen Gremien zeitnah vorlegen. \u201eDie aktuelle Finanzsituation macht es aus meiner Sicht erforderlich, das Projekt eines Verwaltungsneubaus neu [&hellip;]<\/p>\n","protected":false},"author":3,"featured_media":6193,"comment_status":"closed","ping_status":"closed","sticky":false,"template":"","format":"standard","meta":{"_et_pb_use_builder":"","_et_pb_old_content":"","_et_gb_content_width":"","footnotes":""},"categories":[1],"tags":[],"class_list":["post-6124","post","type-post","status-publish","format-standard","has-post-thumbnail","hentry","category-allgemein"],"_links":{"self":[{"href":"https:\/\/standort-niederrhein.de\/en\/wp-json\/wp\/v2\/posts\/6124","targetHints":{"allow":["GET"]}}],"collection":[{"href":"https:\/\/standort-niederrhein.de\/en\/wp-json\/wp\/v2\/posts"}],"about":[{"href":"https:\/\/standort-niederrhein.de\/en\/wp-json\/wp\/v2\/types\/post"}],"author":[{"embeddable":true,"href":"https:\/\/standort-niederrhein.de\/en\/wp-json\/wp\/v2\/users\/3"}],"replies":[{"embeddable":true,"href":"https:\/\/standort-niederrhein.de\/en\/wp-json\/wp\/v2\/comments?post=6124"}],"version-history":[{"count":2,"href":"https:\/\/standort-niederrhein.de\/en\/wp-json\/wp\/v2\/posts\/6124\/revisions"}],"predecessor-version":[{"id":6194,"href":"https:\/\/standort-niederrhein.de\/en\/wp-json\/wp\/v2\/posts\/6124\/revisions\/6194"}],"wp:featuredmedia":[{"embeddable":true,"href":"https:\/\/standort-niederrhein.de\/en\/wp-json\/wp\/v2\/media\/6193"}],"wp:attachment":[{"href":"https:\/\/standort-niederrhein.de\/en\/wp-json\/wp\/v2\/media?parent=6124"}],"wp:term":[{"taxonomy":"category","embeddable":true,"href":"https:\/\/standort-niederrhein.de\/en\/wp-json\/wp\/v2\/categories?post=6124"},{"taxonomy":"post_tag","embeddable":true,"href":"https:\/\/standort-niederrhein.de\/en\/wp-json\/wp\/v2\/tags?post=6124"}],"curies":[{"name":"wp","href":"https:\/\/api.w.org\/{rel}","templated":true}]}}