{"id":6115,"date":"2025-06-08T06:00:00","date_gmt":"2025-06-08T04:00:00","guid":{"rendered":"https:\/\/invest-in-niederrhein.de\/?p=6115"},"modified":"2025-06-05T12:01:57","modified_gmt":"2025-06-05T10:01:57","slug":"wiederernennung-des-praesidenten-der-hochschule-rhein-waal","status":"publish","type":"post","link":"https:\/\/standort-niederrhein.de\/en\/2025\/06\/08\/wiederernennung-des-praesidenten-der-hochschule-rhein-waal\/","title":{"rendered":"Wiederernennung des Pr\u00e4sidenten der Hochschule Rhein-Waal"},"content":{"rendered":"\n<p><strong>Kleve\/ Kamp-Lintfort.<\/strong> Prof. Dr. Oliver Locker-Gr\u00fctjen ist mit Wirkung vom 01. Juni 2025 bis zum 31. Mai 2031 zum Pr\u00e4sidenten der Hochschule Rhein-Waal ernannt worden. Damit ist er der erste Hochschulpr\u00e4sident in der noch jungen Geschichte der Hochschule, der eine zweite Amtszeit antritt.<\/p>\n\n\n\n<p>Bereits im November 2024 wurde der Pr\u00e4sident von der Hochschulversammlung der Hochschule Rhein-Waal (HSRW) f\u00fcr eine zweite Amtszeit wiedergew\u00e4hlt. Nun erfolgte die offizielle Ernennung durch Ina Brandes, Ministerin f\u00fcr Kultur und Wissenschaft des Landes Nordrhein-Westfalen.<\/p>\n\n\n\n<p>2019 mit den Zielen angetreten, die HSRW als Hochschule f\u00fcr Angewandte Wissenschaften zu st\u00e4rken sowie die regionale Vernetzung auszubauen &#8211; verbunden mit der Erweiterung nationaler und internationaler Kooperationen, einer vielschichtigeren Zusammensetzung der Studierendenschaft und der F\u00f6rderung des Nachhaltigkeitsgedanken, setzt Prof. Dr. Oliver Locker-Gr\u00fctjen nun auf eine Verstetigung seiner Aktivit\u00e4ten. \u201eIch freue mich auf die kommenden sechs Jahre an dieser tollen Hochschule und auch dar\u00fcber, im Land NRW die Hochschulentwicklung mitgestalten zu k\u00f6nnen.\u201c<\/p>\n\n\n\n<p>Dabei kann er auf bew\u00e4hrte Mitstreitende setzen, denn auch das Vizepr\u00e4sidium seiner ersten Amtszeit wurde von der Hochschulwahlversammlung im Februar f\u00fcr eine zweite Amtszeit wiedergew\u00e4hlt. \u201eGemeinsam mit den drei wiedergew\u00e4hlten Vizepr\u00e4sident*innen Prof. Dr. J\u00f6rg Petri, Vizepr\u00e4sident f\u00fcr Studium und Lehre, Prof. Dr.-Ing. Peter Kisters, Vizepr\u00e4sident f\u00fcr Forschung, Innovation und Wissenstransfer sowie Prof. Dr. habil. Tatiana Zimenkova, Vizepr\u00e4sidentin f\u00fcr Internationales und Diversit\u00e4t, kann die Hochschule auf Kontinuit\u00e4t und Vertrauen im Pr\u00e4sidium setzen. \u201eGemeinsam werden wir auch m\u00f6glichst bald mit einer neuen Kanzlerin oder einem neuen Kanzler die Aufgaben und Herausforderungen an der HSRW im Kollegialorgan Pr\u00e4sidium angehen.\u201c<\/p>\n\n\n\n<p><strong>Zur Person<\/strong><\/p>\n\n\n\n<p>Prof. Dr. Oliver Locker-Gr\u00fctjen ist Diplom-Umweltwissenschaftler und wurde 2012 mit seiner Arbeit \u00fcber Rahmenbedingungen f\u00fcr Forschungen an deutschen Hochschulen promoviert. Vor seinem Amtsantritt im Juni 2019 als Pr\u00e4sident der Hochschule Rhein-Waal war er 20 Jahre lang an der Universit\u00e4t GH Essen bzw. Universit\u00e4t Duisburg-Essen (UDE) t\u00e4tig. Im April 2023 wurde ihm eine Honorarprofessur mit der Denomination f\u00fcr \u00d6kologie, insbesondere Nachhaltigkeitstransformation durch Teilhabe, an der Hochschule Bonn-Rhein-Sieg (H-BRS) erteilt. Die Professur ist angebunden an das Zentrum f\u00fcr Verantwortung und Ethik (ZEV), eine zentrale wissenschaftliche Einrichtung der Hochschule. Der geb\u00fcrtige Duisburger ist verheiratet und hat drei Kinder.<\/p>\n\n\n\n<p>Quelle: <a href=\"http:\/\/www.hochschule-rhein-waal.de\">Hochschule Rhein-Waal<\/a><\/p>\n\n\n<figure class=\"wp-block-post-featured-image\"><img loading=\"lazy\" decoding=\"async\" width=\"1563\" height=\"1042\" src=\"https:\/\/standort-niederrhein.de\/wp-content\/uploads\/2025\/06\/20250528_Praesidium_HSRW_\u00a9HSRW_Andre_Ruckriegel_IMG_1390.jpg\" class=\"attachment-post-thumbnail size-post-thumbnail wp-post-image\" alt=\"\" style=\"object-fit:cover;\" srcset=\"https:\/\/standort-niederrhein.de\/wp-content\/uploads\/2025\/06\/20250528_Praesidium_HSRW_\u00a9HSRW_Andre_Ruckriegel_IMG_1390.jpg 1563w, https:\/\/standort-niederrhein.de\/wp-content\/uploads\/2025\/06\/20250528_Praesidium_HSRW_\u00a9HSRW_Andre_Ruckriegel_IMG_1390-300x200.jpg 300w, https:\/\/standort-niederrhein.de\/wp-content\/uploads\/2025\/06\/20250528_Praesidium_HSRW_\u00a9HSRW_Andre_Ruckriegel_IMG_1390-1024x683.jpg 1024w, https:\/\/standort-niederrhein.de\/wp-content\/uploads\/2025\/06\/20250528_Praesidium_HSRW_\u00a9HSRW_Andre_Ruckriegel_IMG_1390-768x512.jpg 768w, https:\/\/standort-niederrhein.de\/wp-content\/uploads\/2025\/06\/20250528_Praesidium_HSRW_\u00a9HSRW_Andre_Ruckriegel_IMG_1390-1536x1024.jpg 1536w, https:\/\/standort-niederrhein.de\/wp-content\/uploads\/2025\/06\/20250528_Praesidium_HSRW_\u00a9HSRW_Andre_Ruckriegel_IMG_1390-1080x720.jpg 1080w, https:\/\/standort-niederrhein.de\/wp-content\/uploads\/2025\/06\/20250528_Praesidium_HSRW_\u00a9HSRW_Andre_Ruckriegel_IMG_1390-1280x853.jpg 1280w, https:\/\/standort-niederrhein.de\/wp-content\/uploads\/2025\/06\/20250528_Praesidium_HSRW_\u00a9HSRW_Andre_Ruckriegel_IMG_1390-980x653.jpg 980w, https:\/\/standort-niederrhein.de\/wp-content\/uploads\/2025\/06\/20250528_Praesidium_HSRW_\u00a9HSRW_Andre_Ruckriegel_IMG_1390-480x320.jpg 480w\" sizes=\"(max-width: 1563px) 100vw, 1563px\" \/><\/figure>\n\n\n<p>Das Pr\u00e4sidium der Hochschule Rhein-Waal | Foto: HSRW\/ Andre Ruckriegel<\/p>\n","protected":false},"excerpt":{"rendered":"<p>Kleve\/ Kamp-Lintfort. Prof. Dr. Oliver Locker-Gr\u00fctjen ist mit Wirkung vom 01. Juni 2025 bis zum 31. Mai 2031 zum Pr\u00e4sidenten der Hochschule Rhein-Waal ernannt worden. Damit ist er der erste Hochschulpr\u00e4sident in der noch jungen Geschichte der Hochschule, der eine zweite Amtszeit antritt. Bereits im November 2024 wurde der Pr\u00e4sident von der Hochschulversammlung der Hochschule [&hellip;]<\/p>\n","protected":false},"author":3,"featured_media":6116,"comment_status":"closed","ping_status":"closed","sticky":false,"template":"","format":"standard","meta":{"_et_pb_use_builder":"","_et_pb_old_content":"","_et_gb_content_width":"","footnotes":""},"categories":[1],"tags":[],"class_list":["post-6115","post","type-post","status-publish","format-standard","has-post-thumbnail","hentry","category-allgemein"],"_links":{"self":[{"href":"https:\/\/standort-niederrhein.de\/en\/wp-json\/wp\/v2\/posts\/6115","targetHints":{"allow":["GET"]}}],"collection":[{"href":"https:\/\/standort-niederrhein.de\/en\/wp-json\/wp\/v2\/posts"}],"about":[{"href":"https:\/\/standort-niederrhein.de\/en\/wp-json\/wp\/v2\/types\/post"}],"author":[{"embeddable":true,"href":"https:\/\/standort-niederrhein.de\/en\/wp-json\/wp\/v2\/users\/3"}],"replies":[{"embeddable":true,"href":"https:\/\/standort-niederrhein.de\/en\/wp-json\/wp\/v2\/comments?post=6115"}],"version-history":[{"count":1,"href":"https:\/\/standort-niederrhein.de\/en\/wp-json\/wp\/v2\/posts\/6115\/revisions"}],"predecessor-version":[{"id":6117,"href":"https:\/\/standort-niederrhein.de\/en\/wp-json\/wp\/v2\/posts\/6115\/revisions\/6117"}],"wp:featuredmedia":[{"embeddable":true,"href":"https:\/\/standort-niederrhein.de\/en\/wp-json\/wp\/v2\/media\/6116"}],"wp:attachment":[{"href":"https:\/\/standort-niederrhein.de\/en\/wp-json\/wp\/v2\/media?parent=6115"}],"wp:term":[{"taxonomy":"category","embeddable":true,"href":"https:\/\/standort-niederrhein.de\/en\/wp-json\/wp\/v2\/categories?post=6115"},{"taxonomy":"post_tag","embeddable":true,"href":"https:\/\/standort-niederrhein.de\/en\/wp-json\/wp\/v2\/tags?post=6115"}],"curies":[{"name":"wp","href":"https:\/\/api.w.org\/{rel}","templated":true}]}}