{"id":6093,"date":"2025-06-02T14:00:00","date_gmt":"2025-06-02T12:00:00","guid":{"rendered":"https:\/\/invest-in-niederrhein.de\/?p=6093"},"modified":"2025-06-02T14:41:30","modified_gmt":"2025-06-02T12:41:30","slug":"impulse-fuer-dormagen-unternehmerfruehstueck-bei-auto-levy","status":"publish","type":"post","link":"https:\/\/standort-niederrhein.de\/en\/2025\/06\/02\/impulse-fuer-dormagen-unternehmerfruehstueck-bei-auto-levy\/","title":{"rendered":"Impulse f\u00fcr Dormagen: Unternehmerfr\u00fchst\u00fcck bei Auto Levy"},"content":{"rendered":"\n<p><strong>Dormagen.<\/strong> Ende Mai fand das zweite Unternehmerfr\u00fchst\u00fcck des Jahres, dieses Mal im Gewerbegebiet TopWest, statt. Die Veranstaltung, initiiert von der Stadtmarketing- und Wirtschaftsf\u00f6rderungsgesellschaft Dormagen (SWD), bot Gelegenheit zum branchen\u00fcbergreifenden Austausch und lieferte Impulse zu Entwicklungen der Wirtschaft vor Ort. Dazu gab es Hinweise, wie sich klimafreundliche Ma\u00dfnahmen im Betrieb vom Staat f\u00f6rdern lassen.<\/p>\n\n\n\n<p>Gastgeber war das Toyota-Autohaus Levy, dessen Dormagener Filiale an der Hamburger Stra\u00dfe im Jahr 2023 er\u00f6ffnet hat. Getreu dem Firmenmotto \u201eKompetenz trifft Herzlichkeit\u201c begr\u00fc\u00dfte Standortleiter Patrick Bonack die rund 30 G\u00e4ste mit sichtbarer Freude im Showroom. Trotz stetigen Wachstums zu heute neun\u00a0 Standorten in NRW bleibe das 1984 von Carlos und Ernesto Levy gegr\u00fcndete Unternehmen nahbar und famili\u00e4r, so Bonack, der sich gerne in der Standortgemeinschaft engagieren wird. SWD-Gesch\u00e4ftsf\u00fchrer Michael Bison hob die St\u00e4rke Dormagens als Industriestandort hervor und zeigte sich optimistisch, dass dies auch so bleiben werde. In Vertretung des B\u00fcrgermeisters begr\u00fc\u00dfte Dr. Torsten Spillmann, Erster Beigeordneter und K\u00e4mmerer der Stadt Dormagen. Er spannte den Bogen zu globalen Entwicklungen in Politik und Wirtschaft, die sich sp\u00fcrbar auch lokal auswirken.\u00a0 <\/p>\n\n\n\n<p>Ein Impulsvortrag kam von Janis Hackbarth, Klimaanpassungsmanager der Stadt Dormagen. Er erl\u00e4uterte die Auswirkungen des Klimawandels auf Unternehmen und stellte F\u00f6rderprogramme vor, beispielsweise zur Dachbegr\u00fcnung oder zur Regenwassernutzung \u00fcber durchl\u00e4ssige Bodenrinnen, etwa bei Autoh\u00e4usern mit bislang versiegelten\u00a0 Au\u00dfenfl\u00e4chen. \u201eDiese Ma\u00dfnahmen haben sowohl wirtschaftlich als auch f\u00fcr die Umwelt einen Nutzen. Die Begr\u00fcnung von D\u00e4chern zum Beispiel reduziert die Geb\u00e4udetemperatur und tr\u00e4gt so zur Lebensdauer des Bauk\u00f6rpers bei. Wer Regenwasser auff\u00e4ngt und nutzt, spart Kosten und Ressourcen\u201c, erkl\u00e4rte er. Franziska Gr\u00e4fe, Leiterin Fachkr\u00e4ftesicherung bei der SWD, nutzte die Gelegenheit, um \u00fcber ein noch junges Angebot der SWD zu informieren. Am 18. Juni l\u00e4dt sie zum Netzwerktreffen \u201eMeHRwert\u201c ein, das sich gezielt an Personalverantwortliche in Dormagener Unternehmen richtet und als Plattform zum Erfahrungsaustausch rund um das Thema Fachkr\u00e4fte gedacht ist. Im Juni geht es um das Thema Personalgewinnung \u00fcber Soziale Medien.<\/p>\n\n\n\n<p>Quelle: <a href=\"http:\/\/www.dormagen.de\">SWD<\/a><\/p>\n\n\n<figure class=\"wp-block-post-featured-image\"><img loading=\"lazy\" decoding=\"async\" width=\"2560\" height=\"1707\" src=\"https:\/\/standort-niederrhein.de\/wp-content\/uploads\/2025\/06\/05_SWD_UF-Auto-Levy_v.l.-Lidia-Wygasch-Bierling-Michael-Bison-Patrick-Bonack-Dr.-Torsten-Spillmann-scaled.jpg\" class=\"attachment-post-thumbnail size-post-thumbnail wp-post-image\" alt=\"\" style=\"object-fit:cover;\" srcset=\"https:\/\/standort-niederrhein.de\/wp-content\/uploads\/2025\/06\/05_SWD_UF-Auto-Levy_v.l.-Lidia-Wygasch-Bierling-Michael-Bison-Patrick-Bonack-Dr.-Torsten-Spillmann-scaled.jpg 2560w, https:\/\/standort-niederrhein.de\/wp-content\/uploads\/2025\/06\/05_SWD_UF-Auto-Levy_v.l.-Lidia-Wygasch-Bierling-Michael-Bison-Patrick-Bonack-Dr.-Torsten-Spillmann-1280x854.jpg 1280w, https:\/\/standort-niederrhein.de\/wp-content\/uploads\/2025\/06\/05_SWD_UF-Auto-Levy_v.l.-Lidia-Wygasch-Bierling-Michael-Bison-Patrick-Bonack-Dr.-Torsten-Spillmann-980x653.jpg 980w, https:\/\/standort-niederrhein.de\/wp-content\/uploads\/2025\/06\/05_SWD_UF-Auto-Levy_v.l.-Lidia-Wygasch-Bierling-Michael-Bison-Patrick-Bonack-Dr.-Torsten-Spillmann-480x320.jpg 480w\" sizes=\"(min-width: 0px) and (max-width: 480px) 480px, (min-width: 481px) and (max-width: 980px) 980px, (min-width: 981px) and (max-width: 1280px) 1280px, (min-width: 1281px) 2560px, 100vw\" \/><\/figure>\n\n\n<p>Von links: Lidia Wygasch-Bierling, Michael Bison, Patrick Bonack und Dr. Torsten Spillmann | Foto: SWD<\/p>\n","protected":false},"excerpt":{"rendered":"<p>Dormagen. Ende Mai fand das zweite Unternehmerfr\u00fchst\u00fcck des Jahres, dieses Mal im Gewerbegebiet TopWest, statt. Die Veranstaltung, initiiert von der Stadtmarketing- und Wirtschaftsf\u00f6rderungsgesellschaft Dormagen (SWD), bot Gelegenheit zum branchen\u00fcbergreifenden Austausch und lieferte Impulse zu Entwicklungen der Wirtschaft vor Ort. Dazu gab es Hinweise, wie sich klimafreundliche Ma\u00dfnahmen im Betrieb vom Staat f\u00f6rdern lassen. Gastgeber war [&hellip;]<\/p>\n","protected":false},"author":3,"featured_media":6094,"comment_status":"closed","ping_status":"closed","sticky":false,"template":"","format":"standard","meta":{"_et_pb_use_builder":"","_et_pb_old_content":"","_et_gb_content_width":"","footnotes":""},"categories":[1],"tags":[],"class_list":["post-6093","post","type-post","status-publish","format-standard","has-post-thumbnail","hentry","category-allgemein"],"_links":{"self":[{"href":"https:\/\/standort-niederrhein.de\/en\/wp-json\/wp\/v2\/posts\/6093","targetHints":{"allow":["GET"]}}],"collection":[{"href":"https:\/\/standort-niederrhein.de\/en\/wp-json\/wp\/v2\/posts"}],"about":[{"href":"https:\/\/standort-niederrhein.de\/en\/wp-json\/wp\/v2\/types\/post"}],"author":[{"embeddable":true,"href":"https:\/\/standort-niederrhein.de\/en\/wp-json\/wp\/v2\/users\/3"}],"replies":[{"embeddable":true,"href":"https:\/\/standort-niederrhein.de\/en\/wp-json\/wp\/v2\/comments?post=6093"}],"version-history":[{"count":1,"href":"https:\/\/standort-niederrhein.de\/en\/wp-json\/wp\/v2\/posts\/6093\/revisions"}],"predecessor-version":[{"id":6095,"href":"https:\/\/standort-niederrhein.de\/en\/wp-json\/wp\/v2\/posts\/6093\/revisions\/6095"}],"wp:featuredmedia":[{"embeddable":true,"href":"https:\/\/standort-niederrhein.de\/en\/wp-json\/wp\/v2\/media\/6094"}],"wp:attachment":[{"href":"https:\/\/standort-niederrhein.de\/en\/wp-json\/wp\/v2\/media?parent=6093"}],"wp:term":[{"taxonomy":"category","embeddable":true,"href":"https:\/\/standort-niederrhein.de\/en\/wp-json\/wp\/v2\/categories?post=6093"},{"taxonomy":"post_tag","embeddable":true,"href":"https:\/\/standort-niederrhein.de\/en\/wp-json\/wp\/v2\/tags?post=6093"}],"curies":[{"name":"wp","href":"https:\/\/api.w.org\/{rel}","templated":true}]}}