{"id":6090,"date":"2025-06-01T06:00:00","date_gmt":"2025-06-01T04:00:00","guid":{"rendered":"https:\/\/invest-in-niederrhein.de\/?p=6090"},"modified":"2025-06-02T14:35:27","modified_gmt":"2025-06-02T12:35:27","slug":"politik-kann-vor-der-sommerpause-ueber-den-surfpark-entscheiden","status":"publish","type":"post","link":"https:\/\/standort-niederrhein.de\/en\/2025\/06\/01\/politik-kann-vor-der-sommerpause-ueber-den-surfpark-entscheiden\/","title":{"rendered":"Politik kann vor der Sommerpause \u00fcber den Surfpark entscheiden"},"content":{"rendered":"\n<p>Krefeld. Noch vor der Sommerpause k\u00f6nnen die Mitglieder des Krefelder Stadtrats \u00fcber das Projekt Surfpark am Elfrather See entscheiden. Die entsprechenden Vorlagen, Pl\u00e4ne und Vertr\u00e4ge sind der Kommunalpolitik am heutigen Mittwoch zur Verf\u00fcgung gestellt worden. Die finale Beratung und Entscheidung sollen dann Anfang Juli im Planungsausschuss und im Rat erfolgen. Zudem hat die Verwaltung f\u00fcr Anfang Juni eine Sondersitzung des Planungsausschusses anberaumt, um die Vorlagen zum Satzungsbeschluss ausf\u00fchrlich vorzustellen.<\/p>\n\n\n\n<p>\u201eDie Unterlagen haben einen Gesamtumfang von \u00fcber 1000 Seiten. Deshalb war es uns wichtig, sie fr\u00fchzeitig zur Beratung an die Politik zu geben\u201c, sagt Bau- und Planungsdezernent Marcus Beyer. \u201eIn Abstimmung mit dem Vorhabentr\u00e4ger sind alle Aspekte dieses komplexen Vorhabens gr\u00fcndlich aufgearbeitet worden. Ich bin sehr zuversichtlich, dass wir am Ende eine tragf\u00e4hige und schl\u00fcssige Planung f\u00fcr das Areal auf den Weg bringen.\u201c<\/p>\n\n\n\n<p>Beim Surfpark handelt es sich, wie Marcus Beyer betont, um einen vorhabenbezogenen Bebauungsplan. Das bedeutet, dass sowohl die Rahmenbedingungen als auch die Umsetzung klar definiert sind. Entsprechend enthalten die Unterlagen auch schon Detailansichten der Geb\u00e4ude und genaue Beschreibungen der geplanten Einrichtungen. Vorgelegt werden der Politik zudem die nicht \u00f6ffentlichen Vertragswerke, die mit dem Investor ausgehandelt wurden. Sie betreffen unter anderem das Erbbaurecht und die Erschlie\u00dfung.<\/p>\n\n\n\n<p>Als Vertragspartner der Stadt ist die Gesellschaft Westsurf GmbH &amp; Co. KG vorgesehen, die mit Sitz in Krefeld gegr\u00fcndet wurde. Sie muss Nachweise zur wirtschaftlichen und finanziellen Leistungsf\u00e4higkeit erbringen, die anschlie\u00dfend durch unabh\u00e4ngige Wirtschaftspr\u00fcfer bewertet werden. Diese Bewertung soll, wie von der Politik gefordert, bis zur abschlie\u00dfenden Beratung vorliegen. Die Stadt gewinnt dadurch die Sicherheit, dass der Vorhabentr\u00e4ger die vertraglichen Verpflichtungen erf\u00fcllen kann. Ohne eine positive Prognose ist der Satzungsbeschluss nicht m\u00f6glich.<\/p>\n\n\n\n<p>Der Rat hatte im Februar 2020 den einleitenden Beschluss zum Bebauungsplan Nr. 836 \u2013 \u00f6stlich Elfrather See, s\u00fcdlich Asberger Stra\u00dfe gefasst. Erkl\u00e4rtes Ziel war die Errichtung und der Betrieb einer professionellen, gewerblichen Wellensurfanlage mit erg\u00e4nzenden Sportangeboten und Campingplatz. Seither wurden Beh\u00f6rden, Tr\u00e4ger \u00f6ffentlicher Belange, Verb\u00e4nde und \u00d6ffentlichkeit umfangreich beteiligt. Die Anregungen sind in den Satzungsbeschluss eingeflossen. Zahlreiche Gutachten zu Themen wie Verkehr, Natur- und Klimaschutz wurden erstellt.<\/p>\n\n\n\n<p>Der privat betriebene Surfpark mit Wavegarden-Technologie soll am Elfrather See entstehen, der traditionell zahlreiche Wassersportarten beherbergt. Insgesamt sind f\u00fcr den Surfpark und einen benachbarten Campingplatz gut neun Hektar Fl\u00e4che vorgesehen. Die Gesamtfl\u00e4che des Elfrather Sees umfasst 138 Hektar, damit bleiben fast 130 Hektar in \u00f6ffentlicher Nutzung. Im Dezember 2019 hatten die Stadt Krefeld und der Projektentwickler Elakari eine Absichtserkl\u00e4rung (Letter of Intent) f\u00fcr das Projekt unterzeichnet. Alle weiteren notwendigen Entscheidungen wurden bislang mehrheitlich vom Rat gefasst. So erfolgte neben dem einleitenden Beschluss auch der Beschluss zur Offenlage, der im Januar 2022 eine wichtige Weichenstellung f\u00fcr das weitere Verfahren bedeutete. Sie enthielt auch zus\u00e4tzliche Pr\u00fcfauftr\u00e4ge f\u00fcr die Verwaltung, die nun f\u00fcr den Satzungsbeschluss abgearbeitet wurden. In einer Projektgruppe von Politik und Verwaltung wurde fortlaufend \u00fcber den aktuellen Sachstand informiert.<\/p>\n\n\n\n<p>Elakari m\u00f6chte f\u00fcr die Surfanlage mit Gastronomie-, Sport- und Freizeitangeboten rund 40 Millionen Euro investieren. Neben der Surflagune sind dort Fl\u00e4chen f\u00fcr Beach-Soccer, Volleyball, Pumptrack und Klettern vorgesehen. Die Sport- und Freizeitfunktion des gesamten Areals am Elfrather See soll in den kommenden Jahren gest\u00e4rkt und ausgebaut werden. Daf\u00fcr hat die Stadt neben dem privaten Projekt Surfpark unter Beteiligung von Vereinen und B\u00fcrgerschaft den \u201eMasterplan Elfrather See\u201c entwickelt, der unter anderem die Reaktivierung des Badesees, frei verf\u00fcgbare Sport- und Freizeitangebote und naturnahe Nutzungen vorsieht. Der Baubeginn f\u00fcr die ersten beiden Bewegungsparks am See ist im Juli vorgesehen.<\/p>\n\n\n\n<p>Quelle: <a href=\"http:\/\/www.krefeld.de\">Stadt Krefeld<\/a><\/p>\n\n\n<figure class=\"wp-block-post-featured-image\"><img loading=\"lazy\" decoding=\"async\" width=\"2560\" height=\"2447\" src=\"https:\/\/standort-niederrhein.de\/wp-content\/uploads\/2025\/06\/Vorhaben-und-Erschliessungsplan-Ausschnitt-scaled.jpg\" class=\"attachment-post-thumbnail size-post-thumbnail wp-post-image\" alt=\"\" style=\"object-fit:cover;\" srcset=\"https:\/\/standort-niederrhein.de\/wp-content\/uploads\/2025\/06\/Vorhaben-und-Erschliessungsplan-Ausschnitt-scaled.jpg 2560w, https:\/\/standort-niederrhein.de\/wp-content\/uploads\/2025\/06\/Vorhaben-und-Erschliessungsplan-Ausschnitt-1280x1224.jpg 1280w, https:\/\/standort-niederrhein.de\/wp-content\/uploads\/2025\/06\/Vorhaben-und-Erschliessungsplan-Ausschnitt-980x937.jpg 980w, https:\/\/standort-niederrhein.de\/wp-content\/uploads\/2025\/06\/Vorhaben-und-Erschliessungsplan-Ausschnitt-480x459.jpg 480w\" sizes=\"(min-width: 0px) and (max-width: 480px) 480px, (min-width: 481px) and (max-width: 980px) 980px, (min-width: 981px) and (max-width: 1280px) 1280px, (min-width: 1281px) 2560px, 100vw\" \/><\/figure>\n\n\n<p>Vorhaben- und Erschliessungsplan-Ausschnitt | Copyright: Stadt Krefeld<\/p>\n","protected":false},"excerpt":{"rendered":"<p>Krefeld. Noch vor der Sommerpause k\u00f6nnen die Mitglieder des Krefelder Stadtrats \u00fcber das Projekt Surfpark am Elfrather See entscheiden. Die entsprechenden Vorlagen, Pl\u00e4ne und Vertr\u00e4ge sind der Kommunalpolitik am heutigen Mittwoch zur Verf\u00fcgung gestellt worden. Die finale Beratung und Entscheidung sollen dann Anfang Juli im Planungsausschuss und im Rat erfolgen. Zudem hat die Verwaltung f\u00fcr [&hellip;]<\/p>\n","protected":false},"author":3,"featured_media":6091,"comment_status":"closed","ping_status":"closed","sticky":false,"template":"","format":"standard","meta":{"_et_pb_use_builder":"","_et_pb_old_content":"","_et_gb_content_width":"","footnotes":""},"categories":[1],"tags":[],"class_list":["post-6090","post","type-post","status-publish","format-standard","has-post-thumbnail","hentry","category-allgemein"],"_links":{"self":[{"href":"https:\/\/standort-niederrhein.de\/en\/wp-json\/wp\/v2\/posts\/6090","targetHints":{"allow":["GET"]}}],"collection":[{"href":"https:\/\/standort-niederrhein.de\/en\/wp-json\/wp\/v2\/posts"}],"about":[{"href":"https:\/\/standort-niederrhein.de\/en\/wp-json\/wp\/v2\/types\/post"}],"author":[{"embeddable":true,"href":"https:\/\/standort-niederrhein.de\/en\/wp-json\/wp\/v2\/users\/3"}],"replies":[{"embeddable":true,"href":"https:\/\/standort-niederrhein.de\/en\/wp-json\/wp\/v2\/comments?post=6090"}],"version-history":[{"count":1,"href":"https:\/\/standort-niederrhein.de\/en\/wp-json\/wp\/v2\/posts\/6090\/revisions"}],"predecessor-version":[{"id":6092,"href":"https:\/\/standort-niederrhein.de\/en\/wp-json\/wp\/v2\/posts\/6090\/revisions\/6092"}],"wp:featuredmedia":[{"embeddable":true,"href":"https:\/\/standort-niederrhein.de\/en\/wp-json\/wp\/v2\/media\/6091"}],"wp:attachment":[{"href":"https:\/\/standort-niederrhein.de\/en\/wp-json\/wp\/v2\/media?parent=6090"}],"wp:term":[{"taxonomy":"category","embeddable":true,"href":"https:\/\/standort-niederrhein.de\/en\/wp-json\/wp\/v2\/categories?post=6090"},{"taxonomy":"post_tag","embeddable":true,"href":"https:\/\/standort-niederrhein.de\/en\/wp-json\/wp\/v2\/tags?post=6090"}],"curies":[{"name":"wp","href":"https:\/\/api.w.org\/{rel}","templated":true}]}}