{"id":6083,"date":"2025-05-30T06:00:00","date_gmt":"2025-05-30T04:00:00","guid":{"rendered":"https:\/\/invest-in-niederrhein.de\/?p=6083"},"modified":"2025-05-27T09:47:35","modified_gmt":"2025-05-27T07:47:35","slug":"design-studierende-feiern-erfolge-beim-adc-talent-award-2025","status":"publish","type":"post","link":"https:\/\/standort-niederrhein.de\/en\/2025\/05\/30\/design-studierende-feiern-erfolge-beim-adc-talent-award-2025\/","title":{"rendered":"Design-Studierende feiern Erfolge beim ADC Talent Award 2025"},"content":{"rendered":"\n<p><strong>Krefeld\/ Hamburg.<\/strong> Beim diesj\u00e4hrigen ADC Talent Award 2025 wurden Studierende vom Fachbereich Design der Hochschule Niederrhein erneut f\u00fcr ihre herausragenden gestalterischen Arbeiten ausgezeichnet.<\/p>\n\n\n\n<p>Gleich zwei silberne N\u00e4gel erhielt das studentische Team f\u00fcr seine Arbeit am Kooperationsprojekt \u201eTabletop &amp; Textile\u201c \u2013 einem transdisziplin\u00e4ren Hochschulprojekt, das gemeinsam von Lehrenden und Studierenden der Fachbereiche Design sowie Textil- und Bekleidungstechnik realisiert wurde.<\/p>\n\n\n\n<p>Das Projekt wurde im Wintersemester 2024\/25 von Prof. Lisa Freyschmidt und Prof. Nora Gummert-Hauser (Fachbereich Design) sowie Dipl. Des. Anna Koch (Fachbereich Textil- und Bekleidungstechnik) initiiert und betreut. Die konzeptionelle und visuelle Kommunikation des Projekts lag in den H\u00e4nden der Kommunikationsdesign-Studierenden unter der Leitung von Prof. Gummert-Hauser.<\/p>\n\n\n\n<p>Mit einem pr\u00e4gnanten, typografisch fundierten Corporate Design gelang es den Studierenden, die Synergie zwischen Textil- und Porzellangestaltung in eine starke visuelle Identit\u00e4t zu \u00fcbersetzen. Der H\u00f6hepunkt des Projekts war die Pr\u00e4sentation auf der Ambiente-Messe 2025 in Frankfurt am Main, wo es einem internationalen Fachpublikum vorgestellt wurde.<\/p>\n\n\n\n<p>Die Jury des Art Directors Club (ADC) w\u00fcrdigte die Arbeit in den Kategorien \u201eConcept &gt; Brand Identity\/Design\u201c und \u201eCraft &gt; Graphic Design\/Typography\u201c mit jeweils einem silbernen Nagel. In ihrer Begr\u00fcndung betonten die Juror:innen die \u201eeinfach-bestechende Cleverness des Gesamtkonzepts\u201c sowie die \u00fcberzeugende Visualisierung der transdisziplin\u00e4ren Zusammenarbeit. Besonders hervorgehoben wurde die typografisch starke Gestaltung, die konsequent in Printmedien, auf der Website, in Social Media und am Messestand wiederzufinden ist.<\/p>\n\n\n\n<p>Die ausgezeichneten Studierenden: Johanna Alofs, Charlotte Finzel, Samuel Heinbach, Lena Bothe, Katharina Schladebach, Tessa Forck, Emily Kaufhold, Louisa Skowron und Jan Kersten.<\/p>\n\n\n\n<p>Neben dem Projekt \u00bbTabletop &amp; Textile\u00ab erhielten zwei weitere Arbeiten vom Fachbereich Design Anerkennung beim renommierten Nachwuchswettbewerb, der in diesem Jahr mit 532 Einreichungen von 70 Hochschulen aus Deutschland, \u00d6sterreich und der Schweiz einen neuen Rekord verzeichnete. Die Abschlussarbeit \u201eThe Featherprint Project\u201c von Julia Frolov \u2013 betreut von Prof. Richard Jung und Prof. Thorsten Kraus \u2013 wurde mit Bronze ausgezeichnet und dreifach honoriert. Die Semesterarbeit \u201eK\u00f6lsche Kaffee\u201c von Hannes Delissen, Julius Lohmar, David Spielmanns und Jule Mehlmann, ebenfalls betreut von Prof. Richard Jung, erhielt ebenfalls eine Auszeichnung.<\/p>\n\n\n\n<p>Der ADC Talent Award gilt als einer der wichtigsten Indikatoren f\u00fcr die Qualit\u00e4t der gestalterischen Ausbildung im deutschsprachigen Raum. \u201eDie Erfolge unterstreichen erneut das kreative und konzeptionelle Niveau der Ausbildung am Fachbereich Design\u201c, erkl\u00e4rt Nora Gummert-Hauser, Diplom-Designerin und Professorin f\u00fcr Typografie und Editorial Design am Fachbereich Design.<\/p>\n\n\n\n<p>Weitere Informationen und Einblicke in alle ausgezeichneten Projekte sind <a href=\"https:\/\/www.adc.de\/wettbewerb\/adc-gallery\/talents\/year\/2025\">hier<\/a> zu finden. <\/p>\n\n\n\n<p>Quelle: <a href=\"http:\/\/www.hs-niederrhein.de\">Hochschule Niederrhein<\/a><\/p>\n\n\n<figure class=\"wp-block-post-featured-image\"><img loading=\"lazy\" decoding=\"async\" width=\"1000\" height=\"440\" src=\"https:\/\/standort-niederrhein.de\/wp-content\/uploads\/2025\/05\/2025-05-26-ADC-Talent-Award-2025-1.jpg\" class=\"attachment-post-thumbnail size-post-thumbnail wp-post-image\" alt=\"\" style=\"object-fit:cover;\" srcset=\"https:\/\/standort-niederrhein.de\/wp-content\/uploads\/2025\/05\/2025-05-26-ADC-Talent-Award-2025-1.jpg 1000w, https:\/\/standort-niederrhein.de\/wp-content\/uploads\/2025\/05\/2025-05-26-ADC-Talent-Award-2025-1-980x431.jpg 980w, https:\/\/standort-niederrhein.de\/wp-content\/uploads\/2025\/05\/2025-05-26-ADC-Talent-Award-2025-1-480x211.jpg 480w\" sizes=\"(min-width: 0px) and (max-width: 480px) 480px, (min-width: 481px) and (max-width: 980px) 980px, (min-width: 981px) 1000px, 100vw\" \/><\/figure>\n\n\n<p>Studierende des Fachbereichs Design waren erfolgreich beim ADC Talent Award 2025. | Foto: ADC Deutschland\/ Kevin Mohr<\/p>\n","protected":false},"excerpt":{"rendered":"<p>Krefeld\/ Hamburg. Beim diesj\u00e4hrigen ADC Talent Award 2025 wurden Studierende vom Fachbereich Design der Hochschule Niederrhein erneut f\u00fcr ihre herausragenden gestalterischen Arbeiten ausgezeichnet. Gleich zwei silberne N\u00e4gel erhielt das studentische Team f\u00fcr seine Arbeit am Kooperationsprojekt \u201eTabletop &amp; Textile\u201c \u2013 einem transdisziplin\u00e4ren Hochschulprojekt, das gemeinsam von Lehrenden und Studierenden der Fachbereiche Design sowie Textil- und [&hellip;]<\/p>\n","protected":false},"author":3,"featured_media":6084,"comment_status":"closed","ping_status":"closed","sticky":false,"template":"","format":"standard","meta":{"_et_pb_use_builder":"","_et_pb_old_content":"","_et_gb_content_width":"","footnotes":""},"categories":[1],"tags":[],"class_list":["post-6083","post","type-post","status-publish","format-standard","has-post-thumbnail","hentry","category-allgemein"],"_links":{"self":[{"href":"https:\/\/standort-niederrhein.de\/en\/wp-json\/wp\/v2\/posts\/6083","targetHints":{"allow":["GET"]}}],"collection":[{"href":"https:\/\/standort-niederrhein.de\/en\/wp-json\/wp\/v2\/posts"}],"about":[{"href":"https:\/\/standort-niederrhein.de\/en\/wp-json\/wp\/v2\/types\/post"}],"author":[{"embeddable":true,"href":"https:\/\/standort-niederrhein.de\/en\/wp-json\/wp\/v2\/users\/3"}],"replies":[{"embeddable":true,"href":"https:\/\/standort-niederrhein.de\/en\/wp-json\/wp\/v2\/comments?post=6083"}],"version-history":[{"count":1,"href":"https:\/\/standort-niederrhein.de\/en\/wp-json\/wp\/v2\/posts\/6083\/revisions"}],"predecessor-version":[{"id":6085,"href":"https:\/\/standort-niederrhein.de\/en\/wp-json\/wp\/v2\/posts\/6083\/revisions\/6085"}],"wp:featuredmedia":[{"embeddable":true,"href":"https:\/\/standort-niederrhein.de\/en\/wp-json\/wp\/v2\/media\/6084"}],"wp:attachment":[{"href":"https:\/\/standort-niederrhein.de\/en\/wp-json\/wp\/v2\/media?parent=6083"}],"wp:term":[{"taxonomy":"category","embeddable":true,"href":"https:\/\/standort-niederrhein.de\/en\/wp-json\/wp\/v2\/categories?post=6083"},{"taxonomy":"post_tag","embeddable":true,"href":"https:\/\/standort-niederrhein.de\/en\/wp-json\/wp\/v2\/tags?post=6083"}],"curies":[{"name":"wp","href":"https:\/\/api.w.org\/{rel}","templated":true}]}}