{"id":6078,"date":"2025-05-25T07:00:00","date_gmt":"2025-05-25T05:00:00","guid":{"rendered":"https:\/\/invest-in-niederrhein.de\/?p=6078"},"modified":"2025-05-26T10:02:29","modified_gmt":"2025-05-26T08:02:29","slug":"hochschulpreis-2025-geht-an-firma-ipsen-in-kleve","status":"publish","type":"post","link":"https:\/\/standort-niederrhein.de\/en\/2025\/05\/25\/hochschulpreis-2025-geht-an-firma-ipsen-in-kleve\/","title":{"rendered":"Hochschulpreis 2025 geht an Firma Ipsen in Kleve"},"content":{"rendered":"\n<p><strong>Kreis Kleve\/ Kleve<\/strong>.<strong> <\/strong>Fossile Energien gehen immer weiter zur Neige. Deswegen tun Unternehmen gut daran, zukunftsf\u00e4hige L\u00f6sungen f\u00fcr ihre Produkte zu schaffen, L\u00f6sungen, bei denen erneuerbare Energien zum Einsatz kommen. Ein besonders vielversprechendes Projekt wurde nun im Rahmen des \u201eForum Kreis Kleve \u2013 Das Fachleute-Treffen f\u00fcr wirtschaftlich Interessierte\u201c von der Wirtschaftsf\u00f6rderung Kreis Kleve mit dem Hochschulpreis 2025 ausgezeichnet: \u201eOptimierung der Nutzung regenerativer Energien an Industrie\u00f6fen mit Hybrid-Heizung zur W\u00e4rmebehandlung von Stahl.\u201c Preistr\u00e4ger sind die Ipsen International GmbH in Kleve und die Fakult\u00e4t Technologie und Bionik der Hochschule Rhein-Waal.<\/p>\n\n\n\n<p>Mehrere Hundert G\u00e4ste waren der Einladung der WfG Kreis Kleve in die Stadthalle zum \u201eForum Kreis Kleve\u201c gefolgt, um dort die Hochschulpreis-Verleihung zu feiern, Tipps f\u00fcr die Fachkr\u00e4ftegewinnung zu erhalten, sich von einem internationalen Showstar inspirieren zu lassen und abschlie\u00dfend bei guten Gespr\u00e4chen einen kurzweiligen Abend zu verbringen. Begr\u00fc\u00dft wurden sie von Moderator Tom Hegermann und Landrat Christoph Gerwers, der zum dritten Mal die Schirmherrschaft der von den Volksbanken und Sparkassen im Kreis Kleve unterst\u00fctzten Veranstaltung innehatte.<\/p>\n\n\n\n<p>Ebenso wie Energie ist auch die Verf\u00fcgbarkeit von Fachkr\u00e4ften ein Thema, das viele Unternehmen besch\u00e4ftigt. Passend dazu stand eine von Tom Hegermann moderierte Talkrunde unter dem Motto: \u201eFachkr\u00e4fte im Fokus\u201c. &nbsp;Landrat Christoph Gerwers, Prof. Dr. Oliver Locker-Gr\u00fctjen (Pr\u00e4sident Hochschule Rhein-Waal), Thomas M\u00fcller (Vorstand Sparkasse Rhein-Maas), Frank Ruffing (Vorstandsvorsitzender Volksbank Kleverland) und Brigitte Jansen (Gesch\u00e4ftsf\u00fchrerin Wirtschaftsf\u00f6rderung Kreis Kleve) tauschten sich dar\u00fcber aus, welche Konzepte f\u00fcr Mitarbeitendengewinnung und -bindung zum Erfolg f\u00fchren.<\/p>\n\n\n\n<p>Im Anschluss die feierliche Verleihung des Hochschul-Preises. Der Firma Ipsen International GmbH ist es gelungen, einen Mitarbeiter \u2013 zumindest teilweise \u2013 ans Unternehmen zu binden, der eine vielversprechende Hochschul-Karriere absolviert: Dr. Martin Hellwig arbeitet zu 50 Prozent in der Entwicklungsabteilung bei Ipsen und zur anderen H\u00e4lfte als wissenschaftlicher Mitarbeiter an der Fakult\u00e4t Technologie und Bionik der Hochschule Rhein-Waal. In dem mit dem Hochschulpreis 2025 ausgezeichneten Projekt, f\u00fcr das er verantwortlich ist, wurde von Ipsen und der Hochschule gemeinsam eine Software entwickelt. Sie bestimmt innerhalb einer Sekunde den optimalen Energietr\u00e4ger f\u00fcr das Erw\u00e4rmen der G\u00fcter in den von Ipsen produzierten Industrie\u00f6fen. Diese Hybrid-Heizsysteme, mit denen Stahl geh\u00e4rtet wird, k\u00f6nnen sowohl die klassischen Brenngase, also Erdgas und Propan, nutzen \u2013 aber eben auch Wasserstoff in Kombination mit elektrischen Heizelementen. Die intelligente Steuerung der Prozesse erm\u00f6glicht es, nachhaltige Energietr\u00e4ger trotz ihrer stark schwankenden Verf\u00fcgbarkeit in optimalem Umfang einzusetzen.&nbsp;<\/p>\n\n\n\n<p>Bei der feierlichen Preisverleihung gab Landrat Gerwers die Eindr\u00fccke der Jury wieder: \u201eUns hat \u00fcberzeugt, dass im Unternehmen ein enormes technisches Know-how daf\u00fcr eingesetzt wird, gemeinsam mit der Hochschule Rhein-Waal tragf\u00e4hige Konzepte f\u00fcr die Zukunft zu entwickeln\u201c. Gerwers \u00fcberreichte dem Gesch\u00e4ftsf\u00fchrer der Ipsen Internation GmbH, Paul van Doesburg, eine handsignierte Grafik des Plakatk\u00fcnstlers Wilhelm Schlote. Ipsen-Chef van Doesburg versprach nicht nur, dass dieses einen Ehrenplatz im Unternehmen finden wird, sondern auch, dass Ipsen weiter an der Entwicklung innovativer Produkte arbeiten wird. &nbsp;Das Preisgeld in H\u00f6he von 7500 Euro geht f\u00fcr die Hochschule Rhein-Waal an die Fakult\u00e4t Technologie und Bionik mit Prof. Dr. Dirk Nissing.<\/p>\n\n\n\n<p>F\u00fcr gro\u00dfes Staunen sorgte anschlie\u00dfend der Hauptreferent beim \u201eForum Kreis Kleve\u201c: Showstar Christian Lindemann, bekannt aus dem Cirque du Soleil\u00ae, bewies eindrucksvoll, warum er als \u201eK\u00f6nig der Taschendiebe\u201c gilt. Bei seinem Gang durchs Publikum verwickelte er etliche G\u00e4ste ins Gespr\u00e4ch \u2013 und erleichterte sie dabei um diverse Wertgegenst\u00e4nde, die sie bei sich trugen, vom Portemonnaie \u00fcbers Handy und die Armbanduhr bis zum Lederg\u00fcrtel. &nbsp;Erst bei der R\u00fcckgabe bemerkten die \u201eBestohlenen\u201c, dass ihnen etwas fehlte. In seinem Vortrag \u201eSouver\u00e4n in F\u00fchrung gehen\u201c erl\u00e4uterte Lindemann den G\u00e4sten, wie es starken F\u00fchrungskr\u00e4ften gelingt, Mitarbeitende ans Unternehmen zu binden.<\/p>\n\n\n\n<p>Nach dem Siegerfoto mit allen Hochschulpreistr\u00e4gern, Landrat, Jury und Keynote-Speaker Lindemann auf der B\u00fchne trafen sich die G\u00e4ste noch zu guten Gespr\u00e4chen im Stadthallen-Foyer und lie\u00dfen dabei ein gelungenes \u201eForum Kreis Kleve\u201c Revue passieren.<\/p>\n\n\n\n<p>Quelle: <a href=\"http:\/\/www.wfg-kreis-kleve.de\">WFG Kreis Kleve<\/a><\/p>\n\n\n<figure class=\"wp-block-post-featured-image\"><img loading=\"lazy\" decoding=\"async\" width=\"2560\" height=\"1885\" src=\"https:\/\/standort-niederrhein.de\/wp-content\/uploads\/2025\/05\/MVO_4555fff-scaled.jpg\" class=\"attachment-post-thumbnail size-post-thumbnail wp-post-image\" alt=\"\" style=\"object-fit:cover;\" srcset=\"https:\/\/standort-niederrhein.de\/wp-content\/uploads\/2025\/05\/MVO_4555fff-scaled.jpg 2560w, https:\/\/standort-niederrhein.de\/wp-content\/uploads\/2025\/05\/MVO_4555fff-1280x943.jpg 1280w, https:\/\/standort-niederrhein.de\/wp-content\/uploads\/2025\/05\/MVO_4555fff-980x722.jpg 980w, https:\/\/standort-niederrhein.de\/wp-content\/uploads\/2025\/05\/MVO_4555fff-480x353.jpg 480w\" sizes=\"(min-width: 0px) and (max-width: 480px) 480px, (min-width: 481px) and (max-width: 980px) 980px, (min-width: 981px) and (max-width: 1280px) 1280px, (min-width: 1281px) 2560px, 100vw\" \/><\/figure>\n\n\n<p>Von links: Moderator Tom Hegermann im Gespr\u00e4ch mit Thomas M\u00fcller (Vorstand Sparkasse Rhein-Maas), Frank Ruffing (Vorstandsvorsitzender Volksbank Kleverland), Brigitte Jansen (Gesch\u00e4ftsf\u00fchrerin Wirtschaftsf\u00f6rderung Kreis Kleve), Prof. Dr. Oliver Locker-Gr\u00fctjen (Pr\u00e4sident Hochschule Rhein-Waal) und Christoph Gerwers (Landrat Kreis Kleve. | Foto: WFG Kreis Kleve<\/p>\n","protected":false},"excerpt":{"rendered":"<p>Kreis Kleve\/ Kleve. Fossile Energien gehen immer weiter zur Neige. Deswegen tun Unternehmen gut daran, zukunftsf\u00e4hige L\u00f6sungen f\u00fcr ihre Produkte zu schaffen, L\u00f6sungen, bei denen erneuerbare Energien zum Einsatz kommen. Ein besonders vielversprechendes Projekt wurde nun im Rahmen des \u201eForum Kreis Kleve \u2013 Das Fachleute-Treffen f\u00fcr wirtschaftlich Interessierte\u201c von der Wirtschaftsf\u00f6rderung Kreis Kleve mit dem [&hellip;]<\/p>\n","protected":false},"author":3,"featured_media":6079,"comment_status":"closed","ping_status":"closed","sticky":false,"template":"","format":"standard","meta":{"_et_pb_use_builder":"","_et_pb_old_content":"","_et_gb_content_width":"","footnotes":""},"categories":[1],"tags":[],"class_list":["post-6078","post","type-post","status-publish","format-standard","has-post-thumbnail","hentry","category-allgemein"],"_links":{"self":[{"href":"https:\/\/standort-niederrhein.de\/en\/wp-json\/wp\/v2\/posts\/6078","targetHints":{"allow":["GET"]}}],"collection":[{"href":"https:\/\/standort-niederrhein.de\/en\/wp-json\/wp\/v2\/posts"}],"about":[{"href":"https:\/\/standort-niederrhein.de\/en\/wp-json\/wp\/v2\/types\/post"}],"author":[{"embeddable":true,"href":"https:\/\/standort-niederrhein.de\/en\/wp-json\/wp\/v2\/users\/3"}],"replies":[{"embeddable":true,"href":"https:\/\/standort-niederrhein.de\/en\/wp-json\/wp\/v2\/comments?post=6078"}],"version-history":[{"count":1,"href":"https:\/\/standort-niederrhein.de\/en\/wp-json\/wp\/v2\/posts\/6078\/revisions"}],"predecessor-version":[{"id":6080,"href":"https:\/\/standort-niederrhein.de\/en\/wp-json\/wp\/v2\/posts\/6078\/revisions\/6080"}],"wp:featuredmedia":[{"embeddable":true,"href":"https:\/\/standort-niederrhein.de\/en\/wp-json\/wp\/v2\/media\/6079"}],"wp:attachment":[{"href":"https:\/\/standort-niederrhein.de\/en\/wp-json\/wp\/v2\/media?parent=6078"}],"wp:term":[{"taxonomy":"category","embeddable":true,"href":"https:\/\/standort-niederrhein.de\/en\/wp-json\/wp\/v2\/categories?post=6078"},{"taxonomy":"post_tag","embeddable":true,"href":"https:\/\/standort-niederrhein.de\/en\/wp-json\/wp\/v2\/tags?post=6078"}],"curies":[{"name":"wp","href":"https:\/\/api.w.org\/{rel}","templated":true}]}}