{"id":6073,"date":"2025-05-26T07:00:00","date_gmt":"2025-05-26T05:00:00","guid":{"rendered":"https:\/\/invest-in-niederrhein.de\/?p=6073"},"modified":"2025-05-26T08:43:16","modified_gmt":"2025-05-26T06:43:16","slug":"festakt-zu-50-jahren-kreis-viersen","status":"publish","type":"post","link":"https:\/\/standort-niederrhein.de\/en\/2025\/05\/26\/festakt-zu-50-jahren-kreis-viersen\/","title":{"rendered":"Festakt zu 50 Jahren Kreis Viersen"},"content":{"rendered":"\n<p><strong>Kreis Viersen.<\/strong> Sein 50-j\u00e4hriges Jubil\u00e4um feiert der Kreis Viersen mit einem Festakt. Dazu haben sich rund 150 G\u00e4ste aus Politik, Verwaltung, Ehrenamt, Verb\u00e4nden und anderen Organisationen im Forum Kreis Viersen eingefunden.<\/p>\n\n\n\n<p>&#8220;50 Jahre alt wird man nicht alle Tage&#8221;, sagt Landrat Dr. Andreas Coenen. &#8220;Die kommunale Neugliederung des Kreises im Jahr 1975 hat nicht nur das heutige Erscheinungsbild des Kreises Viersen geformt, sondern auch leistungsf\u00e4hige Kommunen hervorgebracht. Diese Neuordnung war eine echte Erfolgsgeschichte und ist es noch. Viele engagierte Menschen in der Kreisverwaltung und im ehrenamtlichen kommunalpolitischen Bereich gestalten unseren Kreis tagt\u00e4glich mit, machen ihn fit f\u00fcr die Zukunft. Das wollen wir feiern, ich freue mich auf alle G\u00e4ste, die diesen besonderen Moment mit uns teilen.&#8221;<\/p>\n\n\n\n<p>Regierungspr\u00e4sident Thomas Sch\u00fcrmann: &#8220;Ich gratuliere dem Kreis Viersen herzlich zum 50. Geburtstag! F\u00fcr B\u00fcrgerinnen und B\u00fcrger, Unternehmen und viele weitere Akteure in der Region ist er ein zentraler Gestalter und Impulsgeber. Ob bei der Verbesserung der Infrastruktur, der Sicherung von Bildung und Gesundheitsversorgung, dem Umwelt- und Klimaschutz oder in der Bew\u00e4ltigung von Krisen \u2013 der Kreis \u00fcbernimmt Verantwortung und gestaltet aktiv. Als Teil der wirtschaftlich starken Region in unserem Regierungsbezirk, mit enger grenz\u00fcberschreitender Verbindung zu den Niederlanden und einem klaren Bekenntnis zu Europa, steht der Kreis f\u00fcr Stabilit\u00e4t und Offenheit zugleich. Auch bei Zukunftsthemen wie Digitalisierung, Daseinsvorsorge oder dem demografischen Wandel ist er gut aufgestellt \u2013 davon konnte ich mich zuletzt beim Glasfaserausbau pers\u00f6nlich \u00fcberzeugen. Ich freue mich auf die weitere enge Zusammenarbeit \u2013 und w\u00fcnsche dem Kreis Viersen alles Gute f\u00fcr die kommenden Jahrzehnte!&#8221;<\/p>\n\n\n\n<p>Nach Gru\u00dfworten von Regierungspr\u00e4sident Thomas Sch\u00fcrmann sowie Karl-Heinz Wassong als B\u00fcrgermeister von Niederkr\u00fcchten und Sprecher der B\u00fcrgermeisterin und der B\u00fcrgermeister im Kreis Viersen, sind Landrat Dr. Andreas Coenen und WDR-Moderator und Kabarettist Stefan Verhasselt ins Gespr\u00e4ch gekommen zu 50 Jahren Kreis Viersen und den Themen, die den Kreis heute und in Zukunft bewegen.<\/p>\n\n\n\n<p>Prof. Dr. Hans Walter H\u00fctter, Pr\u00e4sident des Hauses der Geschichte NRW, ging in seinem Vortrag der Frage nach: &#8220;50 Jahre kommunale Neuordnung in NRW: Eine Reform f\u00fcr die B\u00fcrger?&#8221;<\/p>\n\n\n\n<p>Musikalisch wurde die Veranstaltung von den Ensembles Sonora Cinco und Rhythm&amp;Reeds der Kreismusikschule Viersen begleitet.<\/p>\n\n\n\n<p>Quelle: <a href=\"http:\/\/www.kreis-viersen.de\">Kreis Viersen<\/a><\/p>\n\n\n<figure class=\"wp-block-post-featured-image\"><img loading=\"lazy\" decoding=\"async\" width=\"2362\" height=\"1575\" src=\"https:\/\/standort-niederrhein.de\/wp-content\/uploads\/2025\/05\/299434P.jpg\" class=\"attachment-post-thumbnail size-post-thumbnail wp-post-image\" alt=\"\" style=\"object-fit:cover;\" srcset=\"https:\/\/standort-niederrhein.de\/wp-content\/uploads\/2025\/05\/299434P.jpg 2362w, https:\/\/standort-niederrhein.de\/wp-content\/uploads\/2025\/05\/299434P-1280x854.jpg 1280w, https:\/\/standort-niederrhein.de\/wp-content\/uploads\/2025\/05\/299434P-980x653.jpg 980w, https:\/\/standort-niederrhein.de\/wp-content\/uploads\/2025\/05\/299434P-480x320.jpg 480w\" sizes=\"(min-width: 0px) and (max-width: 480px) 480px, (min-width: 481px) and (max-width: 980px) 980px, (min-width: 981px) and (max-width: 1280px) 1280px, (min-width: 1281px) 2362px, 100vw\" \/><\/figure>\n\n\n<p>Von links: Ingo Schabrich (Kreisdirektor des Kreises Viersen), Thomas Sch\u00fcrmann (Regierungspr\u00e4sident), Landrat Dr. Andreas Coenen, Prof. Dr. Hans Walter H\u00fctter (Pr\u00e4sident des Hauses der Geschichte NRW), Karl-Heinz Wassong (Sprecher der B\u00fcrgermeisterin und der B\u00fcrgermeister des Kreises Viersen), Stefan Verhasselt (Moderator) | Foto: Kreis Viersen\/ Simon Erath<\/p>\n","protected":false},"excerpt":{"rendered":"<p>Kreis Viersen. Sein 50-j\u00e4hriges Jubil\u00e4um feiert der Kreis Viersen mit einem Festakt. Dazu haben sich rund 150 G\u00e4ste aus Politik, Verwaltung, Ehrenamt, Verb\u00e4nden und anderen Organisationen im Forum Kreis Viersen eingefunden. &#8220;50 Jahre alt wird man nicht alle Tage&#8221;, sagt Landrat Dr. Andreas Coenen. &#8220;Die kommunale Neugliederung des Kreises im Jahr 1975 hat nicht nur [&hellip;]<\/p>\n","protected":false},"author":3,"featured_media":6076,"comment_status":"closed","ping_status":"closed","sticky":false,"template":"","format":"standard","meta":{"_et_pb_use_builder":"","_et_pb_old_content":"","_et_gb_content_width":"","footnotes":""},"categories":[1],"tags":[],"class_list":["post-6073","post","type-post","status-publish","format-standard","has-post-thumbnail","hentry","category-allgemein"],"_links":{"self":[{"href":"https:\/\/standort-niederrhein.de\/en\/wp-json\/wp\/v2\/posts\/6073","targetHints":{"allow":["GET"]}}],"collection":[{"href":"https:\/\/standort-niederrhein.de\/en\/wp-json\/wp\/v2\/posts"}],"about":[{"href":"https:\/\/standort-niederrhein.de\/en\/wp-json\/wp\/v2\/types\/post"}],"author":[{"embeddable":true,"href":"https:\/\/standort-niederrhein.de\/en\/wp-json\/wp\/v2\/users\/3"}],"replies":[{"embeddable":true,"href":"https:\/\/standort-niederrhein.de\/en\/wp-json\/wp\/v2\/comments?post=6073"}],"version-history":[{"count":1,"href":"https:\/\/standort-niederrhein.de\/en\/wp-json\/wp\/v2\/posts\/6073\/revisions"}],"predecessor-version":[{"id":6077,"href":"https:\/\/standort-niederrhein.de\/en\/wp-json\/wp\/v2\/posts\/6073\/revisions\/6077"}],"wp:featuredmedia":[{"embeddable":true,"href":"https:\/\/standort-niederrhein.de\/en\/wp-json\/wp\/v2\/media\/6076"}],"wp:attachment":[{"href":"https:\/\/standort-niederrhein.de\/en\/wp-json\/wp\/v2\/media?parent=6073"}],"wp:term":[{"taxonomy":"category","embeddable":true,"href":"https:\/\/standort-niederrhein.de\/en\/wp-json\/wp\/v2\/categories?post=6073"},{"taxonomy":"post_tag","embeddable":true,"href":"https:\/\/standort-niederrhein.de\/en\/wp-json\/wp\/v2\/tags?post=6073"}],"curies":[{"name":"wp","href":"https:\/\/api.w.org\/{rel}","templated":true}]}}