{"id":6063,"date":"2025-05-28T06:00:00","date_gmt":"2025-05-28T04:00:00","guid":{"rendered":"https:\/\/invest-in-niederrhein.de\/?p=6063"},"modified":"2025-05-23T09:26:16","modified_gmt":"2025-05-23T07:26:16","slug":"bauantrag-fuer-rathaus-neubau-eingereicht","status":"publish","type":"post","link":"https:\/\/standort-niederrhein.de\/en\/2025\/05\/28\/bauantrag-fuer-rathaus-neubau-eingereicht\/","title":{"rendered":"Bauantrag f\u00fcr Rathaus-Neubau eingereicht"},"content":{"rendered":"\n<p><strong>M\u00f6nchengladbach. <\/strong>Dass Bauantr\u00e4ge im Rheydter Rathaus eingehen, ist etwas Allt\u00e4gliches. Schlie\u00dflich sitzt hier die st\u00e4dtische Bauordnung. Jetzt aber ging es um nicht weniger als die Zukunft des Rheydter Verwaltungsstandortes selbst. Die st\u00e4dtische eigenbetriebs\u00e4hnliche Einrichtung &#8220;Neues Verwaltungsgeb\u00e4ude Rheydt&#8221; (NVR) stellte, gemeinsam mit Vertretern des Planungsb\u00fcros sop Architekten, den Bauantrag f\u00fcr den bevorstehenden Rathausneubau. Bereits in den vergangenen Wochen und Monaten sind die betreffenden Geb\u00e4udeteile sukzessive leergezogen worden. Im Juli sollen erste R\u00fcckbauarbeiten an der Stresemannstra\u00dfe beginnen. Mit einer Genehmigung des heute gestellten Bauantrags f\u00fcr den Neubau ist im Herbst zu rechnen.<\/p>\n\n\n\n<p>Konkret umfasst das beantrage Projekt den Bauteil A, der das Karree zwischen Limitenstra\u00dfe und der Gasse Am Neumarkt sowie zwischen Marktplatz und Stresemannstra\u00dfe umfasst. Lediglich die Geb\u00e4udeecke Stresemannstra\u00dfe\/Limitenstra\u00dfe ist nicht Teil des Baufeldes. Geplant ist, die vorhandene Bausubstanz gr\u00f6\u00dftenteils abzubrechen und einen modernen und b\u00fcrgernahen Verwaltungsstandort neu zu errichten. Lediglich die beiden Denkm\u00e4ler, also das historische Rathaus und das ehemalige k\u00f6niglich-preu\u00dfische Bezirkskommando, bleiben erhalten.<\/p>\n\n\n\n<p>\u00dcber einen m\u00f6glichen Bauteil B im ehemaligen Karstadt-Geb\u00e4ude wird zu einem sp\u00e4teren Zeitpunkt entschieden. Parallel dazu bereitet die st\u00e4dtische Entwicklungsgesellschaft EWMG derzeit aber einen Umzug der Stadtteilbibliothek ins Erdgeschoss des Karstadtgeb\u00e4udes vor, wo diese dauerhaft untergebracht werden soll.<\/p>\n\n\n\n<p>Quelle: <a href=\"http:\/\/www.moenchengladbach.de\">Stadt M\u00f6nchengladbach<\/a><\/p>\n\n\n<figure class=\"wp-block-post-featured-image\"><img loading=\"lazy\" decoding=\"async\" width=\"1000\" height=\"750\" src=\"https:\/\/standort-niederrhein.de\/wp-content\/uploads\/2025\/05\/299303P.jpg\" class=\"attachment-post-thumbnail size-post-thumbnail wp-post-image\" alt=\"\" style=\"object-fit:cover;\" srcset=\"https:\/\/standort-niederrhein.de\/wp-content\/uploads\/2025\/05\/299303P.jpg 1000w, https:\/\/standort-niederrhein.de\/wp-content\/uploads\/2025\/05\/299303P-980x735.jpg 980w, https:\/\/standort-niederrhein.de\/wp-content\/uploads\/2025\/05\/299303P-480x360.jpg 480w\" sizes=\"(min-width: 0px) and (max-width: 480px) 480px, (min-width: 481px) and (max-width: 980px) 980px, (min-width: 981px) 1000px, 100vw\" \/><\/figure>\n\n\n<p>Von links: Tabea Oppolzer (sop), Alexander Vogel (Betriebsleiter NVR) und Laetitia Cen (sop) \u00fcberreichen den Bauantrag an Thijs Storms und Phillipp Klein (beide Bauordnung). | Foto: sop Architekten<\/p>\n","protected":false},"excerpt":{"rendered":"<p>M\u00f6nchengladbach. Dass Bauantr\u00e4ge im Rheydter Rathaus eingehen, ist etwas Allt\u00e4gliches. Schlie\u00dflich sitzt hier die st\u00e4dtische Bauordnung. Jetzt aber ging es um nicht weniger als die Zukunft des Rheydter Verwaltungsstandortes selbst. Die st\u00e4dtische eigenbetriebs\u00e4hnliche Einrichtung &#8220;Neues Verwaltungsgeb\u00e4ude Rheydt&#8221; (NVR) stellte, gemeinsam mit Vertretern des Planungsb\u00fcros sop Architekten, den Bauantrag f\u00fcr den bevorstehenden Rathausneubau. Bereits in den [&hellip;]<\/p>\n","protected":false},"author":3,"featured_media":6064,"comment_status":"closed","ping_status":"closed","sticky":false,"template":"","format":"standard","meta":{"_et_pb_use_builder":"","_et_pb_old_content":"","_et_gb_content_width":"","footnotes":""},"categories":[1],"tags":[],"class_list":["post-6063","post","type-post","status-publish","format-standard","has-post-thumbnail","hentry","category-allgemein"],"_links":{"self":[{"href":"https:\/\/standort-niederrhein.de\/en\/wp-json\/wp\/v2\/posts\/6063","targetHints":{"allow":["GET"]}}],"collection":[{"href":"https:\/\/standort-niederrhein.de\/en\/wp-json\/wp\/v2\/posts"}],"about":[{"href":"https:\/\/standort-niederrhein.de\/en\/wp-json\/wp\/v2\/types\/post"}],"author":[{"embeddable":true,"href":"https:\/\/standort-niederrhein.de\/en\/wp-json\/wp\/v2\/users\/3"}],"replies":[{"embeddable":true,"href":"https:\/\/standort-niederrhein.de\/en\/wp-json\/wp\/v2\/comments?post=6063"}],"version-history":[{"count":1,"href":"https:\/\/standort-niederrhein.de\/en\/wp-json\/wp\/v2\/posts\/6063\/revisions"}],"predecessor-version":[{"id":6065,"href":"https:\/\/standort-niederrhein.de\/en\/wp-json\/wp\/v2\/posts\/6063\/revisions\/6065"}],"wp:featuredmedia":[{"embeddable":true,"href":"https:\/\/standort-niederrhein.de\/en\/wp-json\/wp\/v2\/media\/6064"}],"wp:attachment":[{"href":"https:\/\/standort-niederrhein.de\/en\/wp-json\/wp\/v2\/media?parent=6063"}],"wp:term":[{"taxonomy":"category","embeddable":true,"href":"https:\/\/standort-niederrhein.de\/en\/wp-json\/wp\/v2\/categories?post=6063"},{"taxonomy":"post_tag","embeddable":true,"href":"https:\/\/standort-niederrhein.de\/en\/wp-json\/wp\/v2\/tags?post=6063"}],"curies":[{"name":"wp","href":"https:\/\/api.w.org\/{rel}","templated":true}]}}