{"id":6045,"date":"2025-05-25T06:00:00","date_gmt":"2025-05-25T04:00:00","guid":{"rendered":"https:\/\/invest-in-niederrhein.de\/?p=6045"},"modified":"2025-05-21T14:15:08","modified_gmt":"2025-05-21T12:15:08","slug":"kreis-viersen-startet-breitbandausbau-im-foerderprogramm-graue-flecken","status":"publish","type":"post","link":"https:\/\/standort-niederrhein.de\/en\/2025\/05\/25\/kreis-viersen-startet-breitbandausbau-im-foerderprogramm-graue-flecken\/","title":{"rendered":"Kreis Viersen startet Breitbandausbau im F\u00f6rderprogramm Graue Flecken"},"content":{"rendered":"\n<p><strong>Kreis Viersen.<\/strong> Mit dem offiziellen Spatenstich startet im Kreis Viersen der Ausbau des Glasfasernetzes im Rahmen des &#8220;Graue-Flecken-Programms&#8221;. Es handelt sich dabei um ein vom Bund und vom Land NRW gef\u00f6rdertes Projekt. In den kommenden zweieinhalb Jahren soll das Breitbandnetz in der Region erweitert werden. Der Ausbau beginnt in Willich, wird danach in T\u00f6nisvorst fortgesetzt und sich sukzessive im gesamten Kreisgebiet ausdehnen. Das Gesamtvolumen des Projekts betr\u00e4gt 32,5 Millionen Euro, die F\u00f6rderung des Bundes bel\u00e4uft sich auf rund 17 Millionen Euro. Zus\u00e4tzlich werden weitere rd. 9 Millionen aus der Co-Finanzierung des Landes erwartet.<\/p>\n\n\n\n<p>&#8220;Mit dem Breitbandausbau schlie\u00dfen wir eine wichtige Versorgungsl\u00fccke und bringen schnelles Internet auch in bisher unterversorgte Gebiete. Dies ist ein essenzieller Schritt, um Chancengleichheit zu schaffen und unsere Region zukunftsf\u00e4hig aufzustellen, denn am Ende werden weitestgehend alle Adressen im Kreisgebiet gigabitf\u00e4hig sein&#8221;, betont Landrat Dr. Andreas Coenen.<\/p>\n\n\n\n<p>Mit dem erfolgreichen Abschluss des Projekts werden insbesondere abgelegene Adressen im Kreis Viersen mit schnellem Internet versorgt, f\u00fcr die bislang kein eigenwirtschaftlicher Ausbau zu erwarten war. Dies stellt einen bedeutenden Fortschritt f\u00fcr viele Haushalte, landwirtschaftliche Betriebe und kleinere Unternehmen dar, die bislang von einer unzureichenden digitalen Anbindung betroffen waren. Vorangegangen ist im Kreis Viersen das ebenfalls von Bund und Land gef\u00f6rderte Wei\u00dfe-Flecken-Programm, wo bereits rund 3.800 besonders unterversorgte Adressen im Kreisgebiet mit einer Anbindung von weniger als 30 Mbit\/s mit Glasfaseranschl\u00fcssen versorgt worden sind.&nbsp;Viele nachgelagerte eigenwirtschaftliche Ausbauprojekte in den Kommunen sind erst auf Basis der gef\u00f6rderten Infrastruktur entstanden, so dass wie seinerzeit erhofft jetzt gr\u00f6\u00dfere Gebiete von dem damaligen Ausbau profitieren.<\/p>\n\n\n\n<p>Auch der Willicher B\u00fcrgermeister Christian Pakusch zeigt sich erfreut: &#8220;Schnelles Internet ist heute so wichtig wie Strom und Wasser. Der Ausbau in Willich bringt uns nicht nur einen wichtigen Standortvorteil, sondern erleichtert auch den Alltag vieler B\u00fcrgerinnen und B\u00fcrger.&#8221;<\/p>\n\n\n\n<p>Das Unternehmen Muenet GmbH aus Coesfeld ist als verantwortlicher Partner f\u00fcr den Ausbau beauftragt. Der Beauftragung ging eine europaweite Ausschreibung voraus. &#8220;Wir freuen uns, dieses zukunftsweisende Projekt umsetzen zu d\u00fcrfen. Unser Ziel ist es, den Ausbau effizient und mit minimalen Beeintr\u00e4chtigungen f\u00fcr die Anwohnerinnen und Anwohner durchzuf\u00fchren&#8221;, so Denis Ebbing von der Muenet GmbH.<\/p>\n\n\n\n<p>Quelle: <a href=\"http:\/\/www.kreis-viersen.de\">Kreis Viersen<\/a><\/p>\n\n\n<figure class=\"wp-block-post-featured-image\"><img loading=\"lazy\" decoding=\"async\" width=\"2362\" height=\"1575\" src=\"https:\/\/standort-niederrhein.de\/wp-content\/uploads\/2025\/05\/299094P.jpg\" class=\"attachment-post-thumbnail size-post-thumbnail wp-post-image\" alt=\"\" style=\"object-fit:cover;\" srcset=\"https:\/\/standort-niederrhein.de\/wp-content\/uploads\/2025\/05\/299094P.jpg 2362w, https:\/\/standort-niederrhein.de\/wp-content\/uploads\/2025\/05\/299094P-1280x854.jpg 1280w, https:\/\/standort-niederrhein.de\/wp-content\/uploads\/2025\/05\/299094P-980x653.jpg 980w, https:\/\/standort-niederrhein.de\/wp-content\/uploads\/2025\/05\/299094P-480x320.jpg 480w\" sizes=\"(min-width: 0px) and (max-width: 480px) 480px, (min-width: 481px) and (max-width: 980px) 980px, (min-width: 981px) and (max-width: 1280px) 1280px, (min-width: 1281px) 2362px, 100vw\" \/><\/figure>\n\n\n<p>Von links: Sebastian C\u00fcsters, Koordinator f\u00fcr Digitale Infrastruktur beim Kreis Viersen, Ronald van Zanten, stellvertretender Leiter des Amtes f\u00fcr digitale Infrastruktur und Verkehrsanlagen, Landrat Dr. Andreas Coenen, Denis Ebbing, Prokurist MUENET GmbH &amp; Co KG, B\u00fcrgermeister Christian Pakusch und Thomas Scheuse, Gesch\u00e4ftsf\u00fchrer GIG German Infrastructure GmbH | Foto: Kreis Viersen<\/p>\n","protected":false},"excerpt":{"rendered":"<p>Kreis Viersen. Mit dem offiziellen Spatenstich startet im Kreis Viersen der Ausbau des Glasfasernetzes im Rahmen des &#8220;Graue-Flecken-Programms&#8221;. Es handelt sich dabei um ein vom Bund und vom Land NRW gef\u00f6rdertes Projekt. In den kommenden zweieinhalb Jahren soll das Breitbandnetz in der Region erweitert werden. Der Ausbau beginnt in Willich, wird danach in T\u00f6nisvorst fortgesetzt [&hellip;]<\/p>\n","protected":false},"author":3,"featured_media":6046,"comment_status":"closed","ping_status":"closed","sticky":false,"template":"","format":"standard","meta":{"_et_pb_use_builder":"","_et_pb_old_content":"","_et_gb_content_width":"","footnotes":""},"categories":[1],"tags":[],"class_list":["post-6045","post","type-post","status-publish","format-standard","has-post-thumbnail","hentry","category-allgemein"],"_links":{"self":[{"href":"https:\/\/standort-niederrhein.de\/en\/wp-json\/wp\/v2\/posts\/6045","targetHints":{"allow":["GET"]}}],"collection":[{"href":"https:\/\/standort-niederrhein.de\/en\/wp-json\/wp\/v2\/posts"}],"about":[{"href":"https:\/\/standort-niederrhein.de\/en\/wp-json\/wp\/v2\/types\/post"}],"author":[{"embeddable":true,"href":"https:\/\/standort-niederrhein.de\/en\/wp-json\/wp\/v2\/users\/3"}],"replies":[{"embeddable":true,"href":"https:\/\/standort-niederrhein.de\/en\/wp-json\/wp\/v2\/comments?post=6045"}],"version-history":[{"count":1,"href":"https:\/\/standort-niederrhein.de\/en\/wp-json\/wp\/v2\/posts\/6045\/revisions"}],"predecessor-version":[{"id":6047,"href":"https:\/\/standort-niederrhein.de\/en\/wp-json\/wp\/v2\/posts\/6045\/revisions\/6047"}],"wp:featuredmedia":[{"embeddable":true,"href":"https:\/\/standort-niederrhein.de\/en\/wp-json\/wp\/v2\/media\/6046"}],"wp:attachment":[{"href":"https:\/\/standort-niederrhein.de\/en\/wp-json\/wp\/v2\/media?parent=6045"}],"wp:term":[{"taxonomy":"category","embeddable":true,"href":"https:\/\/standort-niederrhein.de\/en\/wp-json\/wp\/v2\/categories?post=6045"},{"taxonomy":"post_tag","embeddable":true,"href":"https:\/\/standort-niederrhein.de\/en\/wp-json\/wp\/v2\/tags?post=6045"}],"curies":[{"name":"wp","href":"https:\/\/api.w.org\/{rel}","templated":true}]}}