{"id":6042,"date":"2025-05-22T07:00:00","date_gmt":"2025-05-22T05:00:00","guid":{"rendered":"https:\/\/invest-in-niederrhein.de\/?p=6042"},"modified":"2025-05-21T14:11:24","modified_gmt":"2025-05-21T12:11:24","slug":"rhein-kreis-neuss-feiert-sein-50-jahr-jubilaeum-mit-einem-festakt-im-zeughaus","status":"publish","type":"post","link":"https:\/\/standort-niederrhein.de\/en\/2025\/05\/22\/rhein-kreis-neuss-feiert-sein-50-jahr-jubilaeum-mit-einem-festakt-im-zeughaus\/","title":{"rendered":"Rhein-Kreis Neuss feiert sein 50-Jahr-Jubil\u00e4um mit einem Festakt im Zeughaus"},"content":{"rendered":"\n<p><strong>Rhein-Kreis Neuss. <\/strong>Mit \u00fcber 400 G\u00e4sten hat der Rhein-Kreis Neuss sein 50-j\u00e4hriges Bestehen im Zeughaus gefeiert. In seiner Begr\u00fc\u00dfung hob Landrat Hans-J\u00fcrgen Petrauschke hervor, welch gro\u00dfe Erfolgsgeschichte der Rhein-Kreis Neuss ist. \u201eUnser Kreis z\u00e4hlt zu den wirtschaftsst\u00e4rksten Kreisen in Deutschland, ist als Standort international gefragt und bietet beste berufliche Perspektiven. Er verf\u00fcgt \u00fcber eine starke und breit aufgestellte Bildungslandschaft, ein reichhaltiges Kultur- und Freizeitangebot und ist \u00e4u\u00dferst lebenswert\u201c, betonte der Landrat. \u201eUnser Kreis ist eine gewachsene Gemeinschaft. Im Sport w\u00fcrde man sagen: Er ist ein starker Steuermann f\u00fcr einen eingespielten und bestens aufgestellten Achter. Davon profitieren alle: die Menschen, die hier leben, und die Kommunen, die Teil dieser starken Acht sind.\u201c<\/p>\n\n\n\n<p>Mit der kommunalen Neugliederung wurde 1975 das Fundament hierf\u00fcr gelegt. Im Zuge der Gebietsreform wurden die vielen, deutlich kleinr\u00e4umigeren Verwaltungseinheiten damals zu den acht Kommunen zusammengefasst, die sich seither in der Kreisgemeinschaft bestens entwickeln \u2013 also in alphabetischer Reihenfolge: Dormagen, Grevenbroich, J\u00fcchen, Kaarst, Korschenbroich, Meerbusch, Neuss und Rommerskirchen. Der Landrat lenkte beim Festakt im Neusser Zeughaus auch den Blick auf die umfassenden Angebote und Dienstleistungen zur Daseinsvorsorge des Kreises, die den B\u00fcrgerinnen und B\u00fcrgern sowie den Kommunen zugutekommen.<\/p>\n\n\n\n<p>Festredner anl\u00e4sslich des Kreisjubil\u00e4um war Hendrik W\u00fcst, Ministerpr\u00e4sident von Nordrhein-Westfalen. \u201eSeit 50 Jahren stehen im Rhein-Kreis Neuss Zusammenhalt, Engagement und eine starke kommunale Gemeinschaft im Mittelpunkt. Handlungsf\u00e4hige St\u00e4dte und Gemeinden, die eng zusammenarbeiten, sowie eine dynamische Wirtschaft mit innovativen Unternehmen, einem breiten Mittelstand und zukunftsorientierten Arbeitspl\u00e4tzen bilden das stabile Fundament des Kreises. Auf diesem Fundament kann eine erfolgreiche Zukunft aufbauen. Heimat entsteht durch Menschen, die mit Verantwortung und Leidenschaft handeln \u2013 ob im Kreistag, im Sch\u00fctzenverein oder in der Musikschule\u201c, betonte W\u00fcst.<\/p>\n\n\n\n<p>Das Ensemble des Theaters am Schlachthof blickte in drei Akten kurzweilig auf die Geschichte des Rhein-Kreises Neuss. Als Kulisse diente dabei unter anderem das fiktive Studio einer Fernsehsendung (\u201eEin Abend mit Lanz, von Lanz und f\u00fcr Lanz\u201c), die einen kurzweiligen Talk mit den ehemaligen Oberkreisdirektoren Dr. Paul Edelmann (gespielt von Jens Sp\u00f6rckmann), Klaus-Dieter Salomon (Eddy Schulz) sowie den Landr\u00e4ten Dieter Patt (Franka von Werden) und Hans-J\u00fcrgen Petrauschke, der selbst auf die B\u00fchne trat, in Szene setzte. In der Rolle des Talkmasters war Harry Heib zu sehen.&nbsp;&nbsp;&nbsp;<\/p>\n\n\n\n<p>Durch den Abend im Zeughaus f\u00fchrte Moderator Wolfram Kons. Er nahm mit G\u00e4sten auch k\u00fcnftige Herausforderungen in den Blick. \u00dcber die Bedeutung und Perspektive des Rhein-Kreises Neuss diskutierten Dr. Reimar Molitor (Gesch\u00e4ftsf\u00fchrendes Vorstandsmitglied Region K\u00f6ln\/Bonn e.V.), Dr. Stephen Schr\u00f6der (Leiter des Archivs im Rhein-Kreis Neuss), J\u00fcrgen Steinmetz (Hauptgesch\u00e4ftsf\u00fchrer der IHK Mittlerer Niederrhein), Horst Thoren (ehemaliger Stellvertretender Chefredakteur der Rheinischen Post), Agnes Werhahn (Vorstandsvorsitzende Stiftung Sport im Rhein-Kreis Neuss) und J\u00fcchens B\u00fcrgermeister Harald Zillikens.<\/p>\n\n\n\n<p>Zum Festakt waren zahlreiche Ehreng\u00e4ste aus Politik, Verwaltung, Beh\u00f6rden, Verb\u00e4nden und Gesellschaft ins Zeughaus geladen. 50 mal zwei Karten wurden zudem an B\u00fcrgerinnen und B\u00fcrger verlost. Auch die Meinung der G\u00e4ste war beim Festakt gefragt. Sie konnten ihre W\u00fcnsche und Vorstellungen zum Thema \u201eDer Rhein-Kreis Neuss 2050\u201c mitteilen.<\/p>\n\n\n\n<p>Zum Abschluss des Festakts trat eine Gruppe der \u201eJeKits- und SingPause-Kinder\u201c der Gebr\u00fcder-Grimm-Schule Wevelinghoven auf, einer Kooperation der Grundschule mit der Musikschule Rhein-Kreis Neuss. Insgesamt 27 Zweitkl\u00e4ssler nahmen am Auftritt unter Leitung von Klaus Mader teil, begleitet wurden sie von Martina Walbeck am Klavier.<\/p>\n\n\n\n<p>Quelle: <a href=\"http:\/\/www.rhein-kreis-neuss.de\">Rhein-Kreis Neuss<\/a><\/p>\n\n\n<figure class=\"wp-block-post-featured-image\"><img loading=\"lazy\" decoding=\"async\" width=\"2304\" height=\"1536\" src=\"https:\/\/standort-niederrhein.de\/wp-content\/uploads\/2025\/05\/Festakt.jpg\" class=\"attachment-post-thumbnail size-post-thumbnail wp-post-image\" alt=\"\" style=\"object-fit:cover;\" srcset=\"https:\/\/standort-niederrhein.de\/wp-content\/uploads\/2025\/05\/Festakt.jpg 2304w, https:\/\/standort-niederrhein.de\/wp-content\/uploads\/2025\/05\/Festakt-1280x853.jpg 1280w, https:\/\/standort-niederrhein.de\/wp-content\/uploads\/2025\/05\/Festakt-980x653.jpg 980w, https:\/\/standort-niederrhein.de\/wp-content\/uploads\/2025\/05\/Festakt-480x320.jpg 480w\" sizes=\"(min-width: 0px) and (max-width: 480px) 480px, (min-width: 481px) and (max-width: 980px) 980px, (min-width: 981px) and (max-width: 1280px) 1280px, (min-width: 1281px) 2304px, 100vw\" \/><\/figure>\n\n\n<p>Landrat Hans-J\u00fcrgen Petrauschke (l.) und Ministerpr\u00e4sident Hendrik W\u00fcst beim Festakt zum Kreis-Jubil\u00e4um im Neusser Zeughaus. | Foto: A. Baum\/ Rhein-Kreis Neuss<\/p>\n","protected":false},"excerpt":{"rendered":"<p>Rhein-Kreis Neuss. Mit \u00fcber 400 G\u00e4sten hat der Rhein-Kreis Neuss sein 50-j\u00e4hriges Bestehen im Zeughaus gefeiert. In seiner Begr\u00fc\u00dfung hob Landrat Hans-J\u00fcrgen Petrauschke hervor, welch gro\u00dfe Erfolgsgeschichte der Rhein-Kreis Neuss ist. \u201eUnser Kreis z\u00e4hlt zu den wirtschaftsst\u00e4rksten Kreisen in Deutschland, ist als Standort international gefragt und bietet beste berufliche Perspektiven. Er verf\u00fcgt \u00fcber eine starke [&hellip;]<\/p>\n","protected":false},"author":3,"featured_media":6043,"comment_status":"closed","ping_status":"closed","sticky":false,"template":"","format":"standard","meta":{"_et_pb_use_builder":"","_et_pb_old_content":"","_et_gb_content_width":"","footnotes":""},"categories":[1],"tags":[],"class_list":["post-6042","post","type-post","status-publish","format-standard","has-post-thumbnail","hentry","category-allgemein"],"_links":{"self":[{"href":"https:\/\/standort-niederrhein.de\/en\/wp-json\/wp\/v2\/posts\/6042","targetHints":{"allow":["GET"]}}],"collection":[{"href":"https:\/\/standort-niederrhein.de\/en\/wp-json\/wp\/v2\/posts"}],"about":[{"href":"https:\/\/standort-niederrhein.de\/en\/wp-json\/wp\/v2\/types\/post"}],"author":[{"embeddable":true,"href":"https:\/\/standort-niederrhein.de\/en\/wp-json\/wp\/v2\/users\/3"}],"replies":[{"embeddable":true,"href":"https:\/\/standort-niederrhein.de\/en\/wp-json\/wp\/v2\/comments?post=6042"}],"version-history":[{"count":1,"href":"https:\/\/standort-niederrhein.de\/en\/wp-json\/wp\/v2\/posts\/6042\/revisions"}],"predecessor-version":[{"id":6044,"href":"https:\/\/standort-niederrhein.de\/en\/wp-json\/wp\/v2\/posts\/6042\/revisions\/6044"}],"wp:featuredmedia":[{"embeddable":true,"href":"https:\/\/standort-niederrhein.de\/en\/wp-json\/wp\/v2\/media\/6043"}],"wp:attachment":[{"href":"https:\/\/standort-niederrhein.de\/en\/wp-json\/wp\/v2\/media?parent=6042"}],"wp:term":[{"taxonomy":"category","embeddable":true,"href":"https:\/\/standort-niederrhein.de\/en\/wp-json\/wp\/v2\/categories?post=6042"},{"taxonomy":"post_tag","embeddable":true,"href":"https:\/\/standort-niederrhein.de\/en\/wp-json\/wp\/v2\/tags?post=6042"}],"curies":[{"name":"wp","href":"https:\/\/api.w.org\/{rel}","templated":true}]}}