{"id":6040,"date":"2025-05-24T06:00:00","date_gmt":"2025-05-24T04:00:00","guid":{"rendered":"https:\/\/invest-in-niederrhein.de\/?p=6040"},"modified":"2025-05-21T14:01:38","modified_gmt":"2025-05-21T12:01:38","slug":"ihk-ruft-betriebe-zur-teilnahme-an-mitmach-aktion-auf","status":"publish","type":"post","link":"https:\/\/standort-niederrhein.de\/en\/2025\/05\/24\/ihk-ruft-betriebe-zur-teilnahme-an-mitmach-aktion-auf\/","title":{"rendered":"IHK ruft Betriebe zur Teilnahme an Mitmach-Aktion auf"},"content":{"rendered":"\n<p><strong>Mittlerer Niederrhein.<\/strong> Wenn Kira Gabriel im Sommer ihre Ausbildung zur Kauffrau f\u00fcr B\u00fcromanagement abschlie\u00dft, steht f\u00fcr sie bereits fest: Sie bleibt ihrem Ausbildungsbetrieb, der Industrie- und Handelskammer (IHK) Mittlerer Niederrhein, treu. Damit geh\u00f6rt die IHK zu den zahlreichen Betrieben in Deutschland, die ihre Auszubildenden \u00fcbernehmen \u2013 und so ein wichtiges Zeichen f\u00fcr die Fachkr\u00e4ftesicherung setzen. Und das m\u00f6chte die IHK \u00f6ffentlichkeitswirksam feiern. Deshalb haben IHK-Hauptgesch\u00e4ftsf\u00fchrer J\u00fcrgen Steinmetz und Kira Gabriel den Startschuss f\u00fcr die Mitmach-Aktion \u201eAus Unternehmertum wird \u00dcbernehmertum gegeben.\u201c\u00a0<\/p>\n\n\n\n<p>Im Rahmen ihrer bundesweiten Ausbildungskampagne \u201eK\u00f6nnenlernen\u201c rufen die IHKs&nbsp; Ausbildungsbetriebe auf, sich an der Aktion&nbsp; zu beteiligen und \u00fcber Social Media ihre \u00dcbernahme-Geschichten zu erz\u00e4hlen. Ziel ist es, gemeinsam auf die gro\u00dfe Bedeutung der \u00dcbernahme von Auszubildenden aufmerksam zu machen \u2013 sowohl f\u00fcr die jungen Fachkr\u00e4fte als auch f\u00fcr die Zukunftsf\u00e4higkeit der Wirtschaft. \u201eF\u00fcr meine berufliche Karriere war die duale Ausbildung der ideale Einstieg\u201c, betont Gabriel. \u201eNun bin ich auf meine neuen Aufgaben und mein k\u00fcnftiges Berufsleben gespannt.\u201c&nbsp;&nbsp;<\/p>\n\n\n\n<p>&nbsp;\u201eWir m\u00f6chten gemeinsam mit den Unternehmen in unserem IHK-Bezirk ein starkes, \u00f6ffentlichkeitswirksames Signal f\u00fcr die duale Ausbildung und die Fachkr\u00e4ftesicherung setzen\u201c, betont&nbsp; Steinmetz. &nbsp;\u201eMit der \u00dcbernahme von Auszubildenden investieren Unternehmen nicht nur in junge Talente, sondern auch in ihre eigene Zukunft. Rund drei von vier Auszubildenden in Industrie und Handel werden jedes Jahr \u00fcbernommen und leisten im Anschluss einen wertvollen Beitrag zum Unternehmenserfolg.&nbsp;<\/p>\n\n\n\n<p>Ab sofort k\u00f6nnen Unternehmen, die mitmachen m\u00f6chten, auf vorgefertigte Vorlagen f\u00fcr LinkedIn, Instagram und Co. zugreifen. Dar\u00fcber hinaus gibt es weiteres Kampagnen-Material, wie zum Beispiel ein GIF f\u00fcr die E-Mail-Signatur, einen Sticker f\u00fcr die Website und eine Banderole f\u00fcr das LinkedIn-Profilbild. &nbsp;<\/p>\n\n\n\n<p>\u201eWir&nbsp;w\u00fcrden uns freuen, wenn zahlreiche Unternehmen in Krefeld, M\u00f6nchengladbach, im Kreis Viersen und im Rhein-Kreis Neuss unserem Beispiel folgen, ihre \u00dcbernahmen sichtbar machen und damit das \u201a\u00dcbernehmertum\u2018 feiern\u201c, sagt Steinmetz, \u201eDenn, wer \u00fcbernimmt, sichert langfristig Fachkr\u00e4fte \u2013 und st\u00e4rkt damit den gesamten Wirtschaftsstandort Deutschland.\u201c<\/p>\n\n\n\n<p>Wer Teil der Gemeinschaftskation \u201e\u00dcbernehmertum\u201c werden m\u00f6chte, findet alle Informationen und Vorlagen auf der <a href=\"http:\/\/www.mittlerer-niederrhein.ihk.de\/29857\">IHK-Website.<\/a><\/p>\n\n\n\n<p>Quelle: <a href=\"https:\/\/mittlerer-niederrhein.ihk.de\/de\/oeffentlichkeitsarbeit\/pressemitteilungen\/2025\/ihk-ruft-betriebe-zur-teilnahme-an-mitmach-aktion-auf.html\">IHK Mittlerer Niederrhein<\/a><\/p>\n","protected":false},"excerpt":{"rendered":"<p>Mittlerer Niederrhein. Wenn Kira Gabriel im Sommer ihre Ausbildung zur Kauffrau f\u00fcr B\u00fcromanagement abschlie\u00dft, steht f\u00fcr sie bereits fest: Sie bleibt ihrem Ausbildungsbetrieb, der Industrie- und Handelskammer (IHK) Mittlerer Niederrhein, treu. Damit geh\u00f6rt die IHK zu den zahlreichen Betrieben in Deutschland, die ihre Auszubildenden \u00fcbernehmen \u2013 und so ein wichtiges Zeichen f\u00fcr die Fachkr\u00e4ftesicherung setzen. [&hellip;]<\/p>\n","protected":false},"author":3,"featured_media":0,"comment_status":"closed","ping_status":"closed","sticky":false,"template":"","format":"standard","meta":{"_et_pb_use_builder":"","_et_pb_old_content":"","_et_gb_content_width":"","footnotes":""},"categories":[1],"tags":[],"class_list":["post-6040","post","type-post","status-publish","format-standard","hentry","category-allgemein"],"_links":{"self":[{"href":"https:\/\/standort-niederrhein.de\/en\/wp-json\/wp\/v2\/posts\/6040","targetHints":{"allow":["GET"]}}],"collection":[{"href":"https:\/\/standort-niederrhein.de\/en\/wp-json\/wp\/v2\/posts"}],"about":[{"href":"https:\/\/standort-niederrhein.de\/en\/wp-json\/wp\/v2\/types\/post"}],"author":[{"embeddable":true,"href":"https:\/\/standort-niederrhein.de\/en\/wp-json\/wp\/v2\/users\/3"}],"replies":[{"embeddable":true,"href":"https:\/\/standort-niederrhein.de\/en\/wp-json\/wp\/v2\/comments?post=6040"}],"version-history":[{"count":1,"href":"https:\/\/standort-niederrhein.de\/en\/wp-json\/wp\/v2\/posts\/6040\/revisions"}],"predecessor-version":[{"id":6041,"href":"https:\/\/standort-niederrhein.de\/en\/wp-json\/wp\/v2\/posts\/6040\/revisions\/6041"}],"wp:attachment":[{"href":"https:\/\/standort-niederrhein.de\/en\/wp-json\/wp\/v2\/media?parent=6040"}],"wp:term":[{"taxonomy":"category","embeddable":true,"href":"https:\/\/standort-niederrhein.de\/en\/wp-json\/wp\/v2\/categories?post=6040"},{"taxonomy":"post_tag","embeddable":true,"href":"https:\/\/standort-niederrhein.de\/en\/wp-json\/wp\/v2\/tags?post=6040"}],"curies":[{"name":"wp","href":"https:\/\/api.w.org\/{rel}","templated":true}]}}