{"id":6035,"date":"2025-05-22T06:00:00","date_gmt":"2025-05-22T04:00:00","guid":{"rendered":"https:\/\/invest-in-niederrhein.de\/?p=6035"},"modified":"2025-05-20T11:02:27","modified_gmt":"2025-05-20T09:02:27","slug":"vom-rhein-kreis-gefoerdertes-start-up-startet-durch","status":"publish","type":"post","link":"https:\/\/standort-niederrhein.de\/en\/2025\/05\/22\/vom-rhein-kreis-gefoerdertes-start-up-startet-durch\/","title":{"rendered":"Vom Rhein-Kreis gef\u00f6rdertes Start-up startet durch"},"content":{"rendered":"\n<p><strong>Rhein-Kreis Neuss.<\/strong> \u00dcber 50 G\u00e4ste verfolgten bei einem Empfang im Rhein-Kreis Neuss Innovation Center in Meerbusch den erfolgreichen Auftritt des Neusser Start-ups Cravies in der TV-Sendung \u201eDie H\u00f6hle der L\u00f6wen\u201c (DHDL). Der Rhein-Kreis Neuss f\u00f6rdert das Unternehmen der beiden Gr\u00fcnder Siddik Turhalli und Adrian Majchrowski im Zuge seines Accelerator-Programms. Bei Cravies stehen innovative und gesunde Snacks im Mittelpunkt: Das Unternehmen vermarktet Sonnenblumenkerne in sechs verschiedenen Geschmacksrichtungen.<\/p>\n\n\n\n<p>DHDL-Jury-Mitglied Ralf D\u00fcmmel entschied sich f\u00fcr eine Investition in das Start-up mit 200 000 Euro f\u00fcr 16,25 Prozent der Firmenanteile. Bei den Cravies-Gr\u00fcndern war die Freude gro\u00df: Sie profitieren nicht nur von dieser Investition, sondern wurden durch die Sendung so bekannt, dass die von ihnen vermarkteten Sonnenblumenkerne bereits kurz nach deren Ausstrahlung online ausverkauft waren. Das Produkt ist zudem seit letzter Woche in \u00fcber 5 000 Netto-Filialen und in ausgew\u00e4hlten Edeka- und Rewe-M\u00e4rkten erh\u00e4ltlich.<\/p>\n\n\n\n<p>Kreiswirtschaftsdezernent Dr. Martin Stiller betonte in seiner Begr\u00fc\u00dfung bei dem Empfang im Innovation Center in Meerbusch-B\u00fcderich, in dem auch Cravies seinen Sitz hat: \u201eEs ist toll zu sehen, dass bei uns im Kreis so innovative Start-ups wie Cravies sitzen, die ihren Anfang im F\u00f6rderprogramm unserer Wirtschaftsf\u00f6rderung hatten. Besonders freut mich, dass das Unternehmen bewusst in der Region bleibt und so zur St\u00e4rkung der lokalen Wirtschaft beitr\u00e4gt\u201c, so Stiller. Im vergangenen Jahr hatten Robert Abts, Leiter der Wirtschaftsf\u00f6rderung, und Projektmanager Dominik Hintzen den Gr\u00fcndern Siddik Turhalli und Adrian Majchrowski einen F\u00f6rderbescheid in H\u00f6he von 25 000 Euro in Form von Sach- und Dienstleistungen \u00fcberreicht. Mit dem F\u00f6rderprogramm \u201eaccelerate_rkn\u201c unterst\u00fctzt der Rhein-Kreis Neuss Gr\u00fcnderinnen und Gr\u00fcnder bei der Entwicklung ihrer Start-ups und begleitet sie auf dem Weg von der Idee zum marktf\u00e4higen Produkt. Dar\u00fcber hinaus f\u00f6rdert der Kreis Startups, Gr\u00fcndungsinteressierte und junge Unternehmen in allen Entwicklungsstufen durch Vernetzung, Veranstaltungsformate, ganzheitliche Beratung und gezielte F\u00f6rderung.<\/p>\n\n\n\n<p>Quelle: <a href=\"http:\/\/www.rhein-kreis-neuss.de\">Rhein-Kreis Neuss<\/a><\/p>\n\n\n<figure class=\"wp-block-post-featured-image\"><img loading=\"lazy\" decoding=\"async\" width=\"8256\" height=\"5504\" src=\"https:\/\/standort-niederrhein.de\/wp-content\/uploads\/2025\/05\/Cravies-bei-Hoehle-d-Loewen-8501.jpg\" class=\"attachment-post-thumbnail size-post-thumbnail wp-post-image\" alt=\"\" style=\"object-fit:cover;\" srcset=\"https:\/\/standort-niederrhein.de\/wp-content\/uploads\/2025\/05\/Cravies-bei-Hoehle-d-Loewen-8501.jpg 8256w, https:\/\/standort-niederrhein.de\/wp-content\/uploads\/2025\/05\/Cravies-bei-Hoehle-d-Loewen-8501-300x200.jpg 300w, https:\/\/standort-niederrhein.de\/wp-content\/uploads\/2025\/05\/Cravies-bei-Hoehle-d-Loewen-8501-1024x683.jpg 1024w, https:\/\/standort-niederrhein.de\/wp-content\/uploads\/2025\/05\/Cravies-bei-Hoehle-d-Loewen-8501-768x512.jpg 768w, https:\/\/standort-niederrhein.de\/wp-content\/uploads\/2025\/05\/Cravies-bei-Hoehle-d-Loewen-8501-1536x1024.jpg 1536w, https:\/\/standort-niederrhein.de\/wp-content\/uploads\/2025\/05\/Cravies-bei-Hoehle-d-Loewen-8501-1080x720.jpg 1080w\" sizes=\"(max-width: 8256px) 100vw, 8256px\" \/><\/figure>\n\n\n<p>Kreiswirtschaftsdezernent Dr. Martin Stiller, die Cravies-Gr\u00fcnder Siddik Turhalli und Adrian Majchrowski sowie Melanie Witschel und Dominik Hintzen von der Kreiswirtschaftsf\u00f6rderung | Foto: W. Walter\/ Rhein-Kreis Neuss<\/p>\n","protected":false},"excerpt":{"rendered":"<p>Rhein-Kreis Neuss. \u00dcber 50 G\u00e4ste verfolgten bei einem Empfang im Rhein-Kreis Neuss Innovation Center in Meerbusch den erfolgreichen Auftritt des Neusser Start-ups Cravies in der TV-Sendung \u201eDie H\u00f6hle der L\u00f6wen\u201c (DHDL). Der Rhein-Kreis Neuss f\u00f6rdert das Unternehmen der beiden Gr\u00fcnder Siddik Turhalli und Adrian Majchrowski im Zuge seines Accelerator-Programms. Bei Cravies stehen innovative und gesunde [&hellip;]<\/p>\n","protected":false},"author":3,"featured_media":6036,"comment_status":"closed","ping_status":"closed","sticky":false,"template":"","format":"standard","meta":{"_et_pb_use_builder":"","_et_pb_old_content":"","_et_gb_content_width":"","footnotes":""},"categories":[1],"tags":[],"class_list":["post-6035","post","type-post","status-publish","format-standard","has-post-thumbnail","hentry","category-allgemein"],"_links":{"self":[{"href":"https:\/\/standort-niederrhein.de\/en\/wp-json\/wp\/v2\/posts\/6035","targetHints":{"allow":["GET"]}}],"collection":[{"href":"https:\/\/standort-niederrhein.de\/en\/wp-json\/wp\/v2\/posts"}],"about":[{"href":"https:\/\/standort-niederrhein.de\/en\/wp-json\/wp\/v2\/types\/post"}],"author":[{"embeddable":true,"href":"https:\/\/standort-niederrhein.de\/en\/wp-json\/wp\/v2\/users\/3"}],"replies":[{"embeddable":true,"href":"https:\/\/standort-niederrhein.de\/en\/wp-json\/wp\/v2\/comments?post=6035"}],"version-history":[{"count":1,"href":"https:\/\/standort-niederrhein.de\/en\/wp-json\/wp\/v2\/posts\/6035\/revisions"}],"predecessor-version":[{"id":6037,"href":"https:\/\/standort-niederrhein.de\/en\/wp-json\/wp\/v2\/posts\/6035\/revisions\/6037"}],"wp:featuredmedia":[{"embeddable":true,"href":"https:\/\/standort-niederrhein.de\/en\/wp-json\/wp\/v2\/media\/6036"}],"wp:attachment":[{"href":"https:\/\/standort-niederrhein.de\/en\/wp-json\/wp\/v2\/media?parent=6035"}],"wp:term":[{"taxonomy":"category","embeddable":true,"href":"https:\/\/standort-niederrhein.de\/en\/wp-json\/wp\/v2\/categories?post=6035"},{"taxonomy":"post_tag","embeddable":true,"href":"https:\/\/standort-niederrhein.de\/en\/wp-json\/wp\/v2\/tags?post=6035"}],"curies":[{"name":"wp","href":"https:\/\/api.w.org\/{rel}","templated":true}]}}