{"id":6022,"date":"2025-05-17T08:00:00","date_gmt":"2025-05-17T06:00:00","guid":{"rendered":"https:\/\/invest-in-niederrhein.de\/?p=6022"},"modified":"2025-05-19T13:04:31","modified_gmt":"2025-05-19T11:04:31","slug":"krefeld-staerkt-kulturelle-stadtentwicklung","status":"publish","type":"post","link":"https:\/\/standort-niederrhein.de\/en\/2025\/05\/17\/krefeld-staerkt-kulturelle-stadtentwicklung\/","title":{"rendered":"Krefeld st\u00e4rkt kulturelle Stadtentwicklung"},"content":{"rendered":"\n<p><strong>Krefeld.<\/strong> Die Stadt Krefeld hat sich erfolgreich um die Teilnahme am Programm \u201eCities Ahead\u201c des Goethe-Institutes beworben. \u201eDie Cities Ahead Academy bringt herausragende Experten im Bereich der kulturellen Stadtentwicklung zu uns nach Krefeld. Ich erwarte mir wirkungsvolle Impulse f\u00fcr unseren Weg, die Stadt und ihre vielf\u00e4ltige Gesellschaft durch Kultur zu st\u00e4rken und die Rolle der Kultur in der Stadt aktiv zu gestalten\u201c, sagt Frank Meyer, Oberb\u00fcrgermeister und Kulturdezernent der Stadt Krefeld.<\/p>\n\n\n\n<p>Die \u201eCities Ahead Academy\u201c besteht aus Fachimpulsen und Workshops zu Themen der kulturellen Stadtentwicklung. \u201eF\u00fcr das zweit\u00e4gige Programm erstellt das \u201eCities Ahead\u201c-Team passgenaue Inhalte f\u00fcr die teilnehmenden St\u00e4dte\u201c, so das Goethe-Institut. In Workshops arbeiten internationale Experten mit den lokalen Teilnehmenden mit dem Ziel, konkrete Impulse f\u00fcr die Arbeit in der Stadt zu setzen. In Krefeld sind Akteure der Stadtgesellschaft, der Freien Kulturszene, der st\u00e4dtischen Kulturinstitute und fachbereichs\u00fcbergreifend F\u00fchrungskr\u00e4fte aus der Stadtverwaltung an der Academy beteiligt. \u201eWichtige Multiplikatoren aus Kulturszene, Stadtgesellschaft und Stadtverwaltung nehmen teil. Eigentlich alle, die wir angesprochen haben, haben direkt zugesagt. Insbesondere auf dem Weg zu einer Kulturstrategie, die meiner Auffassung nach mit dem Auftrag kultureller Teilhabe zusammengedacht werden muss, werden wir mit der Cities Ahead Academy einen guten Schritt vorankommen\u201c sagt Dr. Katharine Leiska, Kulturbeauftragte und Leiterin des Kulturb\u00fcros der Stadt Krefeld.<\/p>\n\n\n\n<p>Ziel der Academy ist es, Stadtentwicklung und Kultur eng zusammenzudenken, um die Stadt und die Kultur in der Stadt zu st\u00e4rken. Die Kommunen k\u00f6nnen f\u00fcr die Tagung drei Themen aus sechs Schwerpunkten ausw\u00e4hlen, Krefeld hat sich f\u00fcr die Themen \u201eSt\u00e4dte als kreatives \u00d6kosystem\u201c, \u201eEntwicklung von Kulturstrategien\u201c und \u201eKulturelle Teilhabe\u201c entschieden. Bundesweit k\u00f6nnen sich 2025 nur drei St\u00e4dte mit \u00fcber 50.000 Einwohnern an dem Angebot beteiligen \u2013 es gab neun Bewerbungen.<\/p>\n\n\n\n<p>Quelle: <a href=\"http:\/\/www.krefeld.de\">Stadt Krefeld<\/a><\/p>\n","protected":false},"excerpt":{"rendered":"<p>Krefeld. Die Stadt Krefeld hat sich erfolgreich um die Teilnahme am Programm \u201eCities Ahead\u201c des Goethe-Institutes beworben. \u201eDie Cities Ahead Academy bringt herausragende Experten im Bereich der kulturellen Stadtentwicklung zu uns nach Krefeld. Ich erwarte mir wirkungsvolle Impulse f\u00fcr unseren Weg, die Stadt und ihre vielf\u00e4ltige Gesellschaft durch Kultur zu st\u00e4rken und die Rolle der [&hellip;]<\/p>\n","protected":false},"author":3,"featured_media":0,"comment_status":"closed","ping_status":"closed","sticky":false,"template":"","format":"standard","meta":{"_et_pb_use_builder":"","_et_pb_old_content":"","_et_gb_content_width":"","footnotes":""},"categories":[1],"tags":[],"class_list":["post-6022","post","type-post","status-publish","format-standard","hentry","category-allgemein"],"_links":{"self":[{"href":"https:\/\/standort-niederrhein.de\/en\/wp-json\/wp\/v2\/posts\/6022","targetHints":{"allow":["GET"]}}],"collection":[{"href":"https:\/\/standort-niederrhein.de\/en\/wp-json\/wp\/v2\/posts"}],"about":[{"href":"https:\/\/standort-niederrhein.de\/en\/wp-json\/wp\/v2\/types\/post"}],"author":[{"embeddable":true,"href":"https:\/\/standort-niederrhein.de\/en\/wp-json\/wp\/v2\/users\/3"}],"replies":[{"embeddable":true,"href":"https:\/\/standort-niederrhein.de\/en\/wp-json\/wp\/v2\/comments?post=6022"}],"version-history":[{"count":1,"href":"https:\/\/standort-niederrhein.de\/en\/wp-json\/wp\/v2\/posts\/6022\/revisions"}],"predecessor-version":[{"id":6023,"href":"https:\/\/standort-niederrhein.de\/en\/wp-json\/wp\/v2\/posts\/6022\/revisions\/6023"}],"wp:attachment":[{"href":"https:\/\/standort-niederrhein.de\/en\/wp-json\/wp\/v2\/media?parent=6022"}],"wp:term":[{"taxonomy":"category","embeddable":true,"href":"https:\/\/standort-niederrhein.de\/en\/wp-json\/wp\/v2\/categories?post=6022"},{"taxonomy":"post_tag","embeddable":true,"href":"https:\/\/standort-niederrhein.de\/en\/wp-json\/wp\/v2\/tags?post=6022"}],"curies":[{"name":"wp","href":"https:\/\/api.w.org\/{rel}","templated":true}]}}