{"id":6019,"date":"2025-05-19T08:00:00","date_gmt":"2025-05-19T06:00:00","guid":{"rendered":"https:\/\/invest-in-niederrhein.de\/?p=6019"},"modified":"2025-05-19T12:58:22","modified_gmt":"2025-05-19T10:58:22","slug":"erfolgreicher-austausch-zu-luftverkehr-und-luftmobilitaet","status":"publish","type":"post","link":"https:\/\/standort-niederrhein.de\/en\/2025\/05\/19\/erfolgreicher-austausch-zu-luftverkehr-und-luftmobilitaet\/","title":{"rendered":"Erfolgreicher Austausch zu Luftverkehr und Luftmobilit\u00e4t"},"content":{"rendered":"\n<p><strong>M\u00f6nchengladbach.<\/strong> Mit der Ausrichtung der diesj\u00e4hrigen IDRF-Mitgliedertagung war der Flughafen M\u00f6nchengladbach (MGL) erneut Gastgeber einer bedeutenden Fachveranstaltung der Luftverkehrsbranche. Mitte Mai fand die Mitgliedertagung der Interessengemeinschaft der regionalen Flugpl\u00e4tze (IDRF) im Hugo Junkers Hangar statt. Erstmals fand die Veranstaltung gemeinsam mit dem Deutschen Hubschrauber Verband (DHV) statt, der parallel tagte. Im Mittelpunkt der zweit\u00e4gigen Veranstaltung stand der gemeinsame Austausch \u00fcber aktuelle Herausforderungen im Luftverkehr und neue Perspektiven in der Luftmobilit\u00e4t.<\/p>\n\n\n\n<p>Zahlreiche Vertreterinnen und Vertreter regionaler Flugh\u00e4fen in Deutschland nutzten die Tagung, um sich \u00fcber operative, infrastrukturelle und regulatorische Themen auszutauschen. Auch die Rolle der Flugh\u00e4fen im Kontext von Klimaschutz, Digitalisierung und innovativer Mobilit\u00e4t wurde intensiv diskutiert.<\/p>\n\n\n\n<p>\u201eRegionale Flugh\u00e4fen sind ein unverzichtbarer Bestandteil des Luftverkehrssystems in Deutschland. Sie sichern Erreichbarkeit, schaffen Arbeitspl\u00e4tze und sind zunehmend auch Innovationsorte f\u00fcr neue Mobilit\u00e4tsl\u00f6sungen. Die IDRF bietet eine wichtige Plattform, um diese Rolle gemeinsam weiterzuentwickeln.\u201c, so Andreas Ungar, Gesch\u00e4ftsf\u00fchrer des Flughafens M\u00f6nchengladbach.<\/p>\n\n\n\n<p>Mit dem Hugo Junkers Hangar verf\u00fcgt der MGL \u00fcber eine au\u00dfergew\u00f6hnliche Event Location, die sich zunehmend als beliebter Austragungsort f\u00fcr Fachtagungen und Netzwerktreffen etabliert. \u201eDass wir die IDRF-Tagung gemeinsam mit dem DHV am Standort ausrichten konnten, unterstreicht die wachsende Bedeutung des Flughafens als Ort f\u00fcr Austausch, Fortschritt und Zukunftsthemen der Luftfahrt\u201c, so Dr. Ulrich Sch\u00fcckhaus, ebenfalls Gesch\u00e4ftsf\u00fchrer des Flughafens M\u00f6nchengladbach.<\/p>\n\n\n\n<p>Quelle: <a href=\"http:\/\/www.mgl.de\">MGL<\/a><\/p>\n\n\n<figure class=\"wp-block-post-featured-image\"><img loading=\"lazy\" decoding=\"async\" width=\"2040\" height=\"1536\" src=\"https:\/\/standort-niederrhein.de\/wp-content\/uploads\/2025\/05\/PXL_20250513_105753371.jpg\" class=\"attachment-post-thumbnail size-post-thumbnail wp-post-image\" alt=\"\" style=\"object-fit:cover;\" srcset=\"https:\/\/standort-niederrhein.de\/wp-content\/uploads\/2025\/05\/PXL_20250513_105753371.jpg 2040w, https:\/\/standort-niederrhein.de\/wp-content\/uploads\/2025\/05\/PXL_20250513_105753371-1280x964.jpg 1280w, https:\/\/standort-niederrhein.de\/wp-content\/uploads\/2025\/05\/PXL_20250513_105753371-980x738.jpg 980w, https:\/\/standort-niederrhein.de\/wp-content\/uploads\/2025\/05\/PXL_20250513_105753371-480x361.jpg 480w\" sizes=\"(min-width: 0px) and (max-width: 480px) 480px, (min-width: 481px) and (max-width: 980px) 980px, (min-width: 981px) and (max-width: 1280px) 1280px, (min-width: 1281px) 2040px, 100vw\" \/><\/figure>\n\n\n<p>Von links: Dr. Frank Liemandt (Gesch\u00e4ftsf\u00fchrer Deutscher Hubschrauberverband e. V.), Thomas Hein (Vorsitzender Deutscher Hubschrauberverband e. V.), Dr. Klaus J\u00fcrgen Schwahn (Vorsitzender IDRF), Thomas Mayer (IDRF-Gesch\u00e4ftsf\u00fchrer), Dr. Ulrich Sch\u00fcckhaus, Andreas Ungar (beide Gesch\u00e4ftsf\u00fchrer des MGL), Felix Heinrichs (Oberb\u00fcrgermeister Stadt M\u00f6nchengladbach) | Foto: MGL<\/p>\n","protected":false},"excerpt":{"rendered":"<p>M\u00f6nchengladbach. Mit der Ausrichtung der diesj\u00e4hrigen IDRF-Mitgliedertagung war der Flughafen M\u00f6nchengladbach (MGL) erneut Gastgeber einer bedeutenden Fachveranstaltung der Luftverkehrsbranche. Mitte Mai fand die Mitgliedertagung der Interessengemeinschaft der regionalen Flugpl\u00e4tze (IDRF) im Hugo Junkers Hangar statt. Erstmals fand die Veranstaltung gemeinsam mit dem Deutschen Hubschrauber Verband (DHV) statt, der parallel tagte. Im Mittelpunkt der zweit\u00e4gigen Veranstaltung [&hellip;]<\/p>\n","protected":false},"author":3,"featured_media":6020,"comment_status":"closed","ping_status":"closed","sticky":false,"template":"","format":"standard","meta":{"_et_pb_use_builder":"","_et_pb_old_content":"","_et_gb_content_width":"","footnotes":""},"categories":[1],"tags":[],"class_list":["post-6019","post","type-post","status-publish","format-standard","has-post-thumbnail","hentry","category-allgemein"],"_links":{"self":[{"href":"https:\/\/standort-niederrhein.de\/en\/wp-json\/wp\/v2\/posts\/6019","targetHints":{"allow":["GET"]}}],"collection":[{"href":"https:\/\/standort-niederrhein.de\/en\/wp-json\/wp\/v2\/posts"}],"about":[{"href":"https:\/\/standort-niederrhein.de\/en\/wp-json\/wp\/v2\/types\/post"}],"author":[{"embeddable":true,"href":"https:\/\/standort-niederrhein.de\/en\/wp-json\/wp\/v2\/users\/3"}],"replies":[{"embeddable":true,"href":"https:\/\/standort-niederrhein.de\/en\/wp-json\/wp\/v2\/comments?post=6019"}],"version-history":[{"count":1,"href":"https:\/\/standort-niederrhein.de\/en\/wp-json\/wp\/v2\/posts\/6019\/revisions"}],"predecessor-version":[{"id":6021,"href":"https:\/\/standort-niederrhein.de\/en\/wp-json\/wp\/v2\/posts\/6019\/revisions\/6021"}],"wp:featuredmedia":[{"embeddable":true,"href":"https:\/\/standort-niederrhein.de\/en\/wp-json\/wp\/v2\/media\/6020"}],"wp:attachment":[{"href":"https:\/\/standort-niederrhein.de\/en\/wp-json\/wp\/v2\/media?parent=6019"}],"wp:term":[{"taxonomy":"category","embeddable":true,"href":"https:\/\/standort-niederrhein.de\/en\/wp-json\/wp\/v2\/categories?post=6019"},{"taxonomy":"post_tag","embeddable":true,"href":"https:\/\/standort-niederrhein.de\/en\/wp-json\/wp\/v2\/tags?post=6019"}],"curies":[{"name":"wp","href":"https:\/\/api.w.org\/{rel}","templated":true}]}}