{"id":6016,"date":"2025-05-19T07:00:00","date_gmt":"2025-05-19T05:00:00","guid":{"rendered":"https:\/\/invest-in-niederrhein.de\/?p=6016"},"modified":"2025-05-19T12:52:38","modified_gmt":"2025-05-19T10:52:38","slug":"wichtiger-beitrag-fuer-die-inklusion-im-kreis-vize-landraetin-reinhold-bei-der-firma-elco","status":"publish","type":"post","link":"https:\/\/standort-niederrhein.de\/en\/2025\/05\/19\/wichtiger-beitrag-fuer-die-inklusion-im-kreis-vize-landraetin-reinhold-bei-der-firma-elco\/","title":{"rendered":"Wichtiger Beitrag f\u00fcr die Inklusion im Kreis: Vize-Landr\u00e4tin Reinhold bei der Firma elco"},"content":{"rendered":"\n<p><strong>Rhein-Kreis Neuss.<\/strong> Die elco GmbH ist ein bedeutender Teil des sozialen Netzes im Rhein-Kreis Neuss. Zu diesem Schluss kam die stellvertretende Landr\u00e4tin Katharina Reinhold bei einem Besuch des Unternehmens, das fr\u00fcher unter GWN Gemeinn\u00fctzige Werkst\u00e4tten Neuss GmbH firmierte. \u201eIch bin beeindruckt von der wichtigen Arbeit, die der Betrieb seit vielen Jahren bei der Integration von Menschen mit Beeintr\u00e4chtigungen in den Arbeitsmarkt leistet\u201c, so Reinhold nach dem Rundgang. Die F\u00f6rderung der Inklusion, der Akzeptanz und der gleichberechtigten Teilhabe von Menschen mit Beeintr\u00e4chtigungen in der Gesellschaft werde dort bespielhaft gelebt.<\/p>\n\n\n\n<p>Die stellvertretende Landr\u00e4tin, die Vorsitzende des Sozialausschusses des Kreistags ist, besuchte die Verpackungsst\u00e4tte von elco an der Hammer Br\u00fccke in Neuss gemeinsam mit Dominik Hintzen und Melanie Witschel von der Kreiswirtschaftsf\u00f6rderung. Empfangen wurden die G\u00e4ste von Guido Severin, dem Sprecher der Gesch\u00e4ftsf\u00fchrung, und seiner Stellvertreterin Cornelia Broch.<\/p>\n\n\n\n<p>Mit dabei war auch das vom Rhein-Kreis Neuss unterst\u00fctzte Start-up Cravies der Gr\u00fcnder Siddik Turhalli und Adrian Majchrowski. Bei Cravies stehen innovative und gesunde Snacks im Mittelpunkt, und das Jung-Unternehmen l\u00e4sst die Produkte bei elco verpacken, lagern und versenden. \u201eWenn ein Start-up die Bedeutung der Inklusion versteht und seine Auftr\u00e4ge in die H\u00e4nde von elco legt, dann ist das ein wichtiges Signal in Wirtschaft und Gesellschaft\u201c, so Reinhold. Es m\u00fcsse \u201eein Prestigegewinn und kein Makel\u201c sein, wenn Betriebe ihre Produkte in Werkst\u00e4tten f\u00fcr Menschen mit Beeintr\u00e4chtigungen herstellen oder verarbeiten lie\u00dfen.<\/p>\n\n\n\n<p>Die Firma elco schafft Arbeitspl\u00e4tze, die den aktuellen technischen und arbeitswissenschaftlichen Erkenntnissen, den Anforderungen der Menschen mit Beeintr\u00e4chtigungen und den Vereinbarungen mit den Auftraggebern entsprechen sowie den Arbeits- und Gesundheitsschutz aller Besch\u00e4ftigten ber\u00fccksichtigen. Das 1972 als GWN gegr\u00fcndete Unternehmen verf\u00fcgt \u00fcber acht Betriebsst\u00e4tten und Bereiche, hat rund 200 Angestellte und gibt 880 Mitarbeiterinnen und Mitarbeitern mit Beeintr\u00e4chtigungen Arbeit und Perspektive.<\/p>\n\n\n\n<p>Quelle: <a href=\"http:\/\/www.rhein-kreis-neuss.de\">Rhein-Kreis Neuss<\/a><\/p>\n\n\n<figure class=\"wp-block-post-featured-image\"><img loading=\"lazy\" decoding=\"async\" width=\"1500\" height=\"998\" src=\"https:\/\/standort-niederrhein.de\/wp-content\/uploads\/2025\/05\/6.5.25-ELCO-Cravies-Neuss_carlherrlich-10.jpg\" class=\"attachment-post-thumbnail size-post-thumbnail wp-post-image\" alt=\"\" style=\"object-fit:cover;\" srcset=\"https:\/\/standort-niederrhein.de\/wp-content\/uploads\/2025\/05\/6.5.25-ELCO-Cravies-Neuss_carlherrlich-10.jpg 1500w, https:\/\/standort-niederrhein.de\/wp-content\/uploads\/2025\/05\/6.5.25-ELCO-Cravies-Neuss_carlherrlich-10-1280x852.jpg 1280w, https:\/\/standort-niederrhein.de\/wp-content\/uploads\/2025\/05\/6.5.25-ELCO-Cravies-Neuss_carlherrlich-10-980x652.jpg 980w, https:\/\/standort-niederrhein.de\/wp-content\/uploads\/2025\/05\/6.5.25-ELCO-Cravies-Neuss_carlherrlich-10-480x319.jpg 480w\" sizes=\"(min-width: 0px) and (max-width: 480px) 480px, (min-width: 481px) and (max-width: 980px) 980px, (min-width: 981px) and (max-width: 1280px) 1280px, (min-width: 1281px) 1500px, 100vw\" \/><\/figure>\n\n\n<p>Katharina Reinhold, stellvertretende Landr\u00e4tin und Vorsitzende des Sozialausschusses, und das Start-up Cravies besuchten die elco GmbH an der Hammer Br\u00fccke in Neuss. | Foto: C. Herrlich\/ Rhein-Kreis Neuss<\/p>\n","protected":false},"excerpt":{"rendered":"<p>Rhein-Kreis Neuss. Die elco GmbH ist ein bedeutender Teil des sozialen Netzes im Rhein-Kreis Neuss. Zu diesem Schluss kam die stellvertretende Landr\u00e4tin Katharina Reinhold bei einem Besuch des Unternehmens, das fr\u00fcher unter GWN Gemeinn\u00fctzige Werkst\u00e4tten Neuss GmbH firmierte. \u201eIch bin beeindruckt von der wichtigen Arbeit, die der Betrieb seit vielen Jahren bei der Integration von [&hellip;]<\/p>\n","protected":false},"author":3,"featured_media":6017,"comment_status":"closed","ping_status":"closed","sticky":false,"template":"","format":"standard","meta":{"_et_pb_use_builder":"","_et_pb_old_content":"","_et_gb_content_width":"","footnotes":""},"categories":[1],"tags":[],"class_list":["post-6016","post","type-post","status-publish","format-standard","has-post-thumbnail","hentry","category-allgemein"],"_links":{"self":[{"href":"https:\/\/standort-niederrhein.de\/en\/wp-json\/wp\/v2\/posts\/6016","targetHints":{"allow":["GET"]}}],"collection":[{"href":"https:\/\/standort-niederrhein.de\/en\/wp-json\/wp\/v2\/posts"}],"about":[{"href":"https:\/\/standort-niederrhein.de\/en\/wp-json\/wp\/v2\/types\/post"}],"author":[{"embeddable":true,"href":"https:\/\/standort-niederrhein.de\/en\/wp-json\/wp\/v2\/users\/3"}],"replies":[{"embeddable":true,"href":"https:\/\/standort-niederrhein.de\/en\/wp-json\/wp\/v2\/comments?post=6016"}],"version-history":[{"count":1,"href":"https:\/\/standort-niederrhein.de\/en\/wp-json\/wp\/v2\/posts\/6016\/revisions"}],"predecessor-version":[{"id":6018,"href":"https:\/\/standort-niederrhein.de\/en\/wp-json\/wp\/v2\/posts\/6016\/revisions\/6018"}],"wp:featuredmedia":[{"embeddable":true,"href":"https:\/\/standort-niederrhein.de\/en\/wp-json\/wp\/v2\/media\/6017"}],"wp:attachment":[{"href":"https:\/\/standort-niederrhein.de\/en\/wp-json\/wp\/v2\/media?parent=6016"}],"wp:term":[{"taxonomy":"category","embeddable":true,"href":"https:\/\/standort-niederrhein.de\/en\/wp-json\/wp\/v2\/categories?post=6016"},{"taxonomy":"post_tag","embeddable":true,"href":"https:\/\/standort-niederrhein.de\/en\/wp-json\/wp\/v2\/tags?post=6016"}],"curies":[{"name":"wp","href":"https:\/\/api.w.org\/{rel}","templated":true}]}}