{"id":6013,"date":"2025-05-19T06:00:00","date_gmt":"2025-05-19T04:00:00","guid":{"rendered":"https:\/\/invest-in-niederrhein.de\/?p=6013"},"modified":"2025-05-19T12:39:26","modified_gmt":"2025-05-19T10:39:26","slug":"das-zentrum-fuer-haendehygiene-liegt-in-issum","status":"publish","type":"post","link":"https:\/\/standort-niederrhein.de\/en\/2025\/05\/19\/das-zentrum-fuer-haendehygiene-liegt-in-issum\/","title":{"rendered":"Das Zentrum f\u00fcr H\u00e4ndehygiene liegt in Issum"},"content":{"rendered":"\n<p><strong>Kreis Kleve\/ Issum. <\/strong>Die Infektionskette durchbrechen \u2013 das ist das erkl\u00e4rte Ziel der Firma OPHARDT Hygiene aus Issum. Mit seinen Hygienespendern beliefert das Unternehmen Krankenh\u00e4user, Hotels und Institutionen in Deutschland und vielen L\u00e4ndern weltweit. Nun erhielt die OPHARDT Hygiene-Technik GmbH Besuch von der Wirtschaftsf\u00f6rderung Kreis Kleve und Clemens Br\u00fcx, B\u00fcrgermeister der Gemeinde Issum, begleitet wurden sie von Kevin Hebink von der Agentur f\u00fcr Arbeit Wesel.<\/p>\n\n\n\n<p>Die Geschichte des Unternehmens begann 1962 im Altbierdorf Issum: Hermann Ophardt entwickelte in einer Garage den ersten ingo-man<sup>\u00ae<\/sup>-Hygienespender, um Pflegekr\u00e4fte und \u00c4rzte zuverl\u00e4ssig bei der hygienischen H\u00e4ndedesinfektion zu unterst\u00fctzen. Heute gilt dieser Spender nach Firmenangaben als die Nummer Eins in deutschen Krankenh\u00e4usern \u2013 und ist weltweit bekannt.<\/p>\n\n\n\n<p>Am Standort Issum sind aktuell mehr als 130 Mitarbeitende besch\u00e4ftigt, sie verf\u00fcgen \u00fcber ein umfangreiches Wissen in der Verarbeitung von Edelstahl und in der Pulverlackierung. &nbsp;Weitere Standorte befinden sich in Irland, Kanada, Belgien, Armenien, in der Schweiz und auf den Philippinen. In Issum befindet sich auch der so genannte Compliance Campus \u2013 das Zentrum f\u00fcr H\u00e4ndehygiene. Dort sind nachgebaute Behandlungs- und Patientenr\u00e4ume zu besichtigen, in denen sich Besucherinnen und Besucher \u00fcber die innovativen Hygiene- und Desinfektionsprodukte von OPHARDT informieren und deren Anwendung erleben k\u00f6nnen.<\/p>\n\n\n\n<p>In der Issumer Firmenzentrale wurden die G\u00e4ste bei ihrem Besuch von Ken Friesen (CEO der OPHARDT-Gruppe) und Samuel Houcken (Web &amp; C-Commerce Project Manager bei OPHARDT) begr\u00fc\u00dft. Brigitte Jansen, Gesch\u00e4ftsf\u00fchrerin der Wirtschaftsf\u00f6rderung, zeigte sich beeindruckt von der Innovationskraft des Unternehmens. Mit mehr als 500 Patenten setzt OPHARDT branchenweit Ma\u00dfst\u00e4be auf dem Gebiet der Spendersysteme. \u201eMit Ihrem Know-how sorgen sie f\u00fcr Gesundheit weltweit und tragen wesentlich dazu bei, die Infektionskette zu durchbrechen\u201c, sagte Jansen. B\u00fcrgermeister Br\u00fcx war besonders begeistert von smarten Produktl\u00f6sungen wie einem H\u00e4ndedesinfektionsspender, der durch eine Brennstoffzelle betrieben wird. Im Anschluss an den Begr\u00fc\u00dfungsempfang wurden die G\u00e4ste von dem ehemaligen Betriebsleiter Jakob Koch \u00fcber das 30.000 Quadratmeter gro\u00dfe Firmengel\u00e4nde gef\u00fchrt und erhielten vielf\u00e4ltige Einblicke in die Produktion.<\/p>\n\n\n\n<p>Das Fazit von Kreis-Wirtschaftsf\u00f6rderin Brigitte Jansen zu ihrem Unternehmensbesuch lautete: \u201eHier in Issum gehen Ingenieursarbeit und Produktionsexpertise Hand in Hand. Mit Hightech arbeitet OPHARDT daran, dass Infektionskrankheiten, die durch die H\u00e4nde \u00fcbertragen werden, keine Chance mehr haben.\u201c<\/p>\n\n\n\n<p>Quelle: <a href=\"http:\/\/www.wfg-kreis-kleve.de\">WFG Kreis Kleve<\/a><\/p>\n\n\n<figure class=\"wp-block-post-featured-image\"><img loading=\"lazy\" decoding=\"async\" width=\"2560\" height=\"1920\" src=\"https:\/\/standort-niederrhein.de\/wp-content\/uploads\/2025\/05\/IMG_1811-scaled.jpg\" class=\"attachment-post-thumbnail size-post-thumbnail wp-post-image\" alt=\"\" style=\"object-fit:cover;\" srcset=\"https:\/\/standort-niederrhein.de\/wp-content\/uploads\/2025\/05\/IMG_1811-scaled.jpg 2560w, https:\/\/standort-niederrhein.de\/wp-content\/uploads\/2025\/05\/IMG_1811-1280x960.jpg 1280w, https:\/\/standort-niederrhein.de\/wp-content\/uploads\/2025\/05\/IMG_1811-980x735.jpg 980w, https:\/\/standort-niederrhein.de\/wp-content\/uploads\/2025\/05\/IMG_1811-480x360.jpg 480w\" sizes=\"(min-width: 0px) and (max-width: 480px) 480px, (min-width: 481px) and (max-width: 980px) 980px, (min-width: 981px) and (max-width: 1280px) 1280px, (min-width: 1281px) 2560px, 100vw\" \/><\/figure>\n\n\n<p>Beim Unternehmensbesuch in der Firma OPHARDT Hygiene (von links): Kevin Hebink (Teamleiter Agentur f\u00fcr Arbeit Wesel), Sabine Gilsing (HR-Specialist OPHARDT Hygiene), Ken Friesen (CEO of OPHARDT Group), Samuel Houcken (Web &amp; C-Commerce Project Manager), Marc Cattelaens (WFG Kreis Kleve), Brigitte Jansen (Gesch\u00e4ftsf\u00fchrerin WFG Kreis Kleve), Clemens Br\u00fcx (B\u00fcrgermeister Gemeine Issum) und Jakob Koch (OPHARDT Hygiene). | WFG Kreis Kleve<\/p>\n","protected":false},"excerpt":{"rendered":"<p>Kreis Kleve\/ Issum. Die Infektionskette durchbrechen \u2013 das ist das erkl\u00e4rte Ziel der Firma OPHARDT Hygiene aus Issum. Mit seinen Hygienespendern beliefert das Unternehmen Krankenh\u00e4user, Hotels und Institutionen in Deutschland und vielen L\u00e4ndern weltweit. Nun erhielt die OPHARDT Hygiene-Technik GmbH Besuch von der Wirtschaftsf\u00f6rderung Kreis Kleve und Clemens Br\u00fcx, B\u00fcrgermeister der Gemeinde Issum, begleitet wurden [&hellip;]<\/p>\n","protected":false},"author":3,"featured_media":6014,"comment_status":"closed","ping_status":"closed","sticky":false,"template":"","format":"standard","meta":{"_et_pb_use_builder":"","_et_pb_old_content":"","_et_gb_content_width":"","footnotes":""},"categories":[1],"tags":[],"class_list":["post-6013","post","type-post","status-publish","format-standard","has-post-thumbnail","hentry","category-allgemein"],"_links":{"self":[{"href":"https:\/\/standort-niederrhein.de\/en\/wp-json\/wp\/v2\/posts\/6013","targetHints":{"allow":["GET"]}}],"collection":[{"href":"https:\/\/standort-niederrhein.de\/en\/wp-json\/wp\/v2\/posts"}],"about":[{"href":"https:\/\/standort-niederrhein.de\/en\/wp-json\/wp\/v2\/types\/post"}],"author":[{"embeddable":true,"href":"https:\/\/standort-niederrhein.de\/en\/wp-json\/wp\/v2\/users\/3"}],"replies":[{"embeddable":true,"href":"https:\/\/standort-niederrhein.de\/en\/wp-json\/wp\/v2\/comments?post=6013"}],"version-history":[{"count":1,"href":"https:\/\/standort-niederrhein.de\/en\/wp-json\/wp\/v2\/posts\/6013\/revisions"}],"predecessor-version":[{"id":6015,"href":"https:\/\/standort-niederrhein.de\/en\/wp-json\/wp\/v2\/posts\/6013\/revisions\/6015"}],"wp:featuredmedia":[{"embeddable":true,"href":"https:\/\/standort-niederrhein.de\/en\/wp-json\/wp\/v2\/media\/6014"}],"wp:attachment":[{"href":"https:\/\/standort-niederrhein.de\/en\/wp-json\/wp\/v2\/media?parent=6013"}],"wp:term":[{"taxonomy":"category","embeddable":true,"href":"https:\/\/standort-niederrhein.de\/en\/wp-json\/wp\/v2\/categories?post=6013"},{"taxonomy":"post_tag","embeddable":true,"href":"https:\/\/standort-niederrhein.de\/en\/wp-json\/wp\/v2\/tags?post=6013"}],"curies":[{"name":"wp","href":"https:\/\/api.w.org\/{rel}","templated":true}]}}