{"id":6008,"date":"2025-05-18T06:00:00","date_gmt":"2025-05-18T04:00:00","guid":{"rendered":"https:\/\/invest-in-niederrhein.de\/?p=6008"},"modified":"2025-05-23T14:28:19","modified_gmt":"2025-05-23T12:28:19","slug":"sektorenkopplung-in-der-praxis-erfolgreiche-veranstaltung-im-forum-des-kreises-viersen","status":"publish","type":"post","link":"https:\/\/standort-niederrhein.de\/en\/2025\/05\/18\/sektorenkopplung-in-der-praxis-erfolgreiche-veranstaltung-im-forum-des-kreises-viersen\/","title":{"rendered":"\u201eSektorenkopplung in der Praxis\u201c: Erfolgreiche Veranstaltung im Forum des Kreises Viersen"},"content":{"rendered":"\n<p><strong>Kreis Viersen.<\/strong> Der Kreis Viersen hat gemeinsam mit der Industrie- und Handelskammer (IHK) Mittlerer Niederrhein und der Landesagentur NRW.Energy4Climate zur Veranstaltung &#8220;Sektorenkopplung in der Praxis&#8221; ins Forum Kreis Viersen eingeladen. Rund 15 Unternehmerinnen und Unternehmer haben die Gelegenheit genutzt, sich \u00fcber praxisnahe L\u00f6sungen zur Integration erneuerbarer Energien in Unternehmen zu informieren.<\/p>\n\n\n\n<p>&#8220;Die Sektorenkopplung, also die Betrachtung und Verkn\u00fcpfung der unterschiedlichen Energiebereiche W\u00e4rme, Strom, Mobilit\u00e4t und ihre Umstellung auf regenerative Energiequellen, ist ein wesentlicher Baustein von angewandtem Klimaschutz, gerade in Unternehmen&#8221;, so Brian D\u00fclks vom Klimaschutzmanagement des Kreises Viersen. &#8220;Umso mehr freut es uns, dass die Veranstaltung so guten Anklang gefunden hat.&#8221;<\/p>\n\n\n\n<p>Er\u00f6ffnet wurde die Veranstaltung durch einen Impulsvortrag von Energieberater Ewald Sch\u00e4fer, der die Grundlagen der betrieblichen Sektorenkopplung dargelegt hat. Im weiteren Verlauf hat Domenic Huch von NRW.Energy4Climate die Integration von Strom und Mobilit\u00e4t beleuchtet, w\u00e4hrend Professor Dr. Frank Alsmeyer von SWK E\u00b2 der Hochschule Niederrhein die M\u00f6glichkeiten zur Nutzung erneuerbarer Energien f\u00fcr Raum- und Prozessw\u00e4rme pr\u00e4sentiert hat. Daniel Dietze, ebenfalls von NRW.Energy4Climate, hat daraufhin \u00fcber Chancen zur Steigerung der Flexibilit\u00e4t durch Energiespeicher referiert. Den Abschluss hat Janpeter Beckmann vom Beratungscenter Wirtschaftsf\u00f6rderung (BCW) der NRW.BANK gebildet, der einen umfassenden \u00dcberblick zu passenden F\u00f6rderprogrammen gegeben hat.<\/p>\n\n\n\n<p>Die Veranstaltung hat den Teilnehmenden grundlegende Einblicke in konkrete Anwendungsbeispiele und aktuelle Entwicklungen im Bereich der Sektorenkopplung gegeben. Die anwesenden Unternehmen haben den direkten Kontakt zu den Experten genutzt und zahlreiche Fragen aus ihrem Unternehmensalltag eingebracht. Im Anschluss hatten die Teilnehmenden die M\u00f6glichkeit, sich im Forum des Kreises Viersen mit den Experten auszutauschen.<\/p>\n\n\n\n<p>Die Veranstaltung ist Bestandteil der Ma\u00dfnahme &#8220;Sektorenkopplung&#8221; des integrierten Klimaschutzkonzeptes des Kreises Viersen, der St\u00e4dte T\u00f6nisvorst und Viersen sowie der Gemeinden Br\u00fcggen, Grefrath, Niederkr\u00fcchten und Schwalmtal. Weitere Informationen gibt es <a href=\"http:\/\/www.kreis-viersen.de\/klimaschutz\">hier<\/a>.<\/p>\n\n\n\n<p>Quelle: <a href=\"http:\/\/www.kreis-viersen.de\">Kreis Viersen<\/a><\/p>\n\n\n<figure class=\"wp-block-post-featured-image\"><img loading=\"lazy\" decoding=\"async\" width=\"2362\" height=\"1575\" src=\"https:\/\/standort-niederrhein.de\/wp-content\/uploads\/2025\/05\/298653P.jpg\" class=\"attachment-post-thumbnail size-post-thumbnail wp-post-image\" alt=\"\" style=\"object-fit:cover;\" srcset=\"https:\/\/standort-niederrhein.de\/wp-content\/uploads\/2025\/05\/298653P.jpg 2362w, https:\/\/standort-niederrhein.de\/wp-content\/uploads\/2025\/05\/298653P-1280x854.jpg 1280w, https:\/\/standort-niederrhein.de\/wp-content\/uploads\/2025\/05\/298653P-980x653.jpg 980w, https:\/\/standort-niederrhein.de\/wp-content\/uploads\/2025\/05\/298653P-480x320.jpg 480w\" sizes=\"(min-width: 0px) and (max-width: 480px) 480px, (min-width: 481px) and (max-width: 980px) 980px, (min-width: 981px) and (max-width: 1280px) 1280px, (min-width: 1281px) 2362px, 100vw\" \/><\/figure>\n\n\n<p>Von links: Brian D\u00fclks (Kreis Viersen, Klimaschutzmanagement), Domenic Huch (NRW.Energy4Climate), Joris Allofs (NRW.Energy4Climate), Professor Dr. Frank Alsmeyer (Hochschule Niederrhein), Daniel Dietze (NRW.Energy4Climate), Janpeter Beckmann (NRW.BANK), Ewald Sch\u00e4fer (Energieberatung Ewald Sch\u00e4fer), Dominik Heyer (IHK Mittlerer Niederrhein) | Foto: Kreis Viersen<\/p>\n","protected":false},"excerpt":{"rendered":"<p>Kreis Viersen. Der Kreis Viersen hat gemeinsam mit der Industrie- und Handelskammer (IHK) Mittlerer Niederrhein und der Landesagentur NRW.Energy4Climate zur Veranstaltung &#8220;Sektorenkopplung in der Praxis&#8221; ins Forum Kreis Viersen eingeladen. Rund 15 Unternehmerinnen und Unternehmer haben die Gelegenheit genutzt, sich \u00fcber praxisnahe L\u00f6sungen zur Integration erneuerbarer Energien in Unternehmen zu informieren. &#8220;Die Sektorenkopplung, also die [&hellip;]<\/p>\n","protected":false},"author":3,"featured_media":6009,"comment_status":"closed","ping_status":"closed","sticky":false,"template":"","format":"standard","meta":{"_et_pb_use_builder":"","_et_pb_old_content":"","_et_gb_content_width":"","footnotes":""},"categories":[1],"tags":[],"class_list":["post-6008","post","type-post","status-publish","format-standard","has-post-thumbnail","hentry","category-allgemein"],"_links":{"self":[{"href":"https:\/\/standort-niederrhein.de\/en\/wp-json\/wp\/v2\/posts\/6008","targetHints":{"allow":["GET"]}}],"collection":[{"href":"https:\/\/standort-niederrhein.de\/en\/wp-json\/wp\/v2\/posts"}],"about":[{"href":"https:\/\/standort-niederrhein.de\/en\/wp-json\/wp\/v2\/types\/post"}],"author":[{"embeddable":true,"href":"https:\/\/standort-niederrhein.de\/en\/wp-json\/wp\/v2\/users\/3"}],"replies":[{"embeddable":true,"href":"https:\/\/standort-niederrhein.de\/en\/wp-json\/wp\/v2\/comments?post=6008"}],"version-history":[{"count":2,"href":"https:\/\/standort-niederrhein.de\/en\/wp-json\/wp\/v2\/posts\/6008\/revisions"}],"predecessor-version":[{"id":6072,"href":"https:\/\/standort-niederrhein.de\/en\/wp-json\/wp\/v2\/posts\/6008\/revisions\/6072"}],"wp:featuredmedia":[{"embeddable":true,"href":"https:\/\/standort-niederrhein.de\/en\/wp-json\/wp\/v2\/media\/6009"}],"wp:attachment":[{"href":"https:\/\/standort-niederrhein.de\/en\/wp-json\/wp\/v2\/media?parent=6008"}],"wp:term":[{"taxonomy":"category","embeddable":true,"href":"https:\/\/standort-niederrhein.de\/en\/wp-json\/wp\/v2\/categories?post=6008"},{"taxonomy":"post_tag","embeddable":true,"href":"https:\/\/standort-niederrhein.de\/en\/wp-json\/wp\/v2\/tags?post=6008"}],"curies":[{"name":"wp","href":"https:\/\/api.w.org\/{rel}","templated":true}]}}