{"id":6005,"date":"2025-05-16T07:00:00","date_gmt":"2025-05-16T05:00:00","guid":{"rendered":"https:\/\/invest-in-niederrhein.de\/?p=6005"},"modified":"2025-05-23T11:46:42","modified_gmt":"2025-05-23T09:46:42","slug":"tag-der-logistik-landrat-petrauschkeueberreicht-preise-an-die-gewinnspiel-sieger","status":"publish","type":"post","link":"https:\/\/standort-niederrhein.de\/en\/2025\/05\/16\/tag-der-logistik-landrat-petrauschkeueberreicht-preise-an-die-gewinnspiel-sieger\/","title":{"rendered":"Tag der Logistik: Landrat Petrauschke \u00fcberreicht Preise an die Gewinnspiel-Sieger"},"content":{"rendered":"\n<p><strong>Rhein-Kreis Neuss. <\/strong>Bei der Berufsmesse \u201eTag der Logistik\u201c nutzten viele Sch\u00fclerinnen und Sch\u00fcler die Chance, bei einem Gewinnspiel mitzumachen. Nun nahmen die Sieger ihre Preise aus den H\u00e4nden von Landrat Hans-J\u00fcrgen Petrauschke in Empfang, der die Schirmherrschaft \u00fcber die Veranstaltung \u00fcbernommen hatte. Den ersten Platz belegte Radivoj Drvoshanski vom Berufsbildungszentrum (BBZ), welches der Rhein-Kreis Neuss in Dormagen betreibt. Zweiter wurde Timo Bayer vom Fortbildungstr\u00e4ger Konzept Bildung &amp; Service GmbH aus Wuppertal, auf den dritten Rang kam Hunar Mohammad vom BBZ Dormagen.<\/p>\n\n\n\n<p>Petrauschke unterstrich bei der \u00dcbergabe die Bedeutung der Branche f\u00fcr den Rhein-Kreis Neuss als einer der f\u00fchrenden Logistik-Standorte in Europa: \u201eSie bietet ein breites Spektrum an Berufsbildern sowohl f\u00fcr Studien- als auch f\u00fcr Ausbildungsinteressierte \u2013 f\u00fcr jeden ist etwas dabei. Unser Ziel ist es, junge Menschen f\u00fcr die Bereiche Industrie, Handel und Logistik zu begeistern und sie in ihrer Berufsfindung zu unterst\u00fctzen.\u201c<\/p>\n\n\n\n<p>Das Organisationsteam unter Leitung von Thomas Klann hatte den zw\u00f6lften \u201eTag der Logistik\u201c im Gare du Neuss auf die Beine gestellt. Knapp 30 Aussteller informierten mit interaktiven Angeboten \u00fcber die Faszination der Logistik und die zahlreichen Karrierechancen dieser Branche. Bei der \u00dcbergabe der Gewinnspiel-Preise dabei waren neben Petrauschke und Klann auch die Schulklasse der Preistr\u00e4ger des BBZ sowie Schulleiter Olaf Creutzburg<\/p>\n\n\n\n<p>Beim \u201eTag der Logistik\u201c konnten sich Jugendliche ab der achten Klasse im Rahmen der Landesinitiative \u201eKein Abschluss ohne Anschluss\u201c (KAoA) \u00fcber berufliche Perspektiven informieren. Die Kommunale KAoA-Koordinierung unterst\u00fctzte das Organisationsteam und erm\u00f6glichte es, die Veranstaltung als Berufsfelderkundung anerkennen zu lassen. Bei einer Logistik-Rallye konnten die Teilnehmer ihr Wissen testen und sich mit Vertretern aus Unternehmen und Hochschulen austauschen. Unter allen Sch\u00fclerinnen und Sch\u00fclern, die dabei mindestens 15 Stationen absolvierten, wurden Mini-iPads verlost.<\/p>\n\n\n\n<p>Als Zukunftsbranche braucht die Logistik engagierten Nachwuchs \u2013 sei es als Fachkraft f\u00fcr Lagerwesen, Speditionskaufleute oder Logistik-Manager. Dar\u00fcber hinaus bieten sich M\u00f6glichkeiten, Auslanderfahrungen w\u00e4hrend Ausbildung oder Studium zu sammeln. Im Rhein-Kreis Neuss arbeiten mehr als sieben Prozent aller sozialversicherungspflichtig Besch\u00e4ftigten in der Logistikbranche. Der n\u00e4chste \u201eTag der Logistik\u201c findet am 16. April 2026 statt.<\/p>\n\n\n\n<p>Quelle: <a href=\"http:\/\/www.rhein-kreis-neuss.de\">Rhein-Kreis Neuss<\/a><\/p>\n\n\n<figure class=\"wp-block-post-featured-image\"><img loading=\"lazy\" decoding=\"async\" width=\"2560\" height=\"1703\" src=\"https:\/\/standort-niederrhein.de\/wp-content\/uploads\/2025\/05\/2025-05-09-Tag-der-Logistik-3-scaled.jpg\" class=\"attachment-post-thumbnail size-post-thumbnail wp-post-image\" alt=\"\" style=\"object-fit:cover;\" srcset=\"https:\/\/standort-niederrhein.de\/wp-content\/uploads\/2025\/05\/2025-05-09-Tag-der-Logistik-3-scaled.jpg 2560w, https:\/\/standort-niederrhein.de\/wp-content\/uploads\/2025\/05\/2025-05-09-Tag-der-Logistik-3-1280x852.jpg 1280w, https:\/\/standort-niederrhein.de\/wp-content\/uploads\/2025\/05\/2025-05-09-Tag-der-Logistik-3-980x652.jpg 980w, https:\/\/standort-niederrhein.de\/wp-content\/uploads\/2025\/05\/2025-05-09-Tag-der-Logistik-3-480x319.jpg 480w\" sizes=\"(min-width: 0px) and (max-width: 480px) 480px, (min-width: 481px) and (max-width: 980px) 980px, (min-width: 981px) and (max-width: 1280px) 1280px, (min-width: 1281px) 2560px, 100vw\" \/><\/figure>\n\n\n<p>Landrat Hans-J\u00fcrgen Petrauschke zeichnete im Berufsbildungszentrum des Kreises in Dormagen die Sieger des Gewinnspiels am \u201eTag der Logistik\u201c aus. | Foto: S. B\u00fcntig\/ Rhein-Kreis Neuss<\/p>\n","protected":false},"excerpt":{"rendered":"<p>Rhein-Kreis Neuss. Bei der Berufsmesse \u201eTag der Logistik\u201c nutzten viele Sch\u00fclerinnen und Sch\u00fcler die Chance, bei einem Gewinnspiel mitzumachen. Nun nahmen die Sieger ihre Preise aus den H\u00e4nden von Landrat Hans-J\u00fcrgen Petrauschke in Empfang, der die Schirmherrschaft \u00fcber die Veranstaltung \u00fcbernommen hatte. Den ersten Platz belegte Radivoj Drvoshanski vom Berufsbildungszentrum (BBZ), welches der Rhein-Kreis Neuss [&hellip;]<\/p>\n","protected":false},"author":3,"featured_media":6006,"comment_status":"closed","ping_status":"closed","sticky":false,"template":"","format":"standard","meta":{"_et_pb_use_builder":"","_et_pb_old_content":"","_et_gb_content_width":"","footnotes":""},"categories":[1],"tags":[],"class_list":["post-6005","post","type-post","status-publish","format-standard","has-post-thumbnail","hentry","category-allgemein"],"_links":{"self":[{"href":"https:\/\/standort-niederrhein.de\/en\/wp-json\/wp\/v2\/posts\/6005","targetHints":{"allow":["GET"]}}],"collection":[{"href":"https:\/\/standort-niederrhein.de\/en\/wp-json\/wp\/v2\/posts"}],"about":[{"href":"https:\/\/standort-niederrhein.de\/en\/wp-json\/wp\/v2\/types\/post"}],"author":[{"embeddable":true,"href":"https:\/\/standort-niederrhein.de\/en\/wp-json\/wp\/v2\/users\/3"}],"replies":[{"embeddable":true,"href":"https:\/\/standort-niederrhein.de\/en\/wp-json\/wp\/v2\/comments?post=6005"}],"version-history":[{"count":2,"href":"https:\/\/standort-niederrhein.de\/en\/wp-json\/wp\/v2\/posts\/6005\/revisions"}],"predecessor-version":[{"id":6069,"href":"https:\/\/standort-niederrhein.de\/en\/wp-json\/wp\/v2\/posts\/6005\/revisions\/6069"}],"wp:featuredmedia":[{"embeddable":true,"href":"https:\/\/standort-niederrhein.de\/en\/wp-json\/wp\/v2\/media\/6006"}],"wp:attachment":[{"href":"https:\/\/standort-niederrhein.de\/en\/wp-json\/wp\/v2\/media?parent=6005"}],"wp:term":[{"taxonomy":"category","embeddable":true,"href":"https:\/\/standort-niederrhein.de\/en\/wp-json\/wp\/v2\/categories?post=6005"},{"taxonomy":"post_tag","embeddable":true,"href":"https:\/\/standort-niederrhein.de\/en\/wp-json\/wp\/v2\/tags?post=6005"}],"curies":[{"name":"wp","href":"https:\/\/api.w.org\/{rel}","templated":true}]}}