{"id":6003,"date":"2025-05-17T07:00:00","date_gmt":"2025-05-17T05:00:00","guid":{"rendered":"https:\/\/invest-in-niederrhein.de\/?p=6003"},"modified":"2025-05-19T08:52:34","modified_gmt":"2025-05-19T06:52:34","slug":"dus-ist-ein-wichtiger-partner","status":"publish","type":"post","link":"https:\/\/standort-niederrhein.de\/en\/2025\/05\/17\/dus-ist-ein-wichtiger-partner\/","title":{"rendered":"\u201eDUS ist ein wichtiger Partner\u201c"},"content":{"rendered":"\n<p>Willich. <em>\u201eOffen und konstruktiv<\/em>\u201c, so B\u00fcrgermeister Christian Pakusch, ist jetzt ein Treffen mit Lars Redeligx, seit Ende 2022 Vorsitzender der Gesch\u00e4ftsf\u00fchrung des Flughafens D\u00fcsseldorf, im Schloss Neersen gelaufen: Man tauschte sich unter anderem \u00fcber aktuelle Entwicklungen am Airport \u201e<em>DUS\u201c<\/em>&nbsp;aus. Demnach registrierte man, so Redeligx, am Flughafen in der Landeshauptstadt 2024 wieder mehr als 20 Millionen Flugg\u00e4ste und verbuchte damit ein Plus von rund 4,8 Prozent im Vergleich zum Vorjahr. F\u00fcr 2025 erwartet man rund 21 Millionen Passagiere; mehr als 60 Fluggesellschaften verbinden DUS mit rund 165 Destinationen rund um den Globus.&nbsp;<\/p>\n\n\n\n<h4 class=\"wp-block-heading\">L\u00e4rmschutz ein Thema\u00a0<\/h4>\n\n\n\n<p>Im Gespr\u00e4ch mit dem Willicher B\u00fcrgermeister ging es dann unter anderem um die Zukunft der Mobilit\u00e4t, die wirtschaftliche Bedeutung des Flughafens f\u00fcr die Region \u2013 \u201e<em>und um gemeinsame Herausforderungen wie Nachhaltigkeit und Infrastruktur<\/em>\u201c, so Pakusch, der auch die Themen L\u00e4rmschutz, alternative Antriebstechnologien und die Zukunft klimafreundlicher Mobilit\u00e4t im Luftverkehr ansprach:\u00a0<em>\u201eDer Flughafen ist ein zentraler Motor f\u00fcr NRW \u2013 und auch f\u00fcr den Wirtschaftsstandort Willich ein wichtiger Partner. Nicht zuf\u00e4llig bewerben wir unsere Gewerbegebiete erfolgreich mit der kurzen, schnellen Anbindung an den Airport der Landeshauptstadt.\u201c<\/em><\/p>\n\n\n\n<p>Quelle: <a href=\"https:\/\/www.stadt-willich.de\/service\/aktuelle-meldungen\/dus-ist-ein-wichtiger-partner\">Stadt Willich<\/a><\/p>\n","protected":false},"excerpt":{"rendered":"<p>Willich. \u201eOffen und konstruktiv\u201c, so B\u00fcrgermeister Christian Pakusch, ist jetzt ein Treffen mit Lars Redeligx, seit Ende 2022 Vorsitzender der Gesch\u00e4ftsf\u00fchrung des Flughafens D\u00fcsseldorf, im Schloss Neersen gelaufen: Man tauschte sich unter anderem \u00fcber aktuelle Entwicklungen am Airport \u201eDUS\u201c&nbsp;aus. Demnach registrierte man, so Redeligx, am Flughafen in der Landeshauptstadt 2024 wieder mehr als 20 Millionen [&hellip;]<\/p>\n","protected":false},"author":3,"featured_media":0,"comment_status":"closed","ping_status":"closed","sticky":false,"template":"","format":"standard","meta":{"_et_pb_use_builder":"","_et_pb_old_content":"","_et_gb_content_width":"","footnotes":""},"categories":[1],"tags":[],"class_list":["post-6003","post","type-post","status-publish","format-standard","hentry","category-allgemein"],"_links":{"self":[{"href":"https:\/\/standort-niederrhein.de\/en\/wp-json\/wp\/v2\/posts\/6003","targetHints":{"allow":["GET"]}}],"collection":[{"href":"https:\/\/standort-niederrhein.de\/en\/wp-json\/wp\/v2\/posts"}],"about":[{"href":"https:\/\/standort-niederrhein.de\/en\/wp-json\/wp\/v2\/types\/post"}],"author":[{"embeddable":true,"href":"https:\/\/standort-niederrhein.de\/en\/wp-json\/wp\/v2\/users\/3"}],"replies":[{"embeddable":true,"href":"https:\/\/standort-niederrhein.de\/en\/wp-json\/wp\/v2\/comments?post=6003"}],"version-history":[{"count":1,"href":"https:\/\/standort-niederrhein.de\/en\/wp-json\/wp\/v2\/posts\/6003\/revisions"}],"predecessor-version":[{"id":6004,"href":"https:\/\/standort-niederrhein.de\/en\/wp-json\/wp\/v2\/posts\/6003\/revisions\/6004"}],"wp:attachment":[{"href":"https:\/\/standort-niederrhein.de\/en\/wp-json\/wp\/v2\/media?parent=6003"}],"wp:term":[{"taxonomy":"category","embeddable":true,"href":"https:\/\/standort-niederrhein.de\/en\/wp-json\/wp\/v2\/categories?post=6003"},{"taxonomy":"post_tag","embeddable":true,"href":"https:\/\/standort-niederrhein.de\/en\/wp-json\/wp\/v2\/tags?post=6003"}],"curies":[{"name":"wp","href":"https:\/\/api.w.org\/{rel}","templated":true}]}}