{"id":5996,"date":"2025-05-16T06:00:00","date_gmt":"2025-05-16T04:00:00","guid":{"rendered":"https:\/\/invest-in-niederrhein.de\/?p=5996"},"modified":"2025-05-19T08:33:19","modified_gmt":"2025-05-19T06:33:19","slug":"startschuss-fuer-den-planungswettbewerb-der-landesgartenschau-2029","status":"publish","type":"post","link":"https:\/\/standort-niederrhein.de\/en\/2025\/05\/16\/startschuss-fuer-den-planungswettbewerb-der-landesgartenschau-2029\/","title":{"rendered":"Startschuss f\u00fcr den Planungswettbewerb der Landesgartenschau 2029"},"content":{"rendered":"\n<p><strong>Kleve.<\/strong> Das Bewerbungsverfahren f\u00fcr den landschaftsplanerischen Wettbewerb zur Landesgartenschau Kleve 2029 hat begonnen! Seit Anfang Mai ist der Bewerbungsaufruf zur Teilnahme an dem europaweiten Wettbewerb \u00f6ffentlich. Landschaftsarchitekten aus ganz Europa k\u00f6nnen ihre individuellen Entw\u00fcrfe, kreativen Ideen und L\u00f6sungsvorschl\u00e4ge f\u00fcr die Parkanlagen zur Landesgartenschau 2029 bis zum 14. August einreichen.<\/p>\n\n\n\n<p>\u201eMit der Auslobung des Wettbewerbs haben wir einen wichtigen Meilenstein erreicht. Im Fokus stehen die Planung und der Bau der Daueranlagen, also den Arealen der Landesgartenschau, die Kleve auch nach Veranstaltungsende bereichern. Damit startet eine sehr spannende Phase.\u201c betonte B\u00fcrgermeister Wolfgang Gebing.<\/p>\n\n\n\n<p>Das Wettbewerbsgebiet umfasst entlang der die Stadt durchflie\u00dfenden Wasserachse den westlichen Hangbereich am Kermisdahl mit dem Prinz-Moritz-Park. Auf dem \u00f6stlichen Ufer wird der siedlungsnahe \u00dcbergangsbereich in die Galleien als \u00f6ffentlicher Gr\u00fcnraum qualifiziert; nach S\u00fcden soll ein abgestufter \u00dcbergang zur freien Landschaft mit dem naturnahen Uferbereichen des Kermisdahl entwickelt werden. Es gilt, die vorhandenen gr\u00fcnen R\u00e4ume zu verbinden, zu erweitern und zu optimieren. Zudem soll das Wasser als zentrales Element erlebbar und sichtbar werden. Neben der Gestaltung der dauerhaften Parkanlagen sind weiterhin die Verortung und Vorbereitung von Ausstellungsbeitr\u00e4gen zu bearbeiten. Der Wettbewerb wird als offener, einstufiger freiraumplanerischer Ideen- und Realisierungswettbewerb ausgelobt.<\/p>\n\n\n\n<p>Klaus Keysers, Gesch\u00e4ftsf\u00fchrer der gGmbH: \u201eDie bisherigen Ideen und Konzepte werden nun im Rahmen des Wettbewerbs ausgearbeitet und konkretisiert. Wir freuen uns auf die Teilnahme zahlreicher Architekturb\u00fcros und deren vielf\u00e4ltige Gestaltungsideen f\u00fcr unsere Landesgartenschau.\u201c<\/p>\n\n\n\n<p>Die Wettbewerbsbeitr\u00e4ge werden am 11. September im Klever Kolpinghaus durch ein Preisgericht beurteilt. Diesem geh\u00f6ren als Fachpreisrichter sechs renommierte Landschaftsarchitektinnen und Landschaftsarchitekten an. Als Sachpreisrichter erg\u00e4nzen Wolfgang Gebing (B\u00fcrgermeister der Stadt Kleve), Heinrich Sperling (Laga Kleve 2029 gGmbH), Andrea Schwiete f\u00fcr die CDU-Fraktion, Petra Tekath f\u00fcr die SPD-Fraktion und Wiltrud Schn\u00fctgen f\u00fcr das B\u00fcndnis 90\/Die Gr\u00fcnen das Juryteam.<\/p>\n\n\n\n<p>Anschlie\u00dfend werden alle Einreichungen und damit auch der Gewinnerentwurf der interessierten \u00d6ffentlichkeit und der Presse vorgestellt und mindestens 10 Tage lang \u00f6ffentlich ausgestellt. Der Ort und Zeitpunkt der Er\u00f6ffnung der Ausstellung werden rechtzeitig bekannt gegeben.<\/p>\n\n\n\n<p><em>Hintergrund: Die Stadt Kleve ist im Jahr 2029 Pr\u00e4sentationsort f\u00fcr die zwanzigste nordrhein-westf\u00e4lische Landesgartenschau. Entlang des Kermisdahl, einem ehemaligen Seitenarm des Rheins, sollen auf zwei Teilfl\u00e4chen in einer Gr\u00f6\u00dfe von rund 23 Hektar \u00f6ffentliche Gr\u00fcnfl\u00e4chen, aber auch extensive landschaftliche Erholungsr\u00e4ume als Daueranlage entwickelt werden. Parallel dazu und im Nachgang zum Wettbewerb werden unter dem Motto \u201eStadt | Land | Wasser\u201c unter Mitwirkung weiterer Akteure (Hochschule, B\u00fcrgerschaft, Vereine, Verb\u00e4nde) R\u00e4ume und Orte f\u00fcr das Ereignis Gartenschau hergerichtet und bespielt.<\/em><\/p>\n\n\n\n<p>Quelle: <a href=\"https:\/\/www.kleve.de\/stadt-kleve\/rathaus-informieren\/aktuelles\/startschuss-fuer-den-planungswettbewerb-der\">Stadt Kleve<\/a><\/p>\n","protected":false},"excerpt":{"rendered":"<p>Kleve. Das Bewerbungsverfahren f\u00fcr den landschaftsplanerischen Wettbewerb zur Landesgartenschau Kleve 2029 hat begonnen! Seit Anfang Mai ist der Bewerbungsaufruf zur Teilnahme an dem europaweiten Wettbewerb \u00f6ffentlich. Landschaftsarchitekten aus ganz Europa k\u00f6nnen ihre individuellen Entw\u00fcrfe, kreativen Ideen und L\u00f6sungsvorschl\u00e4ge f\u00fcr die Parkanlagen zur Landesgartenschau 2029 bis zum 14. August einreichen. \u201eMit der Auslobung des Wettbewerbs haben [&hellip;]<\/p>\n","protected":false},"author":3,"featured_media":0,"comment_status":"closed","ping_status":"closed","sticky":false,"template":"","format":"standard","meta":{"_et_pb_use_builder":"","_et_pb_old_content":"","_et_gb_content_width":"","footnotes":""},"categories":[1],"tags":[],"class_list":["post-5996","post","type-post","status-publish","format-standard","hentry","category-allgemein"],"_links":{"self":[{"href":"https:\/\/standort-niederrhein.de\/en\/wp-json\/wp\/v2\/posts\/5996","targetHints":{"allow":["GET"]}}],"collection":[{"href":"https:\/\/standort-niederrhein.de\/en\/wp-json\/wp\/v2\/posts"}],"about":[{"href":"https:\/\/standort-niederrhein.de\/en\/wp-json\/wp\/v2\/types\/post"}],"author":[{"embeddable":true,"href":"https:\/\/standort-niederrhein.de\/en\/wp-json\/wp\/v2\/users\/3"}],"replies":[{"embeddable":true,"href":"https:\/\/standort-niederrhein.de\/en\/wp-json\/wp\/v2\/comments?post=5996"}],"version-history":[{"count":1,"href":"https:\/\/standort-niederrhein.de\/en\/wp-json\/wp\/v2\/posts\/5996\/revisions"}],"predecessor-version":[{"id":5997,"href":"https:\/\/standort-niederrhein.de\/en\/wp-json\/wp\/v2\/posts\/5996\/revisions\/5997"}],"wp:attachment":[{"href":"https:\/\/standort-niederrhein.de\/en\/wp-json\/wp\/v2\/media?parent=5996"}],"wp:term":[{"taxonomy":"category","embeddable":true,"href":"https:\/\/standort-niederrhein.de\/en\/wp-json\/wp\/v2\/categories?post=5996"},{"taxonomy":"post_tag","embeddable":true,"href":"https:\/\/standort-niederrhein.de\/en\/wp-json\/wp\/v2\/tags?post=5996"}],"curies":[{"name":"wp","href":"https:\/\/api.w.org\/{rel}","templated":true}]}}