{"id":5994,"date":"2025-05-14T07:00:00","date_gmt":"2025-05-14T05:00:00","guid":{"rendered":"https:\/\/invest-in-niederrhein.de\/?p=5994"},"modified":"2025-05-19T08:30:01","modified_gmt":"2025-05-19T06:30:01","slug":"baubeginn-im-neuen-gewerbegebiet-wesselsbruch","status":"publish","type":"post","link":"https:\/\/standort-niederrhein.de\/en\/2025\/05\/14\/baubeginn-im-neuen-gewerbegebiet-wesselsbruch\/","title":{"rendered":"Baubeginn im neuen Gewerbegebiet \u201eWesselsbruch\u201c"},"content":{"rendered":"\n<p><strong>Kalkar.<\/strong> Ende April starteten die Erschlie\u00dfungsarbeiten f\u00fcr das neue Gewerbegebiet \u201eWesselsbruch\u201c in Kalkar. Gemeinsam machten sich Vertreterinnen und Vertreter der Stadt, der ausf\u00fchrenden Unternehmen und der Wirtschaftsf\u00f6rderung am 8. Mai 2025 vor Ort ein Bild vom Baufortschritt.<\/p>\n\n\n\n<p>B\u00fcrgermeisterin Dr. Britta Schulz begr\u00fc\u00dfte gemeinsam mit Harald M\u00fcnzner, Pressesprecher der Stadt Kalkar, die Teilnehmenden \u2013 darunter Dr. Bruno Ketteler und Andre Br\u00fcggemann von der st\u00e4dtischen Entwicklungsgesellschaft (SEG), Christoph Dames (stellvertretender Fachbereichsleiter), Kevin Kleintjes-Theunissen (Tiefbau, Stadt Kalkar), Johannes Fehlemann (V\u00f6lkers Bau GmbH) und Ingo Jansen (Kottowski Ingenieurgesellschaft mbH).<\/p>\n\n\n\n<p>Die Erschlie\u00dfung des etwa 6,5 Hektar gro\u00dfen Areals umfasst unter anderem den Bau einer rund 150 Meter langen Baustra\u00dfe in Asphaltbauweise mit Wendeschleife, die Anlage der Schmutzwasserkanalisation, die Installation der Stra\u00dfenbeleuchtung sowie die Umsetzung von Versickerungsmulden zur Regenwasserbewirtschaftung. Die technische Planung und Bau\u00fcberwachung \u00fcbernimmt die Kottowski Ingenieurgesellschaft mbH aus Kalkar, w\u00e4hrend die Tiefbauarbeiten durch die ebenfalls in Kalkar ans\u00e4ssige V\u00f6lkers Bau GmbH ausgef\u00fchrt werden. Die Bauzeit ist auf etwa acht Monate angesetzt.<\/p>\n\n\n\n<p>Mit dem Gewerbegebiet \u201eWesselsbruch\u201c entsteht ein attraktiver Wirtschaftsstandort mit hervorragender Verkehrsanbindung. Die Vermarktung der neu entstehenden Gewerbefl\u00e4chen \u00fcbernimmt die SEG; der Verkaufspreis wird in der kommenden Aufsichtsratssitzung festgelegt.<\/p>\n\n\n\n<p>Quelle: <a href=\"https:\/\/www.kalkar.de\/aktuelles\/baubeginn-im-neuen-gewerbegebiet-wesselsbruch\">Stadt Kalkar<\/a><\/p>\n","protected":false},"excerpt":{"rendered":"<p>Kalkar. Ende April starteten die Erschlie\u00dfungsarbeiten f\u00fcr das neue Gewerbegebiet \u201eWesselsbruch\u201c in Kalkar. Gemeinsam machten sich Vertreterinnen und Vertreter der Stadt, der ausf\u00fchrenden Unternehmen und der Wirtschaftsf\u00f6rderung am 8. Mai 2025 vor Ort ein Bild vom Baufortschritt. B\u00fcrgermeisterin Dr. Britta Schulz begr\u00fc\u00dfte gemeinsam mit Harald M\u00fcnzner, Pressesprecher der Stadt Kalkar, die Teilnehmenden \u2013 darunter Dr. [&hellip;]<\/p>\n","protected":false},"author":3,"featured_media":0,"comment_status":"closed","ping_status":"closed","sticky":false,"template":"","format":"standard","meta":{"_et_pb_use_builder":"","_et_pb_old_content":"","_et_gb_content_width":"","footnotes":""},"categories":[1],"tags":[],"class_list":["post-5994","post","type-post","status-publish","format-standard","hentry","category-allgemein"],"_links":{"self":[{"href":"https:\/\/standort-niederrhein.de\/en\/wp-json\/wp\/v2\/posts\/5994","targetHints":{"allow":["GET"]}}],"collection":[{"href":"https:\/\/standort-niederrhein.de\/en\/wp-json\/wp\/v2\/posts"}],"about":[{"href":"https:\/\/standort-niederrhein.de\/en\/wp-json\/wp\/v2\/types\/post"}],"author":[{"embeddable":true,"href":"https:\/\/standort-niederrhein.de\/en\/wp-json\/wp\/v2\/users\/3"}],"replies":[{"embeddable":true,"href":"https:\/\/standort-niederrhein.de\/en\/wp-json\/wp\/v2\/comments?post=5994"}],"version-history":[{"count":1,"href":"https:\/\/standort-niederrhein.de\/en\/wp-json\/wp\/v2\/posts\/5994\/revisions"}],"predecessor-version":[{"id":5995,"href":"https:\/\/standort-niederrhein.de\/en\/wp-json\/wp\/v2\/posts\/5994\/revisions\/5995"}],"wp:attachment":[{"href":"https:\/\/standort-niederrhein.de\/en\/wp-json\/wp\/v2\/media?parent=5994"}],"wp:term":[{"taxonomy":"category","embeddable":true,"href":"https:\/\/standort-niederrhein.de\/en\/wp-json\/wp\/v2\/categories?post=5994"},{"taxonomy":"post_tag","embeddable":true,"href":"https:\/\/standort-niederrhein.de\/en\/wp-json\/wp\/v2\/tags?post=5994"}],"curies":[{"name":"wp","href":"https:\/\/api.w.org\/{rel}","templated":true}]}}