{"id":5992,"date":"2025-05-14T08:00:00","date_gmt":"2025-05-14T06:00:00","guid":{"rendered":"https:\/\/invest-in-niederrhein.de\/?p=5992"},"modified":"2025-05-19T08:30:31","modified_gmt":"2025-05-19T06:30:31","slug":"wirtschaftsfoerderung-lud-zum-unternehmerfruehstueck-ein","status":"publish","type":"post","link":"https:\/\/standort-niederrhein.de\/en\/2025\/05\/14\/wirtschaftsfoerderung-lud-zum-unternehmerfruehstueck-ein\/","title":{"rendered":"Wirtschaftsf\u00f6rderung lud zum Unternehmerfr\u00fchst\u00fcck ein"},"content":{"rendered":"\n<p><strong>Moers.<\/strong> Rund 80 Unternehmerinnen und Unternehmer sowie G\u00e4ste wirtschaftsrelevanter Institutionen trafen sich am Donnerstag, 8. Mai 2025, im ENNI Sportpark. B\u00fcrgermeister Christoph Fleischhauer und die st\u00e4dtische Wirtschaftsf\u00f6rderung hatten zum regelm\u00e4\u00dfig stattfindenden Unternehmerfr\u00fchst\u00fcck eingeladen. Die G\u00e4ste und Gastgeber konnten sich wieder austauschen und Netzwerken. Zum Thema \u201aKI: Technikspielerei oder praxisrelevant?\u2018 berichteten die Referenten Prof. Dr. Torsten Niechoj und Prof. Dr. Matteo Gro\u00dfe-Kampmann von der Hochschule Rhein-Waal. Dabei ging es um eine grunds\u00e4tzliche Einordnung des aktuellen Standes der Thematik, die Anwendungsbereiche f\u00fcr Unternehmen und eine Befragung von Studierenden, wie sie sich als zuk\u00fcnftige Fachkr\u00e4fte f\u00fcr Unternehmen zu diesem Thema positionieren.\u00a0<\/p>\n\n\n\n<p>Nach dem kurzen und informativen Vortrag konnten die Anwesenden Fragen stellen. Diese bezogen sich auf den Datenschutz, den Status und die weitere Entwicklung von KI im unternehmerischen Bereich. Da der Termin f\u00fcr das n\u00e4chste Unternehmerfr\u00fchst\u00fcck noch nicht feststeht und sich einige Anwesende fragten, ob B\u00fcrgermeister Fleischhauer zum letzten Mal an der von ihm selbst ins Leben gerufenen Veranstaltung teilnimmt, beantwortete er diese Frage gleich selbst: \u201eIch wei\u00df es noch nicht. Aber bei diesem gro\u00dfen Interesse der Unternehmerschaft, hoffe ich auf jeden Fall, dass die neue Stadtspitze dieses Format weiterf\u00fchren wird.\u201c<\/p>\n\n\n\n<p>Quelle: <a href=\"https:\/\/www.moers.de\/rathaus-politik\/aktuelles\/presse\/wirtschaftsfoerderung-lud-zum-unternehmerfruehstueck-ein\">Stadt Moers<\/a><\/p>\n","protected":false},"excerpt":{"rendered":"<p>Moers. Rund 80 Unternehmerinnen und Unternehmer sowie G\u00e4ste wirtschaftsrelevanter Institutionen trafen sich am Donnerstag, 8. Mai 2025, im ENNI Sportpark. B\u00fcrgermeister Christoph Fleischhauer und die st\u00e4dtische Wirtschaftsf\u00f6rderung hatten zum regelm\u00e4\u00dfig stattfindenden Unternehmerfr\u00fchst\u00fcck eingeladen. Die G\u00e4ste und Gastgeber konnten sich wieder austauschen und Netzwerken. Zum Thema \u201aKI: Technikspielerei oder praxisrelevant?\u2018 berichteten die Referenten Prof. Dr. Torsten [&hellip;]<\/p>\n","protected":false},"author":3,"featured_media":0,"comment_status":"closed","ping_status":"closed","sticky":false,"template":"","format":"standard","meta":{"_et_pb_use_builder":"","_et_pb_old_content":"","_et_gb_content_width":"","footnotes":""},"categories":[1],"tags":[],"class_list":["post-5992","post","type-post","status-publish","format-standard","hentry","category-allgemein"],"_links":{"self":[{"href":"https:\/\/standort-niederrhein.de\/en\/wp-json\/wp\/v2\/posts\/5992","targetHints":{"allow":["GET"]}}],"collection":[{"href":"https:\/\/standort-niederrhein.de\/en\/wp-json\/wp\/v2\/posts"}],"about":[{"href":"https:\/\/standort-niederrhein.de\/en\/wp-json\/wp\/v2\/types\/post"}],"author":[{"embeddable":true,"href":"https:\/\/standort-niederrhein.de\/en\/wp-json\/wp\/v2\/users\/3"}],"replies":[{"embeddable":true,"href":"https:\/\/standort-niederrhein.de\/en\/wp-json\/wp\/v2\/comments?post=5992"}],"version-history":[{"count":1,"href":"https:\/\/standort-niederrhein.de\/en\/wp-json\/wp\/v2\/posts\/5992\/revisions"}],"predecessor-version":[{"id":5993,"href":"https:\/\/standort-niederrhein.de\/en\/wp-json\/wp\/v2\/posts\/5992\/revisions\/5993"}],"wp:attachment":[{"href":"https:\/\/standort-niederrhein.de\/en\/wp-json\/wp\/v2\/media?parent=5992"}],"wp:term":[{"taxonomy":"category","embeddable":true,"href":"https:\/\/standort-niederrhein.de\/en\/wp-json\/wp\/v2\/categories?post=5992"},{"taxonomy":"post_tag","embeddable":true,"href":"https:\/\/standort-niederrhein.de\/en\/wp-json\/wp\/v2\/tags?post=5992"}],"curies":[{"name":"wp","href":"https:\/\/api.w.org\/{rel}","templated":true}]}}