{"id":5989,"date":"2025-05-15T06:00:00","date_gmt":"2025-05-15T04:00:00","guid":{"rendered":"https:\/\/invest-in-niederrhein.de\/?p=5989"},"modified":"2025-05-19T08:23:05","modified_gmt":"2025-05-19T06:23:05","slug":"ferienpark-eindruecke-fuer-duesseldorf","status":"publish","type":"post","link":"https:\/\/standort-niederrhein.de\/en\/2025\/05\/15\/ferienpark-eindruecke-fuer-duesseldorf\/","title":{"rendered":"Ferienpark: Eindr\u00fccke f\u00fcr D\u00fcsseldorf"},"content":{"rendered":"\n<p><strong>Rees. <\/strong>Es gab Besuch aus der Landeshauptstadt am Reeser Meer. Thomas Sch\u00fcrmann, Regierungspr\u00e4sident der Bezirksregierung D\u00fcsseldorf, machte sich vor Ort einen Eindruck zu den Planungen und Entwicklungen des Ferienparks Marissa Lake Village Rees. Gesch\u00e4ftsf\u00fchrer Erik Winther pr\u00e4sentierte den Zwischenstand. Dazu geh\u00f6rte unter anderem die Begehung des Musterhauses sowie\u00a0 eine virtuelle Tour mit einer Virtual-Reality-Brille. \u201eEs ist beeindruckend, was hier entsteht. Ich bin sicher, dass das Projekt den Niederrhein aber auch Nordrhein-Westfalen als Tourismus-Standort pr\u00e4gen wird\u201c, sagte Sch\u00fcrmann.<\/p>\n\n\n\n<p>Das Treffen war einer Begegnung zwischen dem Reeser B\u00fcrgermeister Sebastian Hense und dem Regierungspr\u00e4sidenten auf dem IHK-Neujahrsempfang vorausgegangen. \u201eWas hier mit dem Ferienpark entsteht und die damit verbundene Strahlkraft f\u00fcr die gesamte Region, war in diesem Rahmen neu f\u00fcr ihn. Deswegen habe ich Thomas Sch\u00fcrmann zu uns an den Niederrhein eingeladen\u201c, berichtet B\u00fcrgermeister Sebastian Hense.<\/p>\n\n\n\n<p>Im Rahmen des Vor-Ort-Termins konnte Erik Winther auch eine weitere positive Nachricht verk\u00fcnden: So sei die Baugenehmigung f\u00fcr den ersten Bauabschnitt des Ferienparks mit den ersten Einheiten ganz aktuell bei ihm eingegangen. Auch die Realisierung der Zufahrtsstra\u00dfe stehe unmittelbar bevor. \u201eWir k\u00f6nnen mit der Gel\u00e4ndemodellierung wahrscheinlich schon in den n\u00e4chsten Wochen beginnen\u201c, so Winther. Baubeginn f\u00fcr die Zufahrtsstra\u00dfe war Anfang Mai.<\/p>\n\n\n\n<p>Erik Winther hob au\u00dferdem hervor, dass das Thema Nachhaltigkeit einen hohen Stellenwert bei der Umsetzung habe. So werden beispielsweise \u00fcber 30.000 LKW-Ladungen Baugrundstoffe eingespart, da das anliegende Kieswerk und der See selbst die Ressourcen bereitstellen k\u00f6nnen. Auch die Nutzung der Sonnenenergie \u00fcber eine Floating-PV-Anlage sowie W\u00e4rmegewinnung aus dem Reeser Meer bilden Schwerpunkte des Projektes. Die Projektentwickler planen damit, \u00fcber 80 Prozent autark zu alternativen Energiequellen zu sein.\u00a0<\/p>\n\n\n\n<p>Quelle: <a href=\"http:\/\/www.stadt-rees.de\">Stadt Rees<\/a><\/p>\n\n\n<figure class=\"wp-block-post-featured-image\"><img loading=\"lazy\" decoding=\"async\" width=\"2560\" height=\"1440\" src=\"https:\/\/standort-niederrhein.de\/wp-content\/uploads\/2025\/05\/Pressemitteilung_REES_2025_095_Besuch-Schuermann-scaled.jpg\" class=\"attachment-post-thumbnail size-post-thumbnail wp-post-image\" alt=\"\" style=\"object-fit:cover;\" srcset=\"https:\/\/standort-niederrhein.de\/wp-content\/uploads\/2025\/05\/Pressemitteilung_REES_2025_095_Besuch-Schuermann-scaled.jpg 2560w, https:\/\/standort-niederrhein.de\/wp-content\/uploads\/2025\/05\/Pressemitteilung_REES_2025_095_Besuch-Schuermann-1280x720.jpg 1280w, https:\/\/standort-niederrhein.de\/wp-content\/uploads\/2025\/05\/Pressemitteilung_REES_2025_095_Besuch-Schuermann-980x551.jpg 980w, https:\/\/standort-niederrhein.de\/wp-content\/uploads\/2025\/05\/Pressemitteilung_REES_2025_095_Besuch-Schuermann-480x270.jpg 480w\" sizes=\"(min-width: 0px) and (max-width: 480px) 480px, (min-width: 481px) and (max-width: 980px) 980px, (min-width: 981px) and (max-width: 1280px) 1280px, (min-width: 1281px) 2560px, 100vw\" \/><\/figure>\n\n\n<p>Machte sich pers\u00f6nlich einen Eindruck von der Entwicklung des Ferienparks Marissa Lake Village in Rees: Regierungspr\u00e4sident Thomas Sch\u00fcrmann (2. v. re.). Hier mit (v. li.): J\u00f6rn Franken, Leiter Stabsstelle f\u00fcr \u00d6ffentlichkeitsarbeit, Stadtmarketing, Tourismus und Kultur, Sebastian Hense, B\u00fcrgermeister Stadt Rees, Thomas Sch\u00fcrmann, Regierungspr\u00e4sident der Bezirksregierung D\u00fcsseldorf, und Erik Winther, Gesch\u00e4ftsf\u00fchrer Marissa Lake Village Rees.<\/p>\n","protected":false},"excerpt":{"rendered":"<p>Rees. Es gab Besuch aus der Landeshauptstadt am Reeser Meer. Thomas Sch\u00fcrmann, Regierungspr\u00e4sident der Bezirksregierung D\u00fcsseldorf, machte sich vor Ort einen Eindruck zu den Planungen und Entwicklungen des Ferienparks Marissa Lake Village Rees. Gesch\u00e4ftsf\u00fchrer Erik Winther pr\u00e4sentierte den Zwischenstand. Dazu geh\u00f6rte unter anderem die Begehung des Musterhauses sowie\u00a0 eine virtuelle Tour mit einer Virtual-Reality-Brille. \u201eEs [&hellip;]<\/p>\n","protected":false},"author":3,"featured_media":5990,"comment_status":"closed","ping_status":"closed","sticky":false,"template":"","format":"standard","meta":{"_et_pb_use_builder":"","_et_pb_old_content":"","_et_gb_content_width":"","footnotes":""},"categories":[1],"tags":[],"class_list":["post-5989","post","type-post","status-publish","format-standard","has-post-thumbnail","hentry","category-allgemein"],"_links":{"self":[{"href":"https:\/\/standort-niederrhein.de\/en\/wp-json\/wp\/v2\/posts\/5989","targetHints":{"allow":["GET"]}}],"collection":[{"href":"https:\/\/standort-niederrhein.de\/en\/wp-json\/wp\/v2\/posts"}],"about":[{"href":"https:\/\/standort-niederrhein.de\/en\/wp-json\/wp\/v2\/types\/post"}],"author":[{"embeddable":true,"href":"https:\/\/standort-niederrhein.de\/en\/wp-json\/wp\/v2\/users\/3"}],"replies":[{"embeddable":true,"href":"https:\/\/standort-niederrhein.de\/en\/wp-json\/wp\/v2\/comments?post=5989"}],"version-history":[{"count":1,"href":"https:\/\/standort-niederrhein.de\/en\/wp-json\/wp\/v2\/posts\/5989\/revisions"}],"predecessor-version":[{"id":5991,"href":"https:\/\/standort-niederrhein.de\/en\/wp-json\/wp\/v2\/posts\/5989\/revisions\/5991"}],"wp:featuredmedia":[{"embeddable":true,"href":"https:\/\/standort-niederrhein.de\/en\/wp-json\/wp\/v2\/media\/5990"}],"wp:attachment":[{"href":"https:\/\/standort-niederrhein.de\/en\/wp-json\/wp\/v2\/media?parent=5989"}],"wp:term":[{"taxonomy":"category","embeddable":true,"href":"https:\/\/standort-niederrhein.de\/en\/wp-json\/wp\/v2\/categories?post=5989"},{"taxonomy":"post_tag","embeddable":true,"href":"https:\/\/standort-niederrhein.de\/en\/wp-json\/wp\/v2\/tags?post=5989"}],"curies":[{"name":"wp","href":"https:\/\/api.w.org\/{rel}","templated":true}]}}