{"id":5931,"date":"2025-05-10T07:00:00","date_gmt":"2025-05-10T05:00:00","guid":{"rendered":"https:\/\/invest-in-niederrhein.de\/?p=5931"},"modified":"2025-05-09T08:35:49","modified_gmt":"2025-05-09T06:35:49","slug":"spannende-projekte-aus-dem-rhein-kreis-neuss-bei-der-polis-convention","status":"publish","type":"post","link":"https:\/\/standort-niederrhein.de\/en\/2025\/05\/10\/spannende-projekte-aus-dem-rhein-kreis-neuss-bei-der-polis-convention\/","title":{"rendered":"Spannende Projekte aus dem Rhein-Kreis Neuss bei der polis Convention"},"content":{"rendered":"\n<p><strong>Rhein-Kreis Neuss. <\/strong>Insgesamt 20 spannende Gewerbe- und Stadtentwicklungsprojekte im Rhein-Kreis Neuss standen am 7. und 8. Mai bei der \u201ePolis Convention\u201c auf dem Areal B\u00f6hler im Fokus. Der Kreis pr\u00e4sentierte sich dort zusammen mit den kreisangeh\u00f6rigen Kommunen am Gemeinschaftsstand der Standort Niederrhein GmbH und nutzte die Gelegenheit vor Ort zu Gespr\u00e4chen mit Investoren und Projektentwicklern. Landrat Hans-J\u00fcrgen Petrauschke zieht ein positives Fazit: \u201eDie Nachfrage nach Investitionen und Immobilienentwicklungsprojekten ist trotz immer noch hoher Baukosten weiterhin gro\u00df. Das Infrastrukturpaket der neuen Bundesregierung kann f\u00fcr R\u00fcckenwind sorgen, der Konjunktur neuen Schwung geben und dazu beitragen, dass wir weitere Projekte aktiv vorantreiben k\u00f6nnen.\u201c<\/p>\n\n\n\n<p>Die \u201ePolis Convention\u201c ist eine der bundesweit f\u00fchrenden Messen an der Schnittstelle zwischen Stadtentwicklung und Immobilienwirtschaft. In Nordrhein-Westfalen stellt sie den zentralen Marktplatz f\u00fcr Kommunen und Immobilienwirtschaft dar. In diesem Jahr stand die Fachmesse unter dem Titel \u201eTiefe\u201c und widmete sich dem \u201eDeep Dive\u201c in das Thema Stadtentwicklung.<\/p>\n\n\n\n<p>Kreiswirtschaftsdezernent Dr. Martin Stiller betont: \u201eDie Polis Convention ist eine hervorragende Plattform, um zu zeigen, wie attraktiv der Wirtschafts- und Lebensraum Rhein-Kreis Neuss ist und welch gro\u00dfe St\u00e4rken er hat. Der direkte Dialog mit Fachleuten, Investoren und Entscheidungstr\u00e4gern erm\u00f6glicht es uns zudem, marktnahe Entwicklungen fr\u00fchzeitig zu erkennen und innovative Projekte gezielt voranzutreiben.&#8221;<\/p>\n\n\n\n<p>An den beiden Messetagen \u00fcberzeugte sich das Fachpublikum von den hervorragenden Standortbedingungen sowie der gro\u00dfen Innovationskraft und der anerkannt hohen Lebensqualit\u00e4t im Rhein-Kreis Neuss. Erstmals bei der \u201ePolis Convention\u201c vorgestellt wurden unter anderem die Projekte \u201eWohnen \u00fcber dem Rheintal \u2013 Dormagen-Gohr\u201c, die Ressourcenschutzsiedlung Otzenrath-S\u00fcd, das Wohnquartier an der Hauptstra\u00dfe in Glehn, die Landesgartenschau 2026 in Neuss sowie die Bahnschleife in Rommerskirchen. Ebenfalls vorgestellt wurde beispielsweise das Projekt \u201eCoal2Cloud\u201c auf dem ehemaligen Kraftwerksgel\u00e4nde in Frimmersdorf.<\/p>\n\n\n\n<p>Wirtschaftsf\u00f6rderin Johanna K\u00f6nig stellte die insgesamt 20 vielf\u00e4ltigen Gewerbe- und Stadtentwicklungsprojekte gemeinsam mit den kommunalen Partnern am Gemeinschaftsstand der Standort Niederrhein GmbH vor. Vor Ort trafen sich auch die Verwaltungsspitzen der kreisangeh\u00f6rigen Kommunen.<\/p>\n\n\n\n<p>Quelle: Rhein-Kreis Neuss<\/p>\n\n\n<figure class=\"wp-block-post-featured-image\"><img loading=\"lazy\" decoding=\"async\" width=\"2560\" height=\"1707\" src=\"https:\/\/standort-niederrhein.de\/wp-content\/uploads\/2025\/05\/DSC07798-Verbessert-NR-scaled.jpg\" class=\"attachment-post-thumbnail size-post-thumbnail wp-post-image\" alt=\"\" style=\"object-fit:cover;\" srcset=\"https:\/\/standort-niederrhein.de\/wp-content\/uploads\/2025\/05\/DSC07798-Verbessert-NR-scaled.jpg 2560w, https:\/\/standort-niederrhein.de\/wp-content\/uploads\/2025\/05\/DSC07798-Verbessert-NR-1280x854.jpg 1280w, https:\/\/standort-niederrhein.de\/wp-content\/uploads\/2025\/05\/DSC07798-Verbessert-NR-980x653.jpg 980w, https:\/\/standort-niederrhein.de\/wp-content\/uploads\/2025\/05\/DSC07798-Verbessert-NR-480x320.jpg 480w\" sizes=\"(min-width: 0px) and (max-width: 480px) 480px, (min-width: 481px) and (max-width: 980px) 980px, (min-width: 981px) and (max-width: 1280px) 1280px, (min-width: 1281px) 2560px, 100vw\" \/><\/figure>\n\n\n<p>Beim gemeinsamen Besuch auf der Polis Convention (v.l.): Marc Venten (B\u00fcrgermeister Korschenbroich), Andreas Apsel (Technischer Beigeordneter der Stadt Meerbusch), Ursula Baum (B\u00fcrgermeisterin Kaarst), Christian Bommers (B\u00fcrgermeister Meerbusch), Landrat Hans-J\u00fcrgen Petrauschke, die B\u00fcrgermeister Klaus Kr\u00fctzen (Grevenbroich), Harald Zillikens (J\u00fcchen) und Reiner Breuer (Neuss), Dr. Martin Brans (Technischer Beigeordneter der Stadt Dormagen), Dr. Martin Mertens (B\u00fcrgermeister Rommerskirchen), Kreiswirtschaftsdezernent Dr. Martin Stiller und Christoph H\u00f6lters (Beigeordneter f\u00fcr Planung und Mobilit\u00e4t der Stadt Neuss). | Foto: A. Baum\/ Rhein-Kreis Neuss<\/p>\n","protected":false},"excerpt":{"rendered":"<p>Rhein-Kreis Neuss. Insgesamt 20 spannende Gewerbe- und Stadtentwicklungsprojekte im Rhein-Kreis Neuss standen am 7. und 8. Mai bei der \u201ePolis Convention\u201c auf dem Areal B\u00f6hler im Fokus. Der Kreis pr\u00e4sentierte sich dort zusammen mit den kreisangeh\u00f6rigen Kommunen am Gemeinschaftsstand der Standort Niederrhein GmbH und nutzte die Gelegenheit vor Ort zu Gespr\u00e4chen mit Investoren und Projektentwicklern. [&hellip;]<\/p>\n","protected":false},"author":3,"featured_media":5932,"comment_status":"closed","ping_status":"closed","sticky":false,"template":"","format":"standard","meta":{"_et_pb_use_builder":"","_et_pb_old_content":"","_et_gb_content_width":"","footnotes":""},"categories":[1],"tags":[],"class_list":["post-5931","post","type-post","status-publish","format-standard","has-post-thumbnail","hentry","category-allgemein"],"_links":{"self":[{"href":"https:\/\/standort-niederrhein.de\/en\/wp-json\/wp\/v2\/posts\/5931","targetHints":{"allow":["GET"]}}],"collection":[{"href":"https:\/\/standort-niederrhein.de\/en\/wp-json\/wp\/v2\/posts"}],"about":[{"href":"https:\/\/standort-niederrhein.de\/en\/wp-json\/wp\/v2\/types\/post"}],"author":[{"embeddable":true,"href":"https:\/\/standort-niederrhein.de\/en\/wp-json\/wp\/v2\/users\/3"}],"replies":[{"embeddable":true,"href":"https:\/\/standort-niederrhein.de\/en\/wp-json\/wp\/v2\/comments?post=5931"}],"version-history":[{"count":1,"href":"https:\/\/standort-niederrhein.de\/en\/wp-json\/wp\/v2\/posts\/5931\/revisions"}],"predecessor-version":[{"id":5933,"href":"https:\/\/standort-niederrhein.de\/en\/wp-json\/wp\/v2\/posts\/5931\/revisions\/5933"}],"wp:featuredmedia":[{"embeddable":true,"href":"https:\/\/standort-niederrhein.de\/en\/wp-json\/wp\/v2\/media\/5932"}],"wp:attachment":[{"href":"https:\/\/standort-niederrhein.de\/en\/wp-json\/wp\/v2\/media?parent=5931"}],"wp:term":[{"taxonomy":"category","embeddable":true,"href":"https:\/\/standort-niederrhein.de\/en\/wp-json\/wp\/v2\/categories?post=5931"},{"taxonomy":"post_tag","embeddable":true,"href":"https:\/\/standort-niederrhein.de\/en\/wp-json\/wp\/v2\/tags?post=5931"}],"curies":[{"name":"wp","href":"https:\/\/api.w.org\/{rel}","templated":true}]}}