{"id":5925,"date":"2025-05-13T06:00:00","date_gmt":"2025-05-13T04:00:00","guid":{"rendered":"https:\/\/invest-in-niederrhein.de\/?p=5925"},"modified":"2025-05-08T14:03:11","modified_gmt":"2025-05-08T12:03:11","slug":"hsnr-praemiert-nachhaltige-mitarbeitendenideen","status":"publish","type":"post","link":"https:\/\/standort-niederrhein.de\/en\/2025\/05\/13\/hsnr-praemiert-nachhaltige-mitarbeitendenideen\/","title":{"rendered":"HSNR pr\u00e4miert nachhaltige Mitarbeitendenideen"},"content":{"rendered":"\n<p><strong>Krefeld. <\/strong>Wie kann gelebte Nachhaltigkeit an der Hochschule Niederrhein aussehen \u2013 im B\u00fcroalltag, auf dem Campus oder im Miteinander? Dieser Frage sind zahlreiche Mitarbeitende der Hochschule im Rahmen des Ideenwettbewerbs Nachhaltigkeit 2025 nachgegangen. Rund 30 kreative und praxisnahe Beitr\u00e4ge wurden eingereicht. Sechs besonders \u00fcberzeugende Projektideen wurden nun bei einer feierlichen Preisverleihung im Future Work Lab ausgezeichnet \u2013 verbunden mit einem Startbudget f\u00fcr die Umsetzung und Pr\u00e4mien von insgesamt \u00fcber 25.000 Euro.<\/p>\n\n\n\n<p>Ziel des hochschulinternen Wettbewerbs, der vor sechs Monaten ins Leben gerufen wurde, war es, konkrete Impulse f\u00fcr eine nachhaltige Weiterentwicklung des Hochschulalltags zu f\u00f6rdern. Eine unabh\u00e4ngige Jury bewertete die eingereichten Vorschl\u00e4ge nach ihrem Nutzen f\u00fcr die Hochschule, der realistischen Umsetzbarkeit im Arbeitsalltag sowie dem langfristigen Engagement der Beteiligten.<\/p>\n\n\n\n<p>Bei der Preisverleihung \u00fcberreichten Kanzlerin Prof. Dr. Fabienne K\u00f6ller-Marek und Annika Joosten von der Stabsstelle f\u00fcr Nachhaltigkeit und Klimaschutz die Urkunden an die Gewinner:innen.<\/p>\n\n\n\n<p><strong>Platz 1: Nachhaltigkeits-Onboarding und \u201eDie guten Vors\u00e4tzchen\u201c<\/strong><br>Den ersten Platz sicherten sich Sarah Neumann, Alexandra Plewina, Melanie Jakubi und Maike Vierk\u00f6tter aus dem Fachbereich Textil- und Bekleidungstechnik mit gleich zwei Konzepten: einem nachhaltigen Onboarding-Prozess f\u00fcr neue Mitarbeitende sowie der Idee \u201eDie guten Vors\u00e4tzchen\u201c, bei der Mitarbeitende und Studierende k\u00fcnftig durch kleine Nachhaltigkeits-Challenges zum Mitmachen motiviert werden. F\u00fcr die Umsetzung erhielten sie ein Startbudget in H\u00f6he von 3000 Euro. Zudem konnten sich die Gewinnerinnen jeweils \u00fcber eine Pr\u00e4mie in H\u00f6he von 1.750 Euro freuen.<\/p>\n\n\n\n<p><strong>Platz 2: Ressourcenmanagement im Fokus<\/strong><br>Den zweiten Platz teilen sich drei Teams aus den Fachbereichen Technikwissenschaften, Chemie sowie Textil- und Bekleidungstechnik. Sie entwickelten jeweils Konzepte f\u00fcr ein zentrales Ressourcenmanagementsystem, das den ressourcenschonenden Umgang mit Arbeitsmaterialien, Maschinen und Werkzeugen f\u00f6rdern soll. Ausgezeichnet wurden: Lars Osterburg und Florian B\u00fcchner (Fachbereich Ingenieurwissenschaften und Informatik), Dr. Amelie Achten und Dr. Sabrina Keil (Fachbereich Chemie), Irina Singer (Fachbereich Textil- und Bekleidungstechnik) sowie Hans-Reinhold Mayer und Emma Shafir (Fachbereich Ingenieurwissenschaften und Informatik).<\/p>\n\n\n\n<p>Alle drei Teams erhielten f\u00fcr ihre Ideen zusammen ein Startbudget in H\u00f6he von 3000 Euro. Jedes Teammitglied erhielt zudem eine Pr\u00e4mie in H\u00f6he von 1.500 Euro.<\/p>\n\n\n\n<p><strong>Platz 3: Abholstation f\u00fcr Sachspenden<\/strong><br>Michael Freudenberg aus dem Dezernat f\u00fcr Finanzressourcen erhielt 1.250 Euro f\u00fcr seine Idee einer \u201eAbholstation f\u00fcr Sachspenden\u201c aus dem Hochschulfundus und sicherte sich damit den dritten Platz.<\/p>\n\n\n\n<p>Alle ausgezeichneten Projektideen werden nun mit Unterst\u00fctzung der Hochschulleitung und des Teams f\u00fcr Nachhaltigkeit und Klimaschutz aktiv weiterverfolgt und umgesetzt.<\/p>\n\n\n\n<p>\u201eWir freuen uns sehr, dass der Wettbewerb so erfolgreich gelaufen ist und von den Mitarbeitenden so positiv angenommen wurde. Neben der stetigen Umsetzung \u00f6kologischer Ma\u00dfnahmen an Geb\u00e4uden und Au\u00dfenanlagen, konnten wir mit diesem Wettbewerb auch den Aspekt der sozialen Nachhaltigkeit f\u00f6rdern, indem wir die Kolleg:innen aktiv in die nachhaltige Entwicklung unserer Hochschule einbezogen haben und dadurch auch ihre pers\u00f6nlichen Bed\u00fcrfnisse und Perspektiven ber\u00fccksichtigen konnten.\u201c&nbsp; sagt die Kanzlerin der HSNR, Prof. Dr. Fabienne K\u00f6ller-Marek.<\/p>\n\n\n\n<p>Im Anschluss an die Preisverleihung fand ein reger Austausch unter den pr\u00e4mierten Teams sowie mit dem Pr\u00e4sidenten Dr. Thomas Gr\u00fcnewald, der Jury und weiteren Mitgliedern der Hochschulleitung statt.<\/p>\n\n\n\n<p>Quelle: <a href=\"http:\/\/www.hs-niederrhein.de\">Hochschule Niederrhein<\/a><\/p>\n\n\n<figure class=\"wp-block-post-featured-image\"><img loading=\"lazy\" decoding=\"async\" width=\"1000\" height=\"1333\" src=\"https:\/\/standort-niederrhein.de\/wp-content\/uploads\/2025\/05\/2025-05-08_Ideenwettbewerb_Nachhaltigkeit-Foto202.jpg\" class=\"attachment-post-thumbnail size-post-thumbnail wp-post-image\" alt=\"\" style=\"object-fit:cover;\" srcset=\"https:\/\/standort-niederrhein.de\/wp-content\/uploads\/2025\/05\/2025-05-08_Ideenwettbewerb_Nachhaltigkeit-Foto202.jpg 1000w, https:\/\/standort-niederrhein.de\/wp-content\/uploads\/2025\/05\/2025-05-08_Ideenwettbewerb_Nachhaltigkeit-Foto202-980x1306.jpg 980w, https:\/\/standort-niederrhein.de\/wp-content\/uploads\/2025\/05\/2025-05-08_Ideenwettbewerb_Nachhaltigkeit-Foto202-480x640.jpg 480w\" sizes=\"(min-width: 0px) and (max-width: 480px) 480px, (min-width: 481px) and (max-width: 980px) 980px, (min-width: 981px) 1000px, 100vw\" \/><\/figure>\n\n\n<p>Maike Vierk\u00f6tter (2.v.l.) nahm stellvertretend f\u00fcr die Erstplatzierten die Urkunde entgegen. Es gratulierten Hochschulpr\u00e4sident Dr. Thomas Gr\u00fcnewald, Anna Joosten (Stabsstelle Nachhaltigkeit und Klimaschutz) und Kanzlerin Prof. Dr. Fabienne K\u00f6ller-Marek. | Foto: Hochschule Niederrhein<\/p>\n","protected":false},"excerpt":{"rendered":"<p>Krefeld. Wie kann gelebte Nachhaltigkeit an der Hochschule Niederrhein aussehen \u2013 im B\u00fcroalltag, auf dem Campus oder im Miteinander? Dieser Frage sind zahlreiche Mitarbeitende der Hochschule im Rahmen des Ideenwettbewerbs Nachhaltigkeit 2025 nachgegangen. Rund 30 kreative und praxisnahe Beitr\u00e4ge wurden eingereicht. Sechs besonders \u00fcberzeugende Projektideen wurden nun bei einer feierlichen Preisverleihung im Future Work Lab [&hellip;]<\/p>\n","protected":false},"author":3,"featured_media":5926,"comment_status":"closed","ping_status":"closed","sticky":false,"template":"","format":"standard","meta":{"_et_pb_use_builder":"","_et_pb_old_content":"","_et_gb_content_width":"","footnotes":""},"categories":[1],"tags":[],"class_list":["post-5925","post","type-post","status-publish","format-standard","has-post-thumbnail","hentry","category-allgemein"],"_links":{"self":[{"href":"https:\/\/standort-niederrhein.de\/en\/wp-json\/wp\/v2\/posts\/5925","targetHints":{"allow":["GET"]}}],"collection":[{"href":"https:\/\/standort-niederrhein.de\/en\/wp-json\/wp\/v2\/posts"}],"about":[{"href":"https:\/\/standort-niederrhein.de\/en\/wp-json\/wp\/v2\/types\/post"}],"author":[{"embeddable":true,"href":"https:\/\/standort-niederrhein.de\/en\/wp-json\/wp\/v2\/users\/3"}],"replies":[{"embeddable":true,"href":"https:\/\/standort-niederrhein.de\/en\/wp-json\/wp\/v2\/comments?post=5925"}],"version-history":[{"count":1,"href":"https:\/\/standort-niederrhein.de\/en\/wp-json\/wp\/v2\/posts\/5925\/revisions"}],"predecessor-version":[{"id":5927,"href":"https:\/\/standort-niederrhein.de\/en\/wp-json\/wp\/v2\/posts\/5925\/revisions\/5927"}],"wp:featuredmedia":[{"embeddable":true,"href":"https:\/\/standort-niederrhein.de\/en\/wp-json\/wp\/v2\/media\/5926"}],"wp:attachment":[{"href":"https:\/\/standort-niederrhein.de\/en\/wp-json\/wp\/v2\/media?parent=5925"}],"wp:term":[{"taxonomy":"category","embeddable":true,"href":"https:\/\/standort-niederrhein.de\/en\/wp-json\/wp\/v2\/categories?post=5925"},{"taxonomy":"post_tag","embeddable":true,"href":"https:\/\/standort-niederrhein.de\/en\/wp-json\/wp\/v2\/tags?post=5925"}],"curies":[{"name":"wp","href":"https:\/\/api.w.org\/{rel}","templated":true}]}}