{"id":5913,"date":"2025-05-09T06:00:00","date_gmt":"2025-05-09T04:00:00","guid":{"rendered":"https:\/\/invest-in-niederrhein.de\/?p=5913"},"modified":"2025-05-05T13:57:51","modified_gmt":"2025-05-05T11:57:51","slug":"ein-jahr-deinradschloss-radboxen-im-kreis-viersen","status":"publish","type":"post","link":"https:\/\/standort-niederrhein.de\/en\/2025\/05\/09\/ein-jahr-deinradschloss-radboxen-im-kreis-viersen\/","title":{"rendered":"Ein Jahr DeinRadschloss-Radboxen im Kreis Viersen"},"content":{"rendered":"\n<p><strong>Kreis Viersen.<\/strong> DeinRadschloss-Radboxen bieten ein einfaches System zur sicheren Unterbringung von Fahrr\u00e4dern und Pedelecs. Seit einem Jahr stehen die Abstellanlagen an strategisch ausgew\u00e4hlten Standorten im Kreis Viersen, an denen Radfahrende auf den \u00f6ffentlichen Personennahverkehr (\u00d6PNV) umsteigen. Insgesamt wurden in dieser Zeit an den 13 Standorten im Kreis Viersen \u00fcber 900 Buchungen durchgef\u00fchrt. So leisten die Radboxen einen wertvollen Beitrag zum Klimaschutz.<\/p>\n\n\n\n<p>&#8220;Ich freue mich sehr \u00fcber die erfolgreiche Einf\u00fchrung der DeinRadschloss-Radboxen in unserem Kreis Viersen. Sie sind ein wichtiger Schritt hin zu einer umweltfreundlicheren und nachhaltigeren Mobilit\u00e4t&#8221;, so Landrat Dr. Andreas Coenen. &#8220;Die Kombination von Radfahren und \u00d6PNV ist ein zukunftsweisendes Konzept, das wir gerne weiter unterst\u00fctzen. Daher m\u00f6chten wir die B\u00fcrgerinnen und B\u00fcrger zur Nutzung der Radboxen motivieren.&#8221;<\/p>\n\n\n\n<p>Personen, die auf ihrem Weg zur Arbeit oder in der Freizeit auf den Umstieg vom Fahrrad auf den \u00d6PNV angewiesen sind, k\u00f6nnen ihr Fahrrad in den DeinRadschloss-Radboxen rund um die Uhr sicher unterstellen. Darin sind gerade auch hochpreisige Fahrr\u00e4der vor Diebstahl und Vandalismus gesch\u00fctzt.<\/p>\n\n\n\n<p>Auch Linus Steinbach, Koordinator der DeinRadschloss-Radboxen im Kreis Viersen, sieht die Etablierung der Radboxen positiv: &#8220;Die DeinRadschloss-Radboxen sind ein wichtiger Baustein der nachhaltigen Mobilit\u00e4tsentwicklung im Kreis Viersen. Das letzte Jahr hat gezeigt, dass die Radboxen angenommen werden und wir auf dem richtigen Weg sind.&#8221; Derzeit sind an einigen Standorten im Kreisgebiet noch Radboxen frei. \u00dcber die Webseite <a href=\"http:\/\/www.dein-radschloss.de\">www.dein-radschloss.de<\/a> k\u00f6nnen diese digital f\u00fcr den gew\u00fcnschten Standort gebucht werden.<\/p>\n\n\n\n<p>Quelle: <a href=\"http:\/\/www.kreis-viersen.de\">Kreis Viersen<\/a><\/p>\n","protected":false},"excerpt":{"rendered":"<p>Kreis Viersen. DeinRadschloss-Radboxen bieten ein einfaches System zur sicheren Unterbringung von Fahrr\u00e4dern und Pedelecs. Seit einem Jahr stehen die Abstellanlagen an strategisch ausgew\u00e4hlten Standorten im Kreis Viersen, an denen Radfahrende auf den \u00f6ffentlichen Personennahverkehr (\u00d6PNV) umsteigen. Insgesamt wurden in dieser Zeit an den 13 Standorten im Kreis Viersen \u00fcber 900 Buchungen durchgef\u00fchrt. So leisten die [&hellip;]<\/p>\n","protected":false},"author":3,"featured_media":0,"comment_status":"closed","ping_status":"closed","sticky":false,"template":"","format":"standard","meta":{"_et_pb_use_builder":"","_et_pb_old_content":"","_et_gb_content_width":"","footnotes":""},"categories":[1],"tags":[],"class_list":["post-5913","post","type-post","status-publish","format-standard","hentry","category-allgemein"],"_links":{"self":[{"href":"https:\/\/standort-niederrhein.de\/en\/wp-json\/wp\/v2\/posts\/5913","targetHints":{"allow":["GET"]}}],"collection":[{"href":"https:\/\/standort-niederrhein.de\/en\/wp-json\/wp\/v2\/posts"}],"about":[{"href":"https:\/\/standort-niederrhein.de\/en\/wp-json\/wp\/v2\/types\/post"}],"author":[{"embeddable":true,"href":"https:\/\/standort-niederrhein.de\/en\/wp-json\/wp\/v2\/users\/3"}],"replies":[{"embeddable":true,"href":"https:\/\/standort-niederrhein.de\/en\/wp-json\/wp\/v2\/comments?post=5913"}],"version-history":[{"count":1,"href":"https:\/\/standort-niederrhein.de\/en\/wp-json\/wp\/v2\/posts\/5913\/revisions"}],"predecessor-version":[{"id":5914,"href":"https:\/\/standort-niederrhein.de\/en\/wp-json\/wp\/v2\/posts\/5913\/revisions\/5914"}],"wp:attachment":[{"href":"https:\/\/standort-niederrhein.de\/en\/wp-json\/wp\/v2\/media?parent=5913"}],"wp:term":[{"taxonomy":"category","embeddable":true,"href":"https:\/\/standort-niederrhein.de\/en\/wp-json\/wp\/v2\/categories?post=5913"},{"taxonomy":"post_tag","embeddable":true,"href":"https:\/\/standort-niederrhein.de\/en\/wp-json\/wp\/v2\/tags?post=5913"}],"curies":[{"name":"wp","href":"https:\/\/api.w.org\/{rel}","templated":true}]}}