{"id":5911,"date":"2025-05-08T06:00:00","date_gmt":"2025-05-08T04:00:00","guid":{"rendered":"https:\/\/invest-in-niederrhein.de\/?p=5911"},"modified":"2025-05-05T13:55:55","modified_gmt":"2025-05-05T11:55:55","slug":"wettbewerbsverfahren-fuer-aufwertungen-im-herzen-gladbachs","status":"publish","type":"post","link":"https:\/\/standort-niederrhein.de\/en\/2025\/05\/08\/wettbewerbsverfahren-fuer-aufwertungen-im-herzen-gladbachs\/","title":{"rendered":"Wettbewerbsverfahren f\u00fcr Aufwertungen im Herzen Gladbachs"},"content":{"rendered":"\n<p><strong>M\u00f6nchengladbach.<\/strong> Im Rahmen des St\u00e4dtebauf\u00f6rderprogramms Soziale Stadt Gladbach und Westend werden mit dem Alten Markt und dem Johann-Peter-Boelling-Platz gleich zwei Orte im Herzen Gladbachs aufgewertet. Um die besten Ideen f\u00fcr diese Vorhaben zu finden, hat die Stadtverwaltung mit dem Monat Mai einen freiraumplanerischen Wettbewerb gestartet. Bis zu 15 B\u00fcros sollen an dem Verfahren teilnehmen und bis Juli Entw\u00fcrfe f\u00fcr die zuk\u00fcnftige Entwicklung der beiden Pl\u00e4tze erarbeiten. Der Sieger soll im Sp\u00e4tsommer gek\u00fcrt werden. F\u00fcr Herbst ist zudem eine Ausstellung geplant, in der die Wettbewerbsbeitr\u00e4ge der \u00d6ffentlichkeit pr\u00e4sentiert werden.<\/p>\n\n\n\n<p>&#8220;Der Alte Markt ist nicht irgendein Ort, sondern die gute Stube der Gladbacher Altstadt. Wir wollen diesen Platz wieder zu einem echten Lieblingsort in M\u00f6nchengladbach machen. Auch der Johann-Peter-Boelling-Platz ist mit seiner innerst\u00e4dtischen 1a-Lage eine besondere Fl\u00e4che, die wir st\u00e4dtebaulich als Aufenthaltsort f\u00fcr die Menschen aber erst mal erschlie\u00dfen m\u00fcssen. Damit das bestm\u00f6glich gelingt, setzen wir f\u00fcr beide Pl\u00e4tze auf das Wettbewerbsverfahren. So k\u00f6nnen sich am Ende die besten Ideen durchsetzen und ein Ergebnis erzielt werden, das m\u00f6glichst viele Menschen begeistert&#8221;, sagt die Technische Beigeordnete Claudia Schwan-Schmitz.<\/p>\n\n\n\n<p>Der Alte Markt soll im Zuge der geplanten Umgestaltung vor allem in seiner Funktion als historischer Altstadtplatz gest\u00e4rkt werden. Neben dem gastronomischen Angebot wird auch die Bedeutung des Platzes als Veranstaltungsfl\u00e4che immer gr\u00f6\u00dfer. Der Johann-Peter-Boelling-Platz mit der Tiefgaragenzufahrt vor dem HuMa ist bisher vor allem verkehrlich genutzt und als Platz deshalb kaum wahrnehmbar. Und das, obwohl er mit dem Haus Erholung und dem Museum Abteiberg von zwei \u00f6ffentlichkeitswirksamen Nutzungen umgeben ist. Im Rahmen der Umgestaltung soll er deshalb g\u00e4nzlich neu geordnet und sp\u00fcrbar aufgewertet werden.<\/p>\n\n\n\n<p><strong>Wie l\u00e4uft das Wettbewerbsverfahren ab?<\/strong><br>Nach dem Startschuss f\u00fcr das Verfahren im Mai findet \u00fcber die Sommerferien hinweg eine fachliche Vorpr\u00fcfung der Entw\u00fcrfe statt. Dabei nimmt der Wettbewerbssteuerer eine erste sachliche Pr\u00fcfung vor und stellt die Unterschiede zwischen den einzelnen Wettbewerbsbeitr\u00e4gen heraus. Im Sp\u00e4tsommer werden auf Grundlage dieser Vorarbeit bei der Sitzung des Preisgerichts die Sieger gek\u00fcrt. Vertreterinnen und Vertreter der M\u00f6nchengladbacher Ratsfraktionen und externe Preisrichter aus der Fachrichtung Landschaftsarchitektur bilden die Jury. Im Preisgericht werden die Platzierungen der eingereichten Entw\u00fcrfe diskutiert und festgelegt. Ziel ist es, nach Abschluss des Wettbewerbes mit den Preistr\u00e4gern in die Verhandlungen zur Umsetzung der Planungen einzutreten und das Jahr 2026 bereits mit konkreten Vorstellungen zu den sp\u00e4teren Platzumgestaltungen zu beginnen.<\/p>\n\n\n\n<p>Organisatorisch tritt das Stadtplanungsb\u00fcro Machleidt mit Sitz in Berlin und K\u00f6ln als Wettbewerbssteuerer auf, f\u00fchrt die Vorpr\u00fcfung durch und unterst\u00fctzt die Stadt M\u00f6nchengladbach bei allen wichtigen Wettbewerbsschritten. Aber auch die B\u00fcrgerinnen und B\u00fcrger hatten bereits im Vorfeld die M\u00f6glichkeit, den Verantwortlichen Impulse f\u00fcr das Wettbewerbsverfahren mit auf den Weg zu geben. Dazu fand am 14. November eine B\u00fcrgerinformations- und Dialogveranstaltung statt. Auch online auf der Seite der Quartiersmanagements war die Beteiligung m\u00f6glich.<\/p>\n\n\n\n<p>Quelle: <a href=\"http:\/\/www.moenchengladbach.de\">Stadt M\u00f6nchengladbach<\/a><\/p>\n","protected":false},"excerpt":{"rendered":"<p>M\u00f6nchengladbach. Im Rahmen des St\u00e4dtebauf\u00f6rderprogramms Soziale Stadt Gladbach und Westend werden mit dem Alten Markt und dem Johann-Peter-Boelling-Platz gleich zwei Orte im Herzen Gladbachs aufgewertet. Um die besten Ideen f\u00fcr diese Vorhaben zu finden, hat die Stadtverwaltung mit dem Monat Mai einen freiraumplanerischen Wettbewerb gestartet. Bis zu 15 B\u00fcros sollen an dem Verfahren teilnehmen und [&hellip;]<\/p>\n","protected":false},"author":3,"featured_media":0,"comment_status":"closed","ping_status":"closed","sticky":false,"template":"","format":"standard","meta":{"_et_pb_use_builder":"","_et_pb_old_content":"","_et_gb_content_width":"","footnotes":""},"categories":[1],"tags":[],"class_list":["post-5911","post","type-post","status-publish","format-standard","hentry","category-allgemein"],"_links":{"self":[{"href":"https:\/\/standort-niederrhein.de\/en\/wp-json\/wp\/v2\/posts\/5911","targetHints":{"allow":["GET"]}}],"collection":[{"href":"https:\/\/standort-niederrhein.de\/en\/wp-json\/wp\/v2\/posts"}],"about":[{"href":"https:\/\/standort-niederrhein.de\/en\/wp-json\/wp\/v2\/types\/post"}],"author":[{"embeddable":true,"href":"https:\/\/standort-niederrhein.de\/en\/wp-json\/wp\/v2\/users\/3"}],"replies":[{"embeddable":true,"href":"https:\/\/standort-niederrhein.de\/en\/wp-json\/wp\/v2\/comments?post=5911"}],"version-history":[{"count":1,"href":"https:\/\/standort-niederrhein.de\/en\/wp-json\/wp\/v2\/posts\/5911\/revisions"}],"predecessor-version":[{"id":5912,"href":"https:\/\/standort-niederrhein.de\/en\/wp-json\/wp\/v2\/posts\/5911\/revisions\/5912"}],"wp:attachment":[{"href":"https:\/\/standort-niederrhein.de\/en\/wp-json\/wp\/v2\/media?parent=5911"}],"wp:term":[{"taxonomy":"category","embeddable":true,"href":"https:\/\/standort-niederrhein.de\/en\/wp-json\/wp\/v2\/categories?post=5911"},{"taxonomy":"post_tag","embeddable":true,"href":"https:\/\/standort-niederrhein.de\/en\/wp-json\/wp\/v2\/tags?post=5911"}],"curies":[{"name":"wp","href":"https:\/\/api.w.org\/{rel}","templated":true}]}}