{"id":5900,"date":"2025-05-03T06:00:00","date_gmt":"2025-05-03T04:00:00","guid":{"rendered":"https:\/\/invest-in-niederrhein.de\/?p=5900"},"modified":"2025-04-30T13:44:20","modified_gmt":"2025-04-30T11:44:20","slug":"wfg-kreis-kleve-stellt-zum-zweiten-mal-bei-der-polis-convention-aus","status":"publish","type":"post","link":"https:\/\/standort-niederrhein.de\/en\/2025\/05\/03\/wfg-kreis-kleve-stellt-zum-zweiten-mal-bei-der-polis-convention-aus\/","title":{"rendered":"WfG Kreis Kleve stellt zum zweiten Mal bei der polis Convention aus"},"content":{"rendered":"\n<p><strong>Kreis Kleve. <\/strong>Nach der Premiere im vergangenen Jahr wird die Wirtschaftsf\u00f6rderung Kreis Kleve auch 2025 wieder auf der polis Convention vertreten sein. \u00a0Bei der Messe f\u00fcr Stadt- und Projektentwicklung treffen Kommunen, die bundesweite Immobilienwirtschaft, Projektentwickler, Wirtschaftsf\u00f6rderer sowie Investoren, Architekten, Planer und Designer aufeinander. Die Schirmherrschaft f\u00fcr die Messe hat erneut Ina Scharrenbach als Ministerin f\u00fcr Heimat, Kommunales, Bau und Digitalisierung des Landes Nordrhein-Westfalen \u00fcbernommen. Das Motto der diesj\u00e4hrigen polis Convention lautet \u201eTiefe \u2013 Wir wagen den Deep Dive\u201c und zielt auf aktuelle Themen in der Bauwirtschaft und Stadtentwicklung ab, wie beispielsweise das nachhaltige Bauen, die Kreislaufwirtschaft und die Digitalisierung.<\/p>\n\n\n\n<p>Die Organisatoren der polis Convention freuen sich Jahr f\u00fcr Jahr \u00fcber steigende Besucherzahlen. 2024 z\u00e4hlte die Messe auf dem Areal B\u00f6hler rund 7.500 G\u00e4ste, die sich bei 320 Ausstellern \u00fcber aktuelle Projekte, Fl\u00e4chen und Bestandsimmobilien informierten. \u201eDie polis Convention hat sich bundesweit zu einem branchenrelevanten Event etabliert. Deshalb haben wir uns nach unserer Messe-Premiere im vergangenen Jahr f\u00fcr eine erneute Teilnahme entschieden\u201c, sagt Brigitte Jansen, Gesch\u00e4ftsf\u00fchrerin der Wirtschaftsf\u00f6rderung Kreis Kleve. \u201eWir freuen uns bereits auf zwei spannende Messe-Tage mit vielen guten Gespr\u00e4chen\u201c, erg\u00e4nzt Prokuristin Nathalie Tekath-Kochs.<\/p>\n\n\n\n<p>Die WfG Kreis Kleve ist am 7. und 8. Mai vor Ort und pr\u00e4sentiert am Gemeinschaftsstand A.06.1 der Standort Niederrhein GmbH Projekte und Fl\u00e4chen, die in verschiedenen kreisangeh\u00f6rigen Kommunen entwickelt bzw. vermarktet werden. Einige Beispiele: In Emmerich am Rhein ist geplant, auf einem rund 70.000 Quadratmeter gro\u00dfen Industriegrundst\u00fcck (GI) ein modernes Produktions-\/Gewerbeobjekt zu errichten. Verf\u00fcgbar sind derzeit noch Fl\u00e4chen in einer Gr\u00f6\u00dfenordnung von 55.000 Quadratmetern. Die Stadt Geldern bewirbt auf der polis Convention den Nierspark als innenstadtnahen Standort f\u00fcr Wohnen und Dienstleistung. Im Gewerbepark Kalkar-Kehrum k\u00f6nnen Investoren f\u00fcndig werden, ebenso im Business Park Airport Weeze, im Gewerbegebiet \u201eWissensches Feld\u201c in Weeze, im interkommunalen Gewerbepark Weeze-Goch und in den beiden Industriegebieten der Kreisstadt Kleve.<\/p>\n\n\n\n<p>Quelle: <a href=\"http:\/\/www.wfg-kreis-kleve.de\">WFG Kreis Kleve<\/a><\/p>\n","protected":false},"excerpt":{"rendered":"<p>Kreis Kleve. Nach der Premiere im vergangenen Jahr wird die Wirtschaftsf\u00f6rderung Kreis Kleve auch 2025 wieder auf der polis Convention vertreten sein. \u00a0Bei der Messe f\u00fcr Stadt- und Projektentwicklung treffen Kommunen, die bundesweite Immobilienwirtschaft, Projektentwickler, Wirtschaftsf\u00f6rderer sowie Investoren, Architekten, Planer und Designer aufeinander. Die Schirmherrschaft f\u00fcr die Messe hat erneut Ina Scharrenbach als Ministerin f\u00fcr [&hellip;]<\/p>\n","protected":false},"author":3,"featured_media":0,"comment_status":"closed","ping_status":"closed","sticky":false,"template":"","format":"standard","meta":{"_et_pb_use_builder":"","_et_pb_old_content":"","_et_gb_content_width":"","footnotes":""},"categories":[1],"tags":[],"class_list":["post-5900","post","type-post","status-publish","format-standard","hentry","category-allgemein"],"_links":{"self":[{"href":"https:\/\/standort-niederrhein.de\/en\/wp-json\/wp\/v2\/posts\/5900","targetHints":{"allow":["GET"]}}],"collection":[{"href":"https:\/\/standort-niederrhein.de\/en\/wp-json\/wp\/v2\/posts"}],"about":[{"href":"https:\/\/standort-niederrhein.de\/en\/wp-json\/wp\/v2\/types\/post"}],"author":[{"embeddable":true,"href":"https:\/\/standort-niederrhein.de\/en\/wp-json\/wp\/v2\/users\/3"}],"replies":[{"embeddable":true,"href":"https:\/\/standort-niederrhein.de\/en\/wp-json\/wp\/v2\/comments?post=5900"}],"version-history":[{"count":1,"href":"https:\/\/standort-niederrhein.de\/en\/wp-json\/wp\/v2\/posts\/5900\/revisions"}],"predecessor-version":[{"id":5901,"href":"https:\/\/standort-niederrhein.de\/en\/wp-json\/wp\/v2\/posts\/5900\/revisions\/5901"}],"wp:attachment":[{"href":"https:\/\/standort-niederrhein.de\/en\/wp-json\/wp\/v2\/media?parent=5900"}],"wp:term":[{"taxonomy":"category","embeddable":true,"href":"https:\/\/standort-niederrhein.de\/en\/wp-json\/wp\/v2\/categories?post=5900"},{"taxonomy":"post_tag","embeddable":true,"href":"https:\/\/standort-niederrhein.de\/en\/wp-json\/wp\/v2\/tags?post=5900"}],"curies":[{"name":"wp","href":"https:\/\/api.w.org\/{rel}","templated":true}]}}