{"id":5876,"date":"2025-04-26T07:00:00","date_gmt":"2025-04-26T05:00:00","guid":{"rendered":"https:\/\/invest-in-niederrhein.de\/?p=5876"},"modified":"2025-04-28T10:51:39","modified_gmt":"2025-04-28T08:51:39","slug":"flaechenverfuegbarkeit-im-rahmen-der-landesgartenschau-2029","status":"publish","type":"post","link":"https:\/\/standort-niederrhein.de\/en\/2025\/04\/26\/flaechenverfuegbarkeit-im-rahmen-der-landesgartenschau-2029\/","title":{"rendered":"Fl\u00e4chenverf\u00fcgbarkeit im Rahmen der Landesgartenschau 2029"},"content":{"rendered":"\n<p><strong>Kleve.<\/strong> Der Zuschlag f\u00fcr die Landesgartenschau in Kleve kam vor einem Jahr, im April 2024. Seitdem wurden die gGmbH und der F\u00f6rderverein gegr\u00fcndet, die Bildmarke und das Erscheinungsbild (corporate design) definiert, Umfragen und Veranstaltungen zur B\u00fcrgerbeteiligung initiiert und die Auslobung der Planungswettbewerbe vorbereitet \u2013 f\u00fcr die Innenstadt und die dauerhaften Parkanlagen. Im Mai startet die Bewerbungsphase. Mitte September entscheidet eine Fachjury \u00fcber die eingereichten Entw\u00fcrfe der Fachplaner.<\/p>\n\n\n\n<p>\u201eVor allem das Thema ,Fl\u00e4chenverf\u00fcgbarkeit\u2018 ist gegenw\u00e4rtig viel diskutiert und Aufh\u00e4nger der Schlagzeilen.\u201c sagt Marijke Noy, seit Anfang April zust\u00e4ndig f\u00fcr den Bereich Kommunikation und Marketing. \u201eHierbei ist die Unterscheidung zwischen den wesentlichen Daueranlagen und erg\u00e4nzenden, tempor\u00e4ren Erweiterungsfl\u00e4chen zu beachten.\u201c Inhalt des Planungswettbewerbs sind ausschlie\u00dflich die Daueranlagen, also die Fl\u00e4chen, die auch nach 2029 bestehen bleiben und nicht zur\u00fcck gebaut werden. Alle hierf\u00fcr -schon in der Bewerbungsphase benannten- relevanten Areale befinden sich in st\u00e4dtischem Eigentum. Auf dem vorhandenen Gel\u00e4nde k\u00f6nnen alle Themen f\u00fcr eine erfolgreiche Landesgartenschau problemlos dargestellt werden.<\/p>\n\n\n\n<p>Es ist richtig, dass in der Bewerbungsphase Felder ins Auge gefasst wurden, die heute nicht mehr Bestandteil der Planungen sind. Sowohl in der Bewerbungsbrosch\u00fcre als auch bei der Begehung mit der Bewertungskommission wurde transparent dargestellt, dass sich diese Fl\u00e4chen in Privateigentum befinden. Wie zwischenzeitlich bekannt ist, konnte \u00fcber die Verpachtung dieser Fl\u00e4chen trotz vielversprechender Vorgespr\u00e4che mit dem privaten Eigent\u00fcmer in den konkreten Verhandlungen keine Einigung erzielt werden.<\/p>\n\n\n\n<p>Die betroffenen Fl\u00e4chen w\u00e4ren aufgrund ihrer nur tempor\u00e4ren Nutzbarkeit ohnehin nicht Teil des Planungswettbewerbs gewesen. Sie waren f\u00fcr die Umsetzung von Themeng\u00e4rten und zur gro\u00dffl\u00e4chigen Pr\u00e4sentation der (experimentellen) Landwirtschaft angedacht. F\u00fcr die Umsetzung von Themeng\u00e4rten hat sich nach Vorlage eines Bodengutachtens rund um das ehemalige Hallenbad die Chance ergeben, die umliegenden Fl\u00e4chen im Rahmen der Landesgartenschau zu entwickeln. Auch diese Fl\u00e4chen befinden sich in st\u00e4dtischem Eigentum. Vorteil: die dann dauerhaft aufbereiteten Anlagen k\u00f6nnen von den B\u00fcrgerinnen und B\u00fcrgern \u00fcber den Zeitraum der Landesgartenschau hinaus genutzt werden. In zentraler, naturnaher Lage -mit direktem Zugang zum Wasser sowie sch\u00f6ner Szenerie mit Blick auf die Schwanenburg- bringt das st\u00e4dtische Flurst\u00fcck beste Voraussetzungen f\u00fcr den Aufbau \u00f6ffentlicher Gartenstrukturen mit. \u00dcberdies sollen auch bereits bestehende st\u00e4dtische Parkanlagen einbezogen und aufgewertet werden.<\/p>\n\n\n\n<p>Fazit: Die Daueranlagen der Landesgartenschau in Kleve erf\u00fcllen mit einer Gesamtfl\u00e4che von 23 Hektar alle Anforderungen an Landesgartenschauen in NRW. Die Ausstellungsfl\u00e4che wird durch zus\u00e4tzliche, tempor\u00e4r genutzte Fl\u00e4chen noch wesentlich gr\u00f6\u00dfer ausfallen. Heinrich Sperling, Prokurist und wichtiger Berater der gGmbH mit langj\u00e4hriger Erfahrung im Bereich Landesgartenschauen sagt hierzu: \u201eDer Erfolg einer Landesgartenschau ist \u00fcberdies nicht von der Gr\u00f6\u00dfe der Veranstaltungsfl\u00e4che abh\u00e4ngig. Ausschlaggebend sind die inhaltliche Qualit\u00e4t und die Pr\u00e4sentation der Ausstellungselemente. Die Landesgartenschau in Kleve hat alle Voraussetzungen f\u00fcr eine erfolgreiche Veranstaltung.\u201c<\/p>\n\n\n\n<p>Quelle: <a href=\"https:\/\/www.kleve.de\/stadt-kleve\/rathaus-informieren\/aktuelles\/flaechenverfuegbarkeit-im-rahmen-der-landesgartenschau\">Stadt Kleve<\/a><\/p>\n\n\n<figure class=\"wp-block-post-featured-image\"><img loading=\"lazy\" decoding=\"async\" width=\"1810\" height=\"2560\" src=\"https:\/\/standort-niederrhein.de\/wp-content\/uploads\/2025\/04\/Flaechenverfuegbarkeit_Stand-04_2025-scaled.jpg\" class=\"attachment-post-thumbnail size-post-thumbnail wp-post-image\" alt=\"\" style=\"object-fit:cover;\" srcset=\"https:\/\/standort-niederrhein.de\/wp-content\/uploads\/2025\/04\/Flaechenverfuegbarkeit_Stand-04_2025-scaled.jpg 1810w, https:\/\/standort-niederrhein.de\/wp-content\/uploads\/2025\/04\/Flaechenverfuegbarkeit_Stand-04_2025-1280x1810.jpg 1280w, https:\/\/standort-niederrhein.de\/wp-content\/uploads\/2025\/04\/Flaechenverfuegbarkeit_Stand-04_2025-980x1386.jpg 980w, https:\/\/standort-niederrhein.de\/wp-content\/uploads\/2025\/04\/Flaechenverfuegbarkeit_Stand-04_2025-480x679.jpg 480w\" sizes=\"(min-width: 0px) and (max-width: 480px) 480px, (min-width: 481px) and (max-width: 980px) 980px, (min-width: 981px) and (max-width: 1280px) 1280px, (min-width: 1281px) 1810px, 100vw\" \/><\/figure>\n\n\n<p>Fl\u00e4chenverf\u00fcgbarkeit Stand April 2025 | Copyright: Stadt Kleve<\/p>\n","protected":false},"excerpt":{"rendered":"<p>Kleve. Der Zuschlag f\u00fcr die Landesgartenschau in Kleve kam vor einem Jahr, im April 2024. Seitdem wurden die gGmbH und der F\u00f6rderverein gegr\u00fcndet, die Bildmarke und das Erscheinungsbild (corporate design) definiert, Umfragen und Veranstaltungen zur B\u00fcrgerbeteiligung initiiert und die Auslobung der Planungswettbewerbe vorbereitet \u2013 f\u00fcr die Innenstadt und die dauerhaften Parkanlagen. Im Mai startet die [&hellip;]<\/p>\n","protected":false},"author":3,"featured_media":5877,"comment_status":"closed","ping_status":"closed","sticky":false,"template":"","format":"standard","meta":{"_et_pb_use_builder":"","_et_pb_old_content":"","_et_gb_content_width":"","footnotes":""},"categories":[1],"tags":[],"class_list":["post-5876","post","type-post","status-publish","format-standard","has-post-thumbnail","hentry","category-allgemein"],"_links":{"self":[{"href":"https:\/\/standort-niederrhein.de\/en\/wp-json\/wp\/v2\/posts\/5876","targetHints":{"allow":["GET"]}}],"collection":[{"href":"https:\/\/standort-niederrhein.de\/en\/wp-json\/wp\/v2\/posts"}],"about":[{"href":"https:\/\/standort-niederrhein.de\/en\/wp-json\/wp\/v2\/types\/post"}],"author":[{"embeddable":true,"href":"https:\/\/standort-niederrhein.de\/en\/wp-json\/wp\/v2\/users\/3"}],"replies":[{"embeddable":true,"href":"https:\/\/standort-niederrhein.de\/en\/wp-json\/wp\/v2\/comments?post=5876"}],"version-history":[{"count":1,"href":"https:\/\/standort-niederrhein.de\/en\/wp-json\/wp\/v2\/posts\/5876\/revisions"}],"predecessor-version":[{"id":5878,"href":"https:\/\/standort-niederrhein.de\/en\/wp-json\/wp\/v2\/posts\/5876\/revisions\/5878"}],"wp:featuredmedia":[{"embeddable":true,"href":"https:\/\/standort-niederrhein.de\/en\/wp-json\/wp\/v2\/media\/5877"}],"wp:attachment":[{"href":"https:\/\/standort-niederrhein.de\/en\/wp-json\/wp\/v2\/media?parent=5876"}],"wp:term":[{"taxonomy":"category","embeddable":true,"href":"https:\/\/standort-niederrhein.de\/en\/wp-json\/wp\/v2\/categories?post=5876"},{"taxonomy":"post_tag","embeddable":true,"href":"https:\/\/standort-niederrhein.de\/en\/wp-json\/wp\/v2\/tags?post=5876"}],"curies":[{"name":"wp","href":"https:\/\/api.w.org\/{rel}","templated":true}]}}