{"id":5867,"date":"2025-04-27T06:00:00","date_gmt":"2025-04-27T04:00:00","guid":{"rendered":"https:\/\/invest-in-niederrhein.de\/?p=5867"},"modified":"2025-04-28T10:36:37","modified_gmt":"2025-04-28T08:36:37","slug":"digitaler-zwilling-des-rhein-kreises-neuss-weckt-ueberregionales-interesse","status":"publish","type":"post","link":"https:\/\/standort-niederrhein.de\/en\/2025\/04\/27\/digitaler-zwilling-des-rhein-kreises-neuss-weckt-ueberregionales-interesse\/","title":{"rendered":"\u201eDigitaler Zwilling\u201c des Rhein-Kreises Neuss weckt \u00fcberregionales Interesse"},"content":{"rendered":"\n<p><strong>Rhein-Kreis Neuss.<\/strong> Das F\u00f6rderprojekt \u201eDigitaler Zwilling Rhein-Kreis Neuss\u201c erreicht mittlerweile \u00fcberregionale Popularit\u00e4t. Auf der Fachtagung \u201eForum Geod\u00e4sie\u201c in Bielefeld, das der Deutsche Verein f\u00fcr Vermessungswesen organisiert hat und auf der das Netzwerken zu aktuellen Themen der Geoinformation und Landmanagement gef\u00f6rdert wird, hat der Rhein-Kreis Neuss das Projekt und dessen aktuellen Entwicklungsstand vorgestellt. \u201eUnser ,Digitaler Zwilling\u2018 hat schon jetzt starkes Interesse geweckt. Das Konzept wurde bereits von anderen Kreisen angefragt, die ein solches Angebot ebenfalls einf\u00fchren m\u00f6chten\u201c, betont Harald Vieten, IT-Dezernent des Rhein-Kreises Neuss. \u201eUnser Kreis nutzt die Chancen und M\u00f6glichkeiten der Digitalisierung und treibt die Umsetzung zukunftsorientiert und konsequent voran. Das Projekt ,Digitaler Zwilling\u2018 ist hierf\u00fcr ein hervorragendes Beispiel.\u201c<\/p>\n\n\n\n<p>Der \u201eDigitale Zwilling Rhein-Kreis Neuss\u201c f\u00fchrt Geodaten der Kommunalverwaltungen an Rhein, Erft und Gillbach zusammen, um die reale Welt auf dem Bildschirm erlebbar zu machen. Die Nutzer erhalten Zugriff auf hochaufl\u00f6sende, dreidimensionale 360-Grad-Bilddaten, die vergleichbar mit einer virtuellen Realit\u00e4t sein sollen. \u201eDas erm\u00f6glicht die Visualisierung von Planungsvorhaben und Simulationsmodellen in den Bereichen Mobilit\u00e4t, Verkehr, Bau, Klima, Umwelt und Wirtschaft\u201c, erkl\u00e4rt Michael Fielenbach, Leiter des Kataster- und Vermessungsamtes Rhein-Kreis Neuss. \u201eZudem dient das Projekt als Basis f\u00fcr Smart-City-Anwendungen.\u201c<\/p>\n\n\n\n<p>Bei der Fachtagung \u201eForum Geod\u00e4sie\u201c kamen rund 220 Teilnehmerinnen und Teilnehmer zusammen. Darunter waren Vertreter und Vertreterinnen von St\u00e4dten, Kreisen, L\u00e4ndern, Bundesbeh\u00f6rden, Berufsverb\u00e4nden sowie des Landkreistags. Bei der Fachtagung wurde auch die zentrale Rolle des Geodatenmanagements in den Kreisverwaltungen als wichtige B\u00fcndelungsstellen f\u00fcr die kreisangeh\u00f6rigen Kommunen deutlich. Mit der Vorstellung seines Projekts traf der Rhein-Kreis Neuss auf gro\u00dfes Interesse. Vertreten wurde der Kreis auf der Fachtagung von seinem Geodaten-Experten Christoph Kany.<\/p>\n\n\n\n<p>Neben einem animierten Zusammenschnitt von Anwendungsbeispielen wurde auch die zweite aktuelle Planungsphase des Aufbaus einer kreis\u00fcbergreifend einheitlichen urbanen Datenplattform, die Teil des \u201eDigitalen Zwillings\u201c ist, vorgestellt, die das Zusammenspiel und die Datenvernetzung zwischen kommunalen Datenbest\u00e4nden sowie Landes- und Bundesdaten erm\u00f6glichen soll. Zuvor hatten sich Fachvertreter der nordrhein-westf\u00e4lischen Kreise (Kataster- und Vermessungs\u00e4mter) im Arbeitskreis Geoinformation und Vermessung des Landkreistages inhaltlich abgestimmt.<\/p>\n\n\n\n<p>Im Kern stellt die urbane Datenplattform eine Basis- und B\u00fcndelungsfunktion dar, auf der alle kommunalen Fachdaten im Digitalen Zwilling mit anderen Daten in Beziehung gesetzt und visualisiert werden und mit kommunalen Werkzeugen, Analysen und Simulationen f\u00fcr kommunale Planungsaufgaben zur Verf\u00fcgung gestellt werden k\u00f6nnen. Wesentliches Merkmal ist die Verwendung von Standards und Schnittstellen, die eine Zusammenarbeit auch mit anderen datenf\u00fchrenden Stellen erm\u00f6glicht.<\/p>\n\n\n\n<p>Quelle: <a href=\"http:\/\/www.rhein-kreis-neuss.de\">Rhein-Kreis Neuss<\/a><\/p>\n\n\n<figure class=\"wp-block-post-featured-image\"><img loading=\"lazy\" decoding=\"async\" width=\"1307\" height=\"911\" src=\"https:\/\/standort-niederrhein.de\/wp-content\/uploads\/2025\/04\/Forum_Geodaesie_Bielefeld_0009_twk.jpg\" class=\"attachment-post-thumbnail size-post-thumbnail wp-post-image\" alt=\"\" style=\"object-fit:cover;\" srcset=\"https:\/\/standort-niederrhein.de\/wp-content\/uploads\/2025\/04\/Forum_Geodaesie_Bielefeld_0009_twk.jpg 1307w, https:\/\/standort-niederrhein.de\/wp-content\/uploads\/2025\/04\/Forum_Geodaesie_Bielefeld_0009_twk-1280x892.jpg 1280w, https:\/\/standort-niederrhein.de\/wp-content\/uploads\/2025\/04\/Forum_Geodaesie_Bielefeld_0009_twk-980x683.jpg 980w, https:\/\/standort-niederrhein.de\/wp-content\/uploads\/2025\/04\/Forum_Geodaesie_Bielefeld_0009_twk-480x335.jpg 480w\" sizes=\"(min-width: 0px) and (max-width: 480px) 480px, (min-width: 481px) and (max-width: 980px) 980px, (min-width: 981px) and (max-width: 1280px) 1280px, (min-width: 1281px) 1307px, 100vw\" \/><\/figure>\n\n\n<p>Beim Forum Geod\u00e4sie in Bielefeld (v.l.): Sonja Boxhammer (Kreis Herford), Kerstin Will (NRW-Innenministerium) und Christoph Kany (Rhein-Kreis Neuss). | Foto: Kreis Lippe<\/p>\n","protected":false},"excerpt":{"rendered":"<p>Rhein-Kreis Neuss. Das F\u00f6rderprojekt \u201eDigitaler Zwilling Rhein-Kreis Neuss\u201c erreicht mittlerweile \u00fcberregionale Popularit\u00e4t. Auf der Fachtagung \u201eForum Geod\u00e4sie\u201c in Bielefeld, das der Deutsche Verein f\u00fcr Vermessungswesen organisiert hat und auf der das Netzwerken zu aktuellen Themen der Geoinformation und Landmanagement gef\u00f6rdert wird, hat der Rhein-Kreis Neuss das Projekt und dessen aktuellen Entwicklungsstand vorgestellt. \u201eUnser ,Digitaler Zwilling\u2018 [&hellip;]<\/p>\n","protected":false},"author":3,"featured_media":5868,"comment_status":"closed","ping_status":"closed","sticky":false,"template":"","format":"standard","meta":{"_et_pb_use_builder":"","_et_pb_old_content":"","_et_gb_content_width":"","footnotes":""},"categories":[1],"tags":[],"class_list":["post-5867","post","type-post","status-publish","format-standard","has-post-thumbnail","hentry","category-allgemein"],"_links":{"self":[{"href":"https:\/\/standort-niederrhein.de\/en\/wp-json\/wp\/v2\/posts\/5867","targetHints":{"allow":["GET"]}}],"collection":[{"href":"https:\/\/standort-niederrhein.de\/en\/wp-json\/wp\/v2\/posts"}],"about":[{"href":"https:\/\/standort-niederrhein.de\/en\/wp-json\/wp\/v2\/types\/post"}],"author":[{"embeddable":true,"href":"https:\/\/standort-niederrhein.de\/en\/wp-json\/wp\/v2\/users\/3"}],"replies":[{"embeddable":true,"href":"https:\/\/standort-niederrhein.de\/en\/wp-json\/wp\/v2\/comments?post=5867"}],"version-history":[{"count":1,"href":"https:\/\/standort-niederrhein.de\/en\/wp-json\/wp\/v2\/posts\/5867\/revisions"}],"predecessor-version":[{"id":5869,"href":"https:\/\/standort-niederrhein.de\/en\/wp-json\/wp\/v2\/posts\/5867\/revisions\/5869"}],"wp:featuredmedia":[{"embeddable":true,"href":"https:\/\/standort-niederrhein.de\/en\/wp-json\/wp\/v2\/media\/5868"}],"wp:attachment":[{"href":"https:\/\/standort-niederrhein.de\/en\/wp-json\/wp\/v2\/media?parent=5867"}],"wp:term":[{"taxonomy":"category","embeddable":true,"href":"https:\/\/standort-niederrhein.de\/en\/wp-json\/wp\/v2\/categories?post=5867"},{"taxonomy":"post_tag","embeddable":true,"href":"https:\/\/standort-niederrhein.de\/en\/wp-json\/wp\/v2\/tags?post=5867"}],"curies":[{"name":"wp","href":"https:\/\/api.w.org\/{rel}","templated":true}]}}