{"id":5856,"date":"2025-04-22T06:00:00","date_gmt":"2025-04-22T04:00:00","guid":{"rendered":"https:\/\/invest-in-niederrhein.de\/?p=5856"},"modified":"2025-04-28T10:15:24","modified_gmt":"2025-04-28T08:15:24","slug":"oeko-modellregion-niederrhein-feiert-erfolge","status":"publish","type":"post","link":"https:\/\/standort-niederrhein.de\/en\/2025\/04\/22\/oeko-modellregion-niederrhein-feiert-erfolge\/","title":{"rendered":"\u00d6ko-Modellregion Niederrhein feiert Erfolge"},"content":{"rendered":"\n<p><strong>Kreis Kleve\/ Kreis Wesel. <\/strong>Unter dem Motto\u00a0<em>\u201e<\/em>Mehrwert f\u00fcr Betriebe. Gemeinsam von der Idee zur Umsetzung\u201c fand auf dem Bio-Betrieb Rouenhof in der Wallfahrtsstadt Kevelaer eine zentrale Netzwerkveranstaltung der \u00d6ko-Modellregion Niederrhein statt. \u00dcber 60 engagierte Teilnehmende aus den Kreisen Kleve und Wesel aus den Bereichen Landwirtschaft, Gastronomie und Gemeinschaftsverpflegung, Handel, Verarbeitung, Kommunen, Naturschutz und Politik kamen zusammen, um gemeinsam auf die bisherigen Erfolge zur\u00fcckzublicken und die Zukunft des \u00d6kolandbaus am Niederrhein aktiv mitzugestalten.<\/p>\n\n\n\n<p>Die Ehrung von sechs Einrichtungen, die sich mit Unterst\u00fctzung der \u00d6ko-Modellregion Niederrhein erstmals bio-zertifizieren lie\u00dfen, sind erste sichtbare Erfolge, die gemeinsam gefeiert wurden.&nbsp;<\/p>\n\n\n\n<p>\u201eIn einer Region wie dem Kreis Kleve, in der die Landwirtschaft eine wichtige Rolle spielt, profitieren auch lokale Verarbeitungseinrichtungen und der regionale Handel von der Zunahme \u00f6kologischer Produkte\u201c, so der Landrat des Kreises Kleve, Christoph Gerwers.&nbsp;<\/p>\n\n\n\n<p>F\u00fcr ihr Engagement in der \u00d6ko-Modellregion Niederrhein erhielten die Schulmensa des SOS-Kinderdorf Niederrhein aus Kevelaer, der Schul-, Kita- und Veranstaltungscaterer Diversa GmbH aus Kamp-Lintfort, die Kreiskantine Wesel, das Landhaus Beckmann aus Kalkar, das Hof-Caf\u00e9 am Weiher von Frohnenbruch und die Brauerei Brauprojekt 777 aus Voerde eine Auszeichnung von den beiden Landr\u00e4ten der Kreise Kleve und Wesel.&nbsp;<\/p>\n\n\n\n<p>\u201eDiese Betriebe zeigen, wie bioregionale Wertsch\u00f6pfungsketten gelebt werden k\u00f6nnen. F\u00fcr den Niederrhein sind sie Leuchtt\u00fcrme f\u00fcr weitere Einrichtungen, die wir auf dem Weg zur Bio-Zertifizierung begleiten m\u00f6chten\u201c, betonte Kirstin Aryan, Regionalmanagerin der \u00d6ko-Modellregion Niederrhein. Die ausgezeichneten Einrichtungen verwenden in ihrer Verarbeitung mindestens ein regionales Bio-Produkt und st\u00e4rken so die Landwirtschaft am Niederrhein.<\/p>\n\n\n\n<p>Zur aktiven Kommunikation erhielten die Betriebe Materialien der Ende 2022 gegr\u00fcndeten Arbeitsgruppe zum Thema Au\u00dfer-Haus-Verpflegung: Plakate, Wandtafeln, Rollups und einen Imagefilm. Ziel der Materialnutzung ist es, die Sichtbarkeit des regionalen Bio-Engagements zu erh\u00f6hen und Konsumentinnen und Konsumenten gezielt \u00fcber den Mehrwert regionaler Bio-Produkte zu informieren.<\/p>\n\n\n\n<p>Die Veranstaltung markierte zugleich den Auftakt f\u00fcr die zweite Projektlaufzeit. Die Landes-F\u00f6rderung der \u00d6ko-Modellregion Niederrhein wurde erfolgreich bis Ende 2027 verl\u00e4ngert. In einem aktiven Teil der Veranstaltung wurden neue Ma\u00dfnahmen und Ziele erarbeitet, um den \u00d6kolandbau in der Region gemeinsam weiter voranzubringen.&nbsp;<\/p>\n\n\n\n<p>\u201eDie Herausforderungen, vor denen wir heute stehen, erfordern innovative L\u00f6sungen und den Dialog zwischen allen Beteiligten. Der gemeinsame Austausch zwischen Erzeugern, H\u00e4ndlern und den Akteuren der Gastronomie, Gemeinschaftsverpflegung, Catering Unternehmen, Kommunen und Multiplikatoren ist mir sehr wichtig\u201c, sagt der Kreis Weseler Landrat Ingo Brohl. \u201eNur so k\u00f6nnen wir bioregionale Strukturen aufbauen und gemeinsam Synergien erkennen und nutzen.\u201c<\/p>\n\n\n\n<p>In der Veranstaltung diskutierten die Teilnehmer unter anderem die Themen Bio-Zertifizierung als Chance f\u00fcr Gastronomie und Gemeinschaftsverpflegung, die Absatzsteigerung von Bio-Fleisch und -Milch durch innovative Vermarktung, sowie Ans\u00e4tze zur Verbraucheraufkl\u00e4rung zu den Vorteilen \u00f6kologischer Landwirtschaft.<\/p>\n\n\n\n<p>Ein zentrales Fazit des Tages: Die \u00d6ko-Modellregion lebt vom Miteinander. Es braucht weniger Einzelinitiativen und mehr gemeinsames Handeln, getragen von einem mittlerweile starken Netzwerk am Niederrhein. Die vielen guten Ideen und Ma\u00dfnahmen, die bereits auf den Weg gebracht wurden, zeigen: Der \u00d6kolandbau in der Region hat Zukunft \u2013 und er lebt vom Engagement aller Beteiligten.<\/p>\n\n\n\n<p>Die \u00d6ko-Modellregion Niederrhein ist ein Gemeinschaftsprojekt der Kreise Kleve und Wesel und wird vom Ministerium f\u00fcr Landwirtschaft und Verbraucherschutz des Landes NRW gef\u00f6rdert.&nbsp;<\/p>\n\n\n\n<p>Quelle: <a href=\"https:\/\/www.kreis-wesel.de\/aktuelles\/presse\/oeko-modellregion-niederrhein-feiert-erfolge-und-startet-gemeinsam-mit-einem\">Kreis Wesel<\/a><\/p>\n\n\n<figure class=\"wp-block-post-featured-image\"><img loading=\"lazy\" decoding=\"async\" width=\"2560\" height=\"1142\" src=\"https:\/\/standort-niederrhein.de\/wp-content\/uploads\/2025\/04\/p10104_netzwerk_der_oemr_niederrhein_quelle_thomas_michaelis-scaled.jpg\" class=\"attachment-post-thumbnail size-post-thumbnail wp-post-image\" alt=\"\" style=\"object-fit:cover;\" srcset=\"https:\/\/standort-niederrhein.de\/wp-content\/uploads\/2025\/04\/p10104_netzwerk_der_oemr_niederrhein_quelle_thomas_michaelis-scaled.jpg 2560w, https:\/\/standort-niederrhein.de\/wp-content\/uploads\/2025\/04\/p10104_netzwerk_der_oemr_niederrhein_quelle_thomas_michaelis-1280x571.jpg 1280w, https:\/\/standort-niederrhein.de\/wp-content\/uploads\/2025\/04\/p10104_netzwerk_der_oemr_niederrhein_quelle_thomas_michaelis-980x437.jpg 980w, https:\/\/standort-niederrhein.de\/wp-content\/uploads\/2025\/04\/p10104_netzwerk_der_oemr_niederrhein_quelle_thomas_michaelis-480x214.jpg 480w\" sizes=\"(min-width: 0px) and (max-width: 480px) 480px, (min-width: 481px) and (max-width: 980px) 980px, (min-width: 981px) and (max-width: 1280px) 1280px, (min-width: 1281px) 2560px, 100vw\" \/><\/figure>\n\n\n<p>Foto: Thomas Michaelis<\/p>\n","protected":false},"excerpt":{"rendered":"<p>Kreis Kleve\/ Kreis Wesel. Unter dem Motto\u00a0\u201eMehrwert f\u00fcr Betriebe. Gemeinsam von der Idee zur Umsetzung\u201c fand auf dem Bio-Betrieb Rouenhof in der Wallfahrtsstadt Kevelaer eine zentrale Netzwerkveranstaltung der \u00d6ko-Modellregion Niederrhein statt. \u00dcber 60 engagierte Teilnehmende aus den Kreisen Kleve und Wesel aus den Bereichen Landwirtschaft, Gastronomie und Gemeinschaftsverpflegung, Handel, Verarbeitung, Kommunen, Naturschutz und Politik kamen [&hellip;]<\/p>\n","protected":false},"author":3,"featured_media":5857,"comment_status":"closed","ping_status":"closed","sticky":false,"template":"","format":"standard","meta":{"_et_pb_use_builder":"","_et_pb_old_content":"","_et_gb_content_width":"","footnotes":""},"categories":[1],"tags":[],"class_list":["post-5856","post","type-post","status-publish","format-standard","has-post-thumbnail","hentry","category-allgemein"],"_links":{"self":[{"href":"https:\/\/standort-niederrhein.de\/en\/wp-json\/wp\/v2\/posts\/5856","targetHints":{"allow":["GET"]}}],"collection":[{"href":"https:\/\/standort-niederrhein.de\/en\/wp-json\/wp\/v2\/posts"}],"about":[{"href":"https:\/\/standort-niederrhein.de\/en\/wp-json\/wp\/v2\/types\/post"}],"author":[{"embeddable":true,"href":"https:\/\/standort-niederrhein.de\/en\/wp-json\/wp\/v2\/users\/3"}],"replies":[{"embeddable":true,"href":"https:\/\/standort-niederrhein.de\/en\/wp-json\/wp\/v2\/comments?post=5856"}],"version-history":[{"count":1,"href":"https:\/\/standort-niederrhein.de\/en\/wp-json\/wp\/v2\/posts\/5856\/revisions"}],"predecessor-version":[{"id":5858,"href":"https:\/\/standort-niederrhein.de\/en\/wp-json\/wp\/v2\/posts\/5856\/revisions\/5858"}],"wp:featuredmedia":[{"embeddable":true,"href":"https:\/\/standort-niederrhein.de\/en\/wp-json\/wp\/v2\/media\/5857"}],"wp:attachment":[{"href":"https:\/\/standort-niederrhein.de\/en\/wp-json\/wp\/v2\/media?parent=5856"}],"wp:term":[{"taxonomy":"category","embeddable":true,"href":"https:\/\/standort-niederrhein.de\/en\/wp-json\/wp\/v2\/categories?post=5856"},{"taxonomy":"post_tag","embeddable":true,"href":"https:\/\/standort-niederrhein.de\/en\/wp-json\/wp\/v2\/tags?post=5856"}],"curies":[{"name":"wp","href":"https:\/\/api.w.org\/{rel}","templated":true}]}}