{"id":5853,"date":"2025-04-21T06:00:00","date_gmt":"2025-04-21T04:00:00","guid":{"rendered":"https:\/\/invest-in-niederrhein.de\/?p=5853"},"modified":"2025-04-28T10:09:21","modified_gmt":"2025-04-28T08:09:21","slug":"neues-zuhause-in-juechen","status":"publish","type":"post","link":"https:\/\/standort-niederrhein.de\/en\/2025\/04\/21\/neues-zuhause-in-juechen\/","title":{"rendered":"Neues Zuhause in J\u00fcchen"},"content":{"rendered":"\n<p><strong>J\u00fcchen.<\/strong> Der Auftakt ist gemacht und es geht voran: B\u00fcrgermeister Harald Zillikens besichtigte am Mittwoch 16. April gemeinsam mit Vertretern der RWE Power AG und zahlreichen Interessierten die Fortschritte auf der Baustelle f\u00fcr die Ressourcensiedlung Otzenrath-S\u00fcd.<\/p>\n\n\n\n<p>&#8220;Die bauliche Weiterentwicklung von Otzenrath ist eine wichtige Investition in die Zukunft unserer Stadt, die nicht nur die Wohnraumnachfrage befriedigt, sondern auch nachhaltige Bauweise und Ressourcenschutz in den Vordergrund stellt. Mit der RWE Power AG und der Stadtentfalter J\u00fcchen GmbH haben wir kompetente Partner gefunden, mit denen wir dieses Vorhaben umsetzen k\u00f6nnen. Wir freuen uns auf die neuen Stadtbewohnerinnen \u2013 und bewohner, die hier in Gro\u00dfstadtn\u00e4he mit l\u00e4ndlichem Charme wohnen k\u00f6nnen\u201c, so B\u00fcrgermeister Harald Zillikens.<\/p>\n\n\n\n<p>Ab voraussichtlich kommender Woche starten die Kanalbauarbeiten. Diese Arbeiten sollen vor den Sommerferien abgeschlossen sein. Danach beginnen die Baut\u00e4tigkeiten der Versorger (NEW Netz GmbH, NEW Smart City GmbH, Stadtentfalter J\u00fcchen GmbH, Kreiswerke Grevenbroich GmbH, Deutsche Glasfaser Holding) die die Anschl\u00fcsse f\u00fcr Strom, Wasser, W\u00e4rmenetz und Internet verlegen. Ziel ist es, den Grundausbau bis Ende 2025 abzuschlie\u00dfen. Der Endausbau mit fertiger Stra\u00dfenfl\u00e4che und Gr\u00fcnfl\u00e4chen erfolgt zu einem sp\u00e4teren Zeitpunkt, sobald private Bauherren ihre H\u00e4user weitestgehend errichtet haben. Die ersten K\u00e4ufer haben sich bereits entschieden, noch gibt es aber freie Grundst\u00fccke f\u00fcr Interessenten. Eine weitere Vermarkungsrunde startet kommende Woche.<\/p>\n\n\n\n<p>Erik Sch\u00f6ddert, Leiter Bereich Immobilien, Bau und Projektentwicklung RWE Power meint: \u201eUnsere Fl\u00e4chen sind ein wichtiges Element im Strukturwandels im Rheinischen Revier. Dabei wollen wir nicht nur Arbeitspl\u00e4tze schaffen, sondern auch dringend ben\u00f6tigten Wohnraum bieten. Ich freue mich, dass wir ein St\u00fcck Zukunft f\u00fcr die Stadt J\u00fcchen mitgestalten k\u00f6nnen.\u201c Die Stadt J\u00fcchen verfolgt gemeinsam mit der RWE Power AG die Entwicklung des neuen Wohngebietes, das von den Metropolen D\u00fcsseldorf, K\u00f6ln und M\u00f6nchengladbach gut mit der Bahn zu erreichen ist. Neben der ausgezeichneten Lage bietet die Siedlung ein familienfreundliches Umfeld, unterst\u00fctzt durch das zukunftssichere, nachhaltige W\u00e4rmesystem der Stadtentfalter J\u00fcchen GmbH und das Pr\u00e4miensystem der RWE Power f\u00fcr Bauherren, die die freiwillige QNG-Zertifizierung (Qualit\u00e4tssiegel Nachhaltiges Geb\u00e4ude) durchf\u00fchren.<\/p>\n\n\n\n<p>Quelle: <a href=\"http:\/\/www.juechen.de\">Stadt J\u00fcchen<\/a><\/p>\n\n\n<figure class=\"wp-block-post-featured-image\"><img loading=\"lazy\" decoding=\"async\" width=\"2560\" height=\"1563\" src=\"https:\/\/standort-niederrhein.de\/wp-content\/uploads\/2025\/04\/Otzenrath-Sued-Baustellenbesichtigung-4096-scaled.jpg\" class=\"attachment-post-thumbnail size-post-thumbnail wp-post-image\" alt=\"\" style=\"object-fit:cover;\" srcset=\"https:\/\/standort-niederrhein.de\/wp-content\/uploads\/2025\/04\/Otzenrath-Sued-Baustellenbesichtigung-4096-scaled.jpg 2560w, https:\/\/standort-niederrhein.de\/wp-content\/uploads\/2025\/04\/Otzenrath-Sued-Baustellenbesichtigung-4096-1280x782.jpg 1280w, https:\/\/standort-niederrhein.de\/wp-content\/uploads\/2025\/04\/Otzenrath-Sued-Baustellenbesichtigung-4096-980x598.jpg 980w, https:\/\/standort-niederrhein.de\/wp-content\/uploads\/2025\/04\/Otzenrath-Sued-Baustellenbesichtigung-4096-480x293.jpg 480w\" sizes=\"(min-width: 0px) and (max-width: 480px) 480px, (min-width: 481px) and (max-width: 980px) 980px, (min-width: 981px) and (max-width: 1280px) 1280px, (min-width: 1281px) 2560px, 100vw\" \/><\/figure>\n\n\n<p>Von links: Viktoria Vreemann, Projektentwicklung Liegenschaften der RWE Power AG, Erik Sch\u00f6ddert, Leiter Bereich Immobilien, Bau und Projektentwicklung der RWE Power AG, Harald Zillikens, B\u00fcrgermeister der Stadt J\u00fcchen, Saskia Schrade, Amtsleiterin des Amtes f\u00fcr Stadtentwicklung der Stadt J\u00fcchen, Maximilian Hampel, Amtsleiter des Amtes f\u00fcr \u00f6ffentliche Infrastruktur und Gesch\u00e4ftsf\u00fchrer der Stadtentfalter J\u00fcchen GmbH und Sabine Janclas, Technische Dezernentin der Stadt J\u00fcchen | Foto: Stadt J\u00fcchen<\/p>\n","protected":false},"excerpt":{"rendered":"<p>J\u00fcchen. Der Auftakt ist gemacht und es geht voran: B\u00fcrgermeister Harald Zillikens besichtigte am Mittwoch 16. April gemeinsam mit Vertretern der RWE Power AG und zahlreichen Interessierten die Fortschritte auf der Baustelle f\u00fcr die Ressourcensiedlung Otzenrath-S\u00fcd. &#8220;Die bauliche Weiterentwicklung von Otzenrath ist eine wichtige Investition in die Zukunft unserer Stadt, die nicht nur die Wohnraumnachfrage [&hellip;]<\/p>\n","protected":false},"author":3,"featured_media":5854,"comment_status":"closed","ping_status":"closed","sticky":false,"template":"","format":"standard","meta":{"_et_pb_use_builder":"","_et_pb_old_content":"","_et_gb_content_width":"","footnotes":""},"categories":[1],"tags":[],"class_list":["post-5853","post","type-post","status-publish","format-standard","has-post-thumbnail","hentry","category-allgemein"],"_links":{"self":[{"href":"https:\/\/standort-niederrhein.de\/en\/wp-json\/wp\/v2\/posts\/5853","targetHints":{"allow":["GET"]}}],"collection":[{"href":"https:\/\/standort-niederrhein.de\/en\/wp-json\/wp\/v2\/posts"}],"about":[{"href":"https:\/\/standort-niederrhein.de\/en\/wp-json\/wp\/v2\/types\/post"}],"author":[{"embeddable":true,"href":"https:\/\/standort-niederrhein.de\/en\/wp-json\/wp\/v2\/users\/3"}],"replies":[{"embeddable":true,"href":"https:\/\/standort-niederrhein.de\/en\/wp-json\/wp\/v2\/comments?post=5853"}],"version-history":[{"count":1,"href":"https:\/\/standort-niederrhein.de\/en\/wp-json\/wp\/v2\/posts\/5853\/revisions"}],"predecessor-version":[{"id":5855,"href":"https:\/\/standort-niederrhein.de\/en\/wp-json\/wp\/v2\/posts\/5853\/revisions\/5855"}],"wp:featuredmedia":[{"embeddable":true,"href":"https:\/\/standort-niederrhein.de\/en\/wp-json\/wp\/v2\/media\/5854"}],"wp:attachment":[{"href":"https:\/\/standort-niederrhein.de\/en\/wp-json\/wp\/v2\/media?parent=5853"}],"wp:term":[{"taxonomy":"category","embeddable":true,"href":"https:\/\/standort-niederrhein.de\/en\/wp-json\/wp\/v2\/categories?post=5853"},{"taxonomy":"post_tag","embeddable":true,"href":"https:\/\/standort-niederrhein.de\/en\/wp-json\/wp\/v2\/tags?post=5853"}],"curies":[{"name":"wp","href":"https:\/\/api.w.org\/{rel}","templated":true}]}}