{"id":5847,"date":"2025-04-19T06:00:00","date_gmt":"2025-04-19T04:00:00","guid":{"rendered":"https:\/\/invest-in-niederrhein.de\/?p=5847"},"modified":"2025-04-28T09:55:42","modified_gmt":"2025-04-28T07:55:42","slug":"casa-bea-bleibt-in-moenchengladbach-dank-ewmg-wfmg","status":"publish","type":"post","link":"https:\/\/standort-niederrhein.de\/en\/2025\/04\/19\/casa-bea-bleibt-in-moenchengladbach-dank-ewmg-wfmg\/","title":{"rendered":"Casa Bea bleibt in M\u00f6nchengladbach dank EWMG\/WFMG"},"content":{"rendered":"\n<p><strong>M\u00f6nchengladbach.<\/strong> Die Entwicklungsgesellschaft der Stadt M\u00f6nchengladbach (EWMG) hat eine neue Mieterin f\u00fcr ihre Immobilie Hindenburgstra\u00dfe 105 und kann damit nicht nur einen Leerstand beseitigen. Das Gesch\u00e4ft f\u00fcr Mode- und Wohnaccessoires Casa Bea zieht von der gegen\u00fcberliegenden Stra\u00dfenseite in das rund 150 qm gro\u00dfe Ladenlokal. Die bereits geplante Schlie\u00dfung des Einzelh\u00e4ndlers kann damit verhindert werden.<\/p>\n\n\n\n<p>Handtaschen, Schals, Schmuck, Lederg\u00fcrtel und saisonalen Dekoartikel \u2013 St\u00f6bern im Modegesch\u00e4ft Casa Bea ist ab Juli in der Hindenburgstra\u00dfe 105 m\u00f6glich. Kundinnen und Kunden m\u00fcssen keine neuen Wege gehen, sondern nur die Stra\u00dfenseite wechseln. Dank der Vermittlung durch der Wirtschaftsf\u00f6rderung M\u00f6nchengladbach (WFMG) hat Casa Bea das Gesch\u00e4ft von der Hindenburgstra\u00dfe 90-92 in die EWMG-Immobilie verlagert. Beim Mietvertrag wurden sich EWMG und Casa Bea schnell einig. EWMG und WFMG verhindern damit die bereits verk\u00fcndete Schlie\u00dfung eines beliebten Einzelh\u00e4ndlers. \u201eWir freuen uns, inhabergef\u00fchrte Gesch\u00e4fte wie Casa Bea in der Hindenburgstra\u00dfe halten zu k\u00f6nnen\u201c, sagt Dr. Ulrich Sch\u00fcckhaus, Vorsitzender der EWMG- und WFMG-Gesch\u00e4ftsf\u00fchrung. \u201eDas belebt die Stadt mit qualitativen Angeboten.\u201c<\/p>\n\n\n\n<p>Beate Aretz macht mit ihrem Laden Casa Bea bereits zum zweiten Mal Platz f\u00fcr ein gro\u00dfes Bauprojekt. Er\u00f6ffnet hatte sie es im M\u00e4rz 2009 in der Theatergalerie, die dem Minto weichen musste. Ihr Gesch\u00e4ft in der Hindenburgstra\u00dfe 90-92 wird bald f\u00fcr einen neuen Hotelbau ben\u00f6tigt. \u201eIch bin froh, dass wir nun doch nicht schlie\u00dfen m\u00fcssen und sogar in der M\u00f6nchengladbacher Innenstadt bleiben k\u00f6nnen\u201c, sagt Aretz. \u201eUnsere Kundinnen und Kunden haben sich gew\u00fcnscht, dass wir bleiben. Der neue Standort erlaubt es, unser Gesch\u00e4ft fast nahtlos weiterzuf\u00fchren.\u201c<\/p>\n\n\n\n<p>Quelle: <a href=\"http:\/\/www.ewmg.de\">EWMG<\/a><\/p>\n\n\n<figure class=\"wp-block-post-featured-image\"><img loading=\"lazy\" decoding=\"async\" width=\"2560\" height=\"1706\" src=\"https:\/\/standort-niederrhein.de\/wp-content\/uploads\/2025\/04\/Casa_Bea_bleibt_in_MG\u00a9EWMG_Albuquerque-scaled.jpg\" class=\"attachment-post-thumbnail size-post-thumbnail wp-post-image\" alt=\"\" style=\"object-fit:cover;\" srcset=\"https:\/\/standort-niederrhein.de\/wp-content\/uploads\/2025\/04\/Casa_Bea_bleibt_in_MG\u00a9EWMG_Albuquerque-scaled.jpg 2560w, https:\/\/standort-niederrhein.de\/wp-content\/uploads\/2025\/04\/Casa_Bea_bleibt_in_MG\u00a9EWMG_Albuquerque-300x200.jpg 300w, https:\/\/standort-niederrhein.de\/wp-content\/uploads\/2025\/04\/Casa_Bea_bleibt_in_MG\u00a9EWMG_Albuquerque-1024x682.jpg 1024w, https:\/\/standort-niederrhein.de\/wp-content\/uploads\/2025\/04\/Casa_Bea_bleibt_in_MG\u00a9EWMG_Albuquerque-768x512.jpg 768w, https:\/\/standort-niederrhein.de\/wp-content\/uploads\/2025\/04\/Casa_Bea_bleibt_in_MG\u00a9EWMG_Albuquerque-1536x1023.jpg 1536w, https:\/\/standort-niederrhein.de\/wp-content\/uploads\/2025\/04\/Casa_Bea_bleibt_in_MG\u00a9EWMG_Albuquerque-2048x1365.jpg 2048w, https:\/\/standort-niederrhein.de\/wp-content\/uploads\/2025\/04\/Casa_Bea_bleibt_in_MG\u00a9EWMG_Albuquerque-1080x720.jpg 1080w, https:\/\/standort-niederrhein.de\/wp-content\/uploads\/2025\/04\/Casa_Bea_bleibt_in_MG\u00a9EWMG_Albuquerque-1280x853.jpg 1280w, https:\/\/standort-niederrhein.de\/wp-content\/uploads\/2025\/04\/Casa_Bea_bleibt_in_MG\u00a9EWMG_Albuquerque-980x653.jpg 980w, https:\/\/standort-niederrhein.de\/wp-content\/uploads\/2025\/04\/Casa_Bea_bleibt_in_MG\u00a9EWMG_Albuquerque-480x320.jpg 480w\" sizes=\"(max-width: 2560px) 100vw, 2560px\" \/><\/figure>\n\n\n<p>Von links: Dr. Ulrich Sch\u00fcckhaus (Vorsitzender der Gesch\u00e4ftsleitungen von EWMG und WFMG), Beate Aretz (Eigent\u00fcmerin Casa Bea) und Michel Hontoy (Projektmanager WFMG) | Foto: EWMG\/ Albuquerque<\/p>\n","protected":false},"excerpt":{"rendered":"<p>M\u00f6nchengladbach. Die Entwicklungsgesellschaft der Stadt M\u00f6nchengladbach (EWMG) hat eine neue Mieterin f\u00fcr ihre Immobilie Hindenburgstra\u00dfe 105 und kann damit nicht nur einen Leerstand beseitigen. Das Gesch\u00e4ft f\u00fcr Mode- und Wohnaccessoires Casa Bea zieht von der gegen\u00fcberliegenden Stra\u00dfenseite in das rund 150 qm gro\u00dfe Ladenlokal. Die bereits geplante Schlie\u00dfung des Einzelh\u00e4ndlers kann damit verhindert werden. Handtaschen, [&hellip;]<\/p>\n","protected":false},"author":3,"featured_media":5848,"comment_status":"closed","ping_status":"closed","sticky":false,"template":"","format":"standard","meta":{"_et_pb_use_builder":"","_et_pb_old_content":"","_et_gb_content_width":"","footnotes":""},"categories":[1],"tags":[],"class_list":["post-5847","post","type-post","status-publish","format-standard","has-post-thumbnail","hentry","category-allgemein"],"_links":{"self":[{"href":"https:\/\/standort-niederrhein.de\/en\/wp-json\/wp\/v2\/posts\/5847","targetHints":{"allow":["GET"]}}],"collection":[{"href":"https:\/\/standort-niederrhein.de\/en\/wp-json\/wp\/v2\/posts"}],"about":[{"href":"https:\/\/standort-niederrhein.de\/en\/wp-json\/wp\/v2\/types\/post"}],"author":[{"embeddable":true,"href":"https:\/\/standort-niederrhein.de\/en\/wp-json\/wp\/v2\/users\/3"}],"replies":[{"embeddable":true,"href":"https:\/\/standort-niederrhein.de\/en\/wp-json\/wp\/v2\/comments?post=5847"}],"version-history":[{"count":1,"href":"https:\/\/standort-niederrhein.de\/en\/wp-json\/wp\/v2\/posts\/5847\/revisions"}],"predecessor-version":[{"id":5849,"href":"https:\/\/standort-niederrhein.de\/en\/wp-json\/wp\/v2\/posts\/5847\/revisions\/5849"}],"wp:featuredmedia":[{"embeddable":true,"href":"https:\/\/standort-niederrhein.de\/en\/wp-json\/wp\/v2\/media\/5848"}],"wp:attachment":[{"href":"https:\/\/standort-niederrhein.de\/en\/wp-json\/wp\/v2\/media?parent=5847"}],"wp:term":[{"taxonomy":"category","embeddable":true,"href":"https:\/\/standort-niederrhein.de\/en\/wp-json\/wp\/v2\/categories?post=5847"},{"taxonomy":"post_tag","embeddable":true,"href":"https:\/\/standort-niederrhein.de\/en\/wp-json\/wp\/v2\/tags?post=5847"}],"curies":[{"name":"wp","href":"https:\/\/api.w.org\/{rel}","templated":true}]}}