{"id":5844,"date":"2025-04-18T06:00:00","date_gmt":"2025-04-18T04:00:00","guid":{"rendered":"https:\/\/invest-in-niederrhein.de\/?p=5844"},"modified":"2025-04-28T09:51:01","modified_gmt":"2025-04-28T07:51:01","slug":"fachleute-tauschten-sich-im-kreishaus-zu-nachhaltigem-bauen-aus","status":"publish","type":"post","link":"https:\/\/standort-niederrhein.de\/en\/2025\/04\/18\/fachleute-tauschten-sich-im-kreishaus-zu-nachhaltigem-bauen-aus\/","title":{"rendered":"Fachleute tauschten sich im Kreishaus zu nachhaltigem Bauen aus"},"content":{"rendered":"\n<p><strong>Rhein-Kreis Neuss.<\/strong> Rund 30 Expertinnen und Experten aus der Kreisverwaltung und den Rath\u00e4usern der Kommunen im Rhein-Kreis Neuss trafen sich im Kreishaus Grevenbroich zur Fortbildung \u201eNachhaltigkeit in Stadtplanung und Bauen\u201c. Kreisdezernent Harald Vieten, der die Teilnehmenden und den Referenten Matthias Sch\u00e4pers von der Deutschen Gesellschaft f\u00fcr Nachhaltiges Bauen (DGNB) im Kreissitzungssaal zu dem eint\u00e4gigen Workshop begr\u00fc\u00dfte, freute sich \u00fcber die gro\u00dfe Resonanz. <\/p>\n\n\n\n<p>Vieten bem\u00e4ngelte, dass Bauen in Deutschland viel zu b\u00fcrokratisch, mit zu hohen Auflagen versehen und zu teuer sei, und sagte: \u201eWenn nicht einmal mehr Doppelverdiener sich in manchen Regionen einen Immobilienkauf leisten k\u00f6nnen, l\u00e4uft etwas schief in der Bauwirtschaft.\u201c Gleichzeitig propagierte er, dass der Geb\u00e4udesektor eines der wichtigsten Handlungsfelder im Bereich Klimaschutz sei. So werden 40 Prozent der Treibhausgasemissionen in Deutschland direkt oder indirekt durch die Baubranche verursacht. Der Kreisdezernent betonte: \u201eDas Bauwesen muss nicht nur nachhaltigen, sondern auch sozialen und wirtschaftlichen Grunds\u00e4tzen entsprechen. Dies in Einklang zu bringen, ist eine der gr\u00f6\u00dften Herausforderungen bei der Umsetzung des nachhaltigen Bauens.\u201c<\/p>\n\n\n\n<p>Als Trends in der nachhaltigen Bauwirtschaft nannte Vieten unter anderem neue intelligente und nachhaltige Materialien, modulare Geb\u00e4ude, 3-D-Druck, effizientere Planung und Baustellenbetrieb sowie klimafreundliche Energieversorgung und Verkehr vor Ort. \u201eWenn wir uns f\u00fcr den Schutz und die Erhaltung unserer nat\u00fcrlichen Lebensgrundlagen einsetzen wollen, m\u00fcssen wir uns zwangsl\u00e4ufig in Richtung umweltfreundlicheren Bauens bewegen\u201c, betonte Vieten.<\/p>\n\n\n\n<p>Die Fachleute aus den Kommunen, zumeist aus den Bereichen Architektur, Bauingenieurwesen und Stadtplanung tauschten sich unter anderem \u00fcber nachhaltige Stadt- und Quartiersentwicklung und Instrumente f\u00fcr nachhaltige Stadtentwicklung aus und erhielten zudem einen \u00dcberblick \u00fcber m\u00f6gliche F\u00f6rdert\u00f6pfe.<\/p>\n\n\n\n<p>Die Idee, die Schulung auch f\u00fcr die kreisangeh\u00f6rigen Kommunen zu \u00f6ffnen, ist in der Allianz f\u00fcr Klima und Nachhaltigkeit entstanden, der sowohl der Kreis als auch alle acht kreisangeh\u00f6rigen Kommunen mit ihren Nachhaltigkeits- und Klimaschutzmanagern angeh\u00f6ren. Die Allianz hatte die Fortbildung in Kooperation mit der Deutschen Gesellschaft f\u00fcr Nachhaltiges Bauen organisiert.<\/p>\n\n\n\n<p>Quelle: <a href=\"http:\/\/www.rhein-kreis-neuss.de\">Rhein-Kreis Neuss<\/a><\/p>\n\n\n<figure class=\"wp-block-post-featured-image\"><img loading=\"lazy\" decoding=\"async\" width=\"2560\" height=\"1703\" src=\"https:\/\/standort-niederrhein.de\/wp-content\/uploads\/2025\/04\/2025-04-09-Nachhaltiges-Bauen-3-scaled.jpg\" class=\"attachment-post-thumbnail size-post-thumbnail wp-post-image\" alt=\"\" style=\"object-fit:cover;\" srcset=\"https:\/\/standort-niederrhein.de\/wp-content\/uploads\/2025\/04\/2025-04-09-Nachhaltiges-Bauen-3-scaled.jpg 2560w, https:\/\/standort-niederrhein.de\/wp-content\/uploads\/2025\/04\/2025-04-09-Nachhaltiges-Bauen-3-1280x852.jpg 1280w, https:\/\/standort-niederrhein.de\/wp-content\/uploads\/2025\/04\/2025-04-09-Nachhaltiges-Bauen-3-980x652.jpg 980w, https:\/\/standort-niederrhein.de\/wp-content\/uploads\/2025\/04\/2025-04-09-Nachhaltiges-Bauen-3-480x319.jpg 480w\" sizes=\"(min-width: 0px) and (max-width: 480px) 480px, (min-width: 481px) and (max-width: 980px) 980px, (min-width: 981px) and (max-width: 1280px) 1280px, (min-width: 1281px) 2560px, 100vw\" \/><\/figure>\n\n\n<p>Kreisdezernent Harald Vieten (5.v.r. vorne) begr\u00fc\u00dfte die Expertinnen und Experten aus der Kreisverwaltung und den Kommunen zur Fortbildung \u201eNachhaltigkeit in Stadtplanung und Bauen\u201c. | Foto: S. B\u00fcntig\/ Rhein-Kreis Neuss<\/p>\n","protected":false},"excerpt":{"rendered":"<p>Rhein-Kreis Neuss. Rund 30 Expertinnen und Experten aus der Kreisverwaltung und den Rath\u00e4usern der Kommunen im Rhein-Kreis Neuss trafen sich im Kreishaus Grevenbroich zur Fortbildung \u201eNachhaltigkeit in Stadtplanung und Bauen\u201c. Kreisdezernent Harald Vieten, der die Teilnehmenden und den Referenten Matthias Sch\u00e4pers von der Deutschen Gesellschaft f\u00fcr Nachhaltiges Bauen (DGNB) im Kreissitzungssaal zu dem eint\u00e4gigen Workshop [&hellip;]<\/p>\n","protected":false},"author":3,"featured_media":5845,"comment_status":"closed","ping_status":"closed","sticky":false,"template":"","format":"standard","meta":{"_et_pb_use_builder":"","_et_pb_old_content":"","_et_gb_content_width":"","footnotes":""},"categories":[1],"tags":[],"class_list":["post-5844","post","type-post","status-publish","format-standard","has-post-thumbnail","hentry","category-allgemein"],"_links":{"self":[{"href":"https:\/\/standort-niederrhein.de\/en\/wp-json\/wp\/v2\/posts\/5844","targetHints":{"allow":["GET"]}}],"collection":[{"href":"https:\/\/standort-niederrhein.de\/en\/wp-json\/wp\/v2\/posts"}],"about":[{"href":"https:\/\/standort-niederrhein.de\/en\/wp-json\/wp\/v2\/types\/post"}],"author":[{"embeddable":true,"href":"https:\/\/standort-niederrhein.de\/en\/wp-json\/wp\/v2\/users\/3"}],"replies":[{"embeddable":true,"href":"https:\/\/standort-niederrhein.de\/en\/wp-json\/wp\/v2\/comments?post=5844"}],"version-history":[{"count":1,"href":"https:\/\/standort-niederrhein.de\/en\/wp-json\/wp\/v2\/posts\/5844\/revisions"}],"predecessor-version":[{"id":5846,"href":"https:\/\/standort-niederrhein.de\/en\/wp-json\/wp\/v2\/posts\/5844\/revisions\/5846"}],"wp:featuredmedia":[{"embeddable":true,"href":"https:\/\/standort-niederrhein.de\/en\/wp-json\/wp\/v2\/media\/5845"}],"wp:attachment":[{"href":"https:\/\/standort-niederrhein.de\/en\/wp-json\/wp\/v2\/media?parent=5844"}],"wp:term":[{"taxonomy":"category","embeddable":true,"href":"https:\/\/standort-niederrhein.de\/en\/wp-json\/wp\/v2\/categories?post=5844"},{"taxonomy":"post_tag","embeddable":true,"href":"https:\/\/standort-niederrhein.de\/en\/wp-json\/wp\/v2\/tags?post=5844"}],"curies":[{"name":"wp","href":"https:\/\/api.w.org\/{rel}","templated":true}]}}