{"id":5834,"date":"2025-04-23T06:00:00","date_gmt":"2025-04-23T04:00:00","guid":{"rendered":"https:\/\/invest-in-niederrhein.de\/?p=5834"},"modified":"2025-04-11T09:03:08","modified_gmt":"2025-04-11T07:03:08","slug":"mit-engagement-und-ideenreichtum-auf-dem-weg-zur-nachhaltigkeit","status":"publish","type":"post","link":"https:\/\/standort-niederrhein.de\/en\/2025\/04\/23\/mit-engagement-und-ideenreichtum-auf-dem-weg-zur-nachhaltigkeit\/","title":{"rendered":"Mit Engagement und Ideenreichtum auf dem Weg zur Nachhaltigkeit"},"content":{"rendered":"\n<p><strong>Krefeld.<\/strong> Halbzeit bei \u00d6KOPROFIT\u00ae Krefeld: Acht engagierte Betriebe der Region trafen sich k\u00fcrzlich bei der Siempelkamp Giesserei GmbH zur Pr\u00e4sentation ihrer Zwischenbilanz. Gemeinsam ziehen sie ein positives Fazit \u2013 mit sichtbaren Ergebnissen in Sachen Umweltschutz und Wirtschaftlichkeit. Die Resonanz: Klimaschutz kann nicht nur sinnvoll, sondern auch wirtschaftlich rentabel sein \u2013 und sogar Spa\u00df machen.<\/p>\n\n\n\n<p>Das erfahren seit Projektstart im Oktober 2024 die Akteure der Borgmann Automobilh\u00e4ndler GmbH, der Diakonie Krefeld &amp; Viersen, der DURUM Verschlei\u00dfschutz GmbH, des Kommunalbetriebs Krefeld (KBK), der Leurs Elektrotechnik GmbH, der Andreas Pavel Dachdecker GmbH &amp; Co. KG, der Siempelkamp Giesserei GmbH und des Sportclubs Krefeld 1905 e.V.<\/p>\n\n\n\n<p>Seit letztem Herbst arbeiten die Unternehmen kontinuierlich daran, \u00f6kologische Verantwortung und \u00f6konomische Effizienz zu vereinen. Ausgel\u00f6st hat das der strukturierte Ansatz von \u00d6KOPROFIT<sup>\u00ae<\/sup> \u2013 dem \u201e\u00d6kologischen Projekt f\u00fcr integrierte Umweltschutztechnik\u201c. In Workshops, individuellen Beratungen und im Erfahrungsaustausch entstanden die ersten praxisnahen L\u00f6sungen, die Ressourcen schonen, Emissionen vermeiden und gleichzeitig Einsparungen erm\u00f6glichen.<\/p>\n\n\n\n<p>Bisher wurden f\u00fcnf themenspezifische Workshops durchgef\u00fchrt, die reihum bei den beteiligten Unternehmen stattfanden. Themen wie \u201eAbfallmanagement\u201c, \u201e\u00f6kologischer Einkauf\u201c oder \u201eMobilit\u00e4t\u201c wurden nicht nur theoretisch behandelt. Vielmehr m\u00fcndeten diese in konkrete Ma\u00dfnahmen. Diese sind so unterschiedlich wie die beteiligten Branchen.<\/p>\n\n\n\n<p>Mit Blick auf das Ziel bis 2045 CO\u2082-neutral zu produzieren, spart die Siempelkamp Giesserei GmbH durch technische Modernisierungen j\u00e4hrlich rund eine Million Kilowattstunden (kWh) ein, w\u00e4hrend Andreas Pavel mit seiner gleichnamigen Dachdecker GmbH &amp; Co. KG im Betrieb befindliche Kaffeeautomaten durch alternative Modelle ersetzte, um M\u00fcll zu vermeiden. Zudem hat er seine Angebotspalette mittlerweile auch um nachhaltige Hallen-Neubauten in Holzbauweise erweitert. Bei der Borgmann Automobilh\u00e4ndler GmbH wurden weitere Teile der Beleuchtung auf LEDs umgestellt. Dar\u00fcber hinaus soll nachhaltiger eingekauft werden als bisher. Und die Verantwortlichen bei der Diakonie Krefeld &amp; Viersen setzen auf \u00d6PNV-Jobtickets und mehr Fahrradfreundlichkeit f\u00fcr Besch\u00e4ftigte wie Kundenkreis. Zudem planen sie Balkonkraftwerke auf ihren Einrichtungen. Die DURUM Verschlei\u00dfschutz GmbH dagegen setzt bislang auf Digitalisierung der Prozesse und besonders auf die Sammlung von Tonerkartuschen. Jetzt hat die Belegschaft noch ein ambitionierteres Ziel in den Blick genommen: Perspektivisch soll eine 100-prozentige Umstellung auf erneuerbare Energien erfolgen. Und der Kommunalbetrieb Krefeld (KBK) trennt Abf\u00e4lle seit Einstieg ins \u00d6KOPROFIT<sup>\u00ae<\/sup> Krefeld konsequenter. Dar\u00fcber hinaus nutzt die Belegschaft mehr \u00d6PNV-Tickets und verwendet Recyclingpapier. Die Leurs Elektrotechnik GmbH verbessert ihr Abfallmanagement seit Beginn des Projekts und sensibilisiert Mitarbeitende f\u00fcr Fahrgemeinschaften und spritsparendes Fahren. Last but not least ist da noch der Sportclub Krefeld 1905 e.V., der seinePhotovoltaikanlagen ausbauen will und alternative W\u00e4rmeversorgungskonzepte pr\u00fcft.<\/p>\n\n\n\n<p>Projektkoordinator Angel Alava Pons von KREFELD BUSINESS sowie die Beiratsmitglieder, darunter Henning H. Sittel von der Effizienzagentur NRW Regionalb\u00fcro Niederrhein und Coco B\u00fcsing von der IHK Mittlerer Niederrhein, zeigten sich begeistert von den Ergebnissen, die die beteiligten Unternehmen zur \u201eHalbzeit\u201c vorweisen konnten.<\/p>\n\n\n\n<p><strong>\u201e<\/strong>Was wir hier erleben, ist gelebte Transformation \u2013 mit ganz konkreten Schritten sowie messbaren Erfolgen\u201c, betont zudem Dr. Natalia Balc\u00e1zar Navarro, Gesch\u00e4ftsf\u00fchrerin des mit der Projektdurchf\u00fchrung beauftragten Beratungsunternehmen ENVIROpro. \u201eDie Firmen zeigen, dass Nachhaltigkeit keine leere Worth\u00fclse ist, sondern durch praktische Ma\u00dfnahmen umgesetzt werden kann \u2013 und zwar branchen\u00fcbergreifend. \u201eBesonders beeindruckend ist die Offenheit und Lernbereitschaft aller Beteiligten. Sie hinterfragen bestehende Abl\u00e4ufe kritisch und entwickeln mutige, innovative L\u00f6sungen\u201c, bemerkt Alava Pons. Auch f\u00fcr den Projektbeirat ist die Zusammenarbeit inspirierend: \u201eDie Vielfalt an Ideen und das Engagement der Menschen vor Ort sind die eigentlichen Motoren des Projekts\u201c, wei\u00df Sittel.<\/p>\n\n\n\n<p>Und es geht weiter: In den kommenden Monaten stehen unter der Federf\u00fchrung des unterst\u00fctzenden Beratungsunternehmens einsf\u00fcnf\u00b0 Themen wie \u201eEnergiemanagement\u201c, \u201eCO\u2082-Bilanzierung und Nachhaltigkeit\u201c auf dem Programm. Im Anschluss daran erfolgt die Pr\u00fcfung der individuellen Ma\u00dfnahmen, bevor das Projekt mit der offiziellen Zertifizierung abgeschlossen wird.<\/p>\n\n\n\n<p>\u00d6KOPROFIT<sup>\u00ae<\/sup> Krefeld zeigt: \u00d6kologisches Handeln und Kosteneinsparungen k\u00f6nnen ineinandergreifen. So entsteht eine Win-Win-Situation \u2013 gerade in Zeiten wirtschaftlicher Unsicherheit und zunehmender Unternehmensanforderungen.<\/p>\n\n\n\n<p>Interessierte Unternehmen k\u00f6nnen sich bereits jetzt f\u00fcr die n\u00e4chste Projektrunde vormerken lassen. Mehr Informationen dazu sind abrufbar unter: <a href=\"https:\/\/klimapakt-krefeld.de\/wp-content\/uploads\/Oekoprofit_Infoblatt-2023.pdf\">https:\/\/klimapakt-krefeld.de\/wp-content\/uploads\/Oekoprofit_Infoblatt-2023.pdf<\/a><\/p>\n\n\n\n<p>Quelle: <a href=\"http:\/\/www.krefeld-business.de\">KREFLED BUSINESS<\/a><\/p>\n\n\n<figure class=\"wp-block-post-featured-image\"><img loading=\"lazy\" decoding=\"async\" width=\"3851\" height=\"2024\" src=\"https:\/\/standort-niederrhein.de\/wp-content\/uploads\/2025\/04\/KREFELD-BUSINESS_Zwischenbilanz-2025-Oekoprofit-Stadt-Krefeld_Nutzungsrechte_KREFELD-BUSINESS.png\" class=\"attachment-post-thumbnail size-post-thumbnail wp-post-image\" alt=\"\" style=\"object-fit:cover;\" srcset=\"https:\/\/standort-niederrhein.de\/wp-content\/uploads\/2025\/04\/KREFELD-BUSINESS_Zwischenbilanz-2025-Oekoprofit-Stadt-Krefeld_Nutzungsrechte_KREFELD-BUSINESS.png 3851w, https:\/\/standort-niederrhein.de\/wp-content\/uploads\/2025\/04\/KREFELD-BUSINESS_Zwischenbilanz-2025-Oekoprofit-Stadt-Krefeld_Nutzungsrechte_KREFELD-BUSINESS-1280x673.png 1280w, https:\/\/standort-niederrhein.de\/wp-content\/uploads\/2025\/04\/KREFELD-BUSINESS_Zwischenbilanz-2025-Oekoprofit-Stadt-Krefeld_Nutzungsrechte_KREFELD-BUSINESS-980x515.png 980w, https:\/\/standort-niederrhein.de\/wp-content\/uploads\/2025\/04\/KREFELD-BUSINESS_Zwischenbilanz-2025-Oekoprofit-Stadt-Krefeld_Nutzungsrechte_KREFELD-BUSINESS-480x252.png 480w\" sizes=\"(min-width: 0px) and (max-width: 480px) 480px, (min-width: 481px) and (max-width: 980px) 980px, (min-width: 981px) and (max-width: 1280px) 1280px, (min-width: 1281px) 3851px, 100vw\" \/><\/figure>\n\n\n<p>Nachhaltig, wirksam, wirtschaftlich: \u00d6KOPROFIT<sup>\u00ae<\/sup> Krefeld zieht erfolgreiche Zwischenbilanz | Urheberin: Annegret Angerhausen-Reuter, Nutzungsrechte: KREFELD BUSINESS<\/p>\n","protected":false},"excerpt":{"rendered":"<p>Krefeld. Halbzeit bei \u00d6KOPROFIT\u00ae Krefeld: Acht engagierte Betriebe der Region trafen sich k\u00fcrzlich bei der Siempelkamp Giesserei GmbH zur Pr\u00e4sentation ihrer Zwischenbilanz. Gemeinsam ziehen sie ein positives Fazit \u2013 mit sichtbaren Ergebnissen in Sachen Umweltschutz und Wirtschaftlichkeit. Die Resonanz: Klimaschutz kann nicht nur sinnvoll, sondern auch wirtschaftlich rentabel sein \u2013 und sogar Spa\u00df machen. Das [&hellip;]<\/p>\n","protected":false},"author":3,"featured_media":5835,"comment_status":"closed","ping_status":"closed","sticky":false,"template":"","format":"standard","meta":{"_et_pb_use_builder":"","_et_pb_old_content":"","_et_gb_content_width":"","footnotes":""},"categories":[1],"tags":[],"class_list":["post-5834","post","type-post","status-publish","format-standard","has-post-thumbnail","hentry","category-allgemein"],"_links":{"self":[{"href":"https:\/\/standort-niederrhein.de\/en\/wp-json\/wp\/v2\/posts\/5834","targetHints":{"allow":["GET"]}}],"collection":[{"href":"https:\/\/standort-niederrhein.de\/en\/wp-json\/wp\/v2\/posts"}],"about":[{"href":"https:\/\/standort-niederrhein.de\/en\/wp-json\/wp\/v2\/types\/post"}],"author":[{"embeddable":true,"href":"https:\/\/standort-niederrhein.de\/en\/wp-json\/wp\/v2\/users\/3"}],"replies":[{"embeddable":true,"href":"https:\/\/standort-niederrhein.de\/en\/wp-json\/wp\/v2\/comments?post=5834"}],"version-history":[{"count":1,"href":"https:\/\/standort-niederrhein.de\/en\/wp-json\/wp\/v2\/posts\/5834\/revisions"}],"predecessor-version":[{"id":5836,"href":"https:\/\/standort-niederrhein.de\/en\/wp-json\/wp\/v2\/posts\/5834\/revisions\/5836"}],"wp:featuredmedia":[{"embeddable":true,"href":"https:\/\/standort-niederrhein.de\/en\/wp-json\/wp\/v2\/media\/5835"}],"wp:attachment":[{"href":"https:\/\/standort-niederrhein.de\/en\/wp-json\/wp\/v2\/media?parent=5834"}],"wp:term":[{"taxonomy":"category","embeddable":true,"href":"https:\/\/standort-niederrhein.de\/en\/wp-json\/wp\/v2\/categories?post=5834"},{"taxonomy":"post_tag","embeddable":true,"href":"https:\/\/standort-niederrhein.de\/en\/wp-json\/wp\/v2\/tags?post=5834"}],"curies":[{"name":"wp","href":"https:\/\/api.w.org\/{rel}","templated":true}]}}