{"id":5819,"date":"2025-04-14T06:00:00","date_gmt":"2025-04-14T04:00:00","guid":{"rendered":"https:\/\/invest-in-niederrhein.de\/?p=5819"},"modified":"2025-04-10T08:58:26","modified_gmt":"2025-04-10T06:58:26","slug":"foerdermittel-unterwegs-in-kaarst-erfolgreiche-informationsveranstaltung","status":"publish","type":"post","link":"https:\/\/standort-niederrhein.de\/en\/2025\/04\/14\/foerdermittel-unterwegs-in-kaarst-erfolgreiche-informationsveranstaltung\/","title":{"rendered":"\"F\u00f6rdermittel unterwegs\" in Kaarst: Erfolgreiche Informationsveranstaltung"},"content":{"rendered":"\n<p><strong>Rhein-Kreis Neuss.<\/strong> Die Veranstaltung \u201eF\u00f6rdermittel unterwegs\u201c in Kaarst war ein Erfolg. Zahlreiche interessierte Unternehmen aus der Stadt nutzten die Gelegenheit, sich umfassend \u00fcber f\u00f6rderpolitische M\u00f6glichkeiten zu informieren, ihre Projekte vorzustellen und sich von Experten beraten zu lassen. Organisiert wurde die Veranstaltung von der Wirtschaftsf\u00f6rderung der Stadt Kaarst in Zusammenarbeit mit der NRW.Bank und dem Rhein-Kreis Neuss.<\/p>\n\n\n\n<p>Die teilnehmenden Betriebe konnten direkt vor Ort bei ihrem Investitionsvorhaben beraten werden. F\u00fcr die NRW.Bank waren Dr. Klaus-Hendrik Mester und Stephan Kunz dabei. \u201eWir freuen uns, dass wir mit dieser Veranstaltung Unternehmen aus Kaarst aktiv bei der Realisierung ihrer Projekte unterst\u00fctzen konnten. Die hohe Nachfrage zeigt den gro\u00dfen Informationsbedarf in diesem Bereich\u201c, so Madita Beeckmann von der Kaarster Wirtschaftsf\u00f6rderung.<\/p>\n\n\n\n<p>Im Fokus standen F\u00f6rder- und Finanzierungsm\u00f6glichkeiten von Land, Bund und Europ\u00e4ischer Union. Die Teilnehmer konnten sich unter anderem \u00fcber Zuschussprogramme, F\u00f6rderkredite und Eigenkapitalbereitstellungen informieren. Zudem wurden spezielle Programme in den Bereichen Wachstum, Innovation, Digitalisierung und Nachhaltigkeit vorgestellt.<\/p>\n\n\n\n<p>\u201eDie Veranstaltung hat gezeigt, wie wertvoll eine gezielte F\u00f6rdermittelberatung f\u00fcr Unternehmen ist. Durch die individuelle Begleitung konnten wir konkrete Projekte auf den Weg bringen und den Teilnehmern wertvolle Perspektiven er\u00f6ffnen\u201c, so Alana Voigt von der Wirtschaftsf\u00f6rderung des Rhein-Kreises Neuss. Die Veranstaltungsreihe \u201eF\u00f6rdermittel unterwegs\u201c hatte zuletzt in Korschenbroich begonnen und wird k\u00fcnftig in weiteren Kommunen an Rhein, Erft und Gillach stattfinden. Sobald neue Termine feststehen, werden sie bekannt gegeben. Unternehmen und Interessierte aus Kaarst, die die Beratung verpasst haben, k\u00f6nnen sich an die Wirtschaftsf\u00f6rderung wenden, um Termine zu vereinbaren. Ansprechpartnerin ist Alana Voigt.<\/p>\n\n\n\n<p>Quelle: <a href=\"http:\/\/www.rhein-kreis-neuss.de\">Rhein-Kreis Neuss<\/a><\/p>\n\n\n<figure class=\"wp-block-post-featured-image\"><img loading=\"lazy\" decoding=\"async\" width=\"2106\" height=\"2560\" src=\"https:\/\/standort-niederrhein.de\/wp-content\/uploads\/2025\/04\/IMG_9194-scaled.jpg\" class=\"attachment-post-thumbnail size-post-thumbnail wp-post-image\" alt=\"\" style=\"object-fit:cover;\" srcset=\"https:\/\/standort-niederrhein.de\/wp-content\/uploads\/2025\/04\/IMG_9194-scaled.jpg 2106w, https:\/\/standort-niederrhein.de\/wp-content\/uploads\/2025\/04\/IMG_9194-1280x1556.jpg 1280w, https:\/\/standort-niederrhein.de\/wp-content\/uploads\/2025\/04\/IMG_9194-980x1191.jpg 980w, https:\/\/standort-niederrhein.de\/wp-content\/uploads\/2025\/04\/IMG_9194-480x583.jpg 480w\" sizes=\"(min-width: 0px) and (max-width: 480px) 480px, (min-width: 481px) and (max-width: 980px) 980px, (min-width: 981px) and (max-width: 1280px) 1280px, (min-width: 1281px) 2106px, 100vw\" \/><\/figure>\n\n\n<p>\u201eF\u00f6rdermittel unterwegs\u201c in Kaarst (von links): Dr. Klaus-Hendrik Mester, Alana Voigt, Stephan Kunz und Madita Beeckmann informierten die Unternehmen \u00fcber Finanzierungsm\u00f6glichkeiten. | Foto: Rhein-Kreis Neuss<\/p>\n","protected":false},"excerpt":{"rendered":"<p>Rhein-Kreis Neuss. Die Veranstaltung \u201eF\u00f6rdermittel unterwegs\u201c in Kaarst war ein Erfolg. Zahlreiche interessierte Unternehmen aus der Stadt nutzten die Gelegenheit, sich umfassend \u00fcber f\u00f6rderpolitische M\u00f6glichkeiten zu informieren, ihre Projekte vorzustellen und sich von Experten beraten zu lassen. Organisiert wurde die Veranstaltung von der Wirtschaftsf\u00f6rderung der Stadt Kaarst in Zusammenarbeit mit der NRW.Bank und dem Rhein-Kreis [&hellip;]<\/p>\n","protected":false},"author":3,"featured_media":5820,"comment_status":"closed","ping_status":"closed","sticky":false,"template":"","format":"standard","meta":{"_et_pb_use_builder":"","_et_pb_old_content":"","_et_gb_content_width":"","footnotes":""},"categories":[1],"tags":[],"class_list":["post-5819","post","type-post","status-publish","format-standard","has-post-thumbnail","hentry","category-allgemein"],"_links":{"self":[{"href":"https:\/\/standort-niederrhein.de\/en\/wp-json\/wp\/v2\/posts\/5819","targetHints":{"allow":["GET"]}}],"collection":[{"href":"https:\/\/standort-niederrhein.de\/en\/wp-json\/wp\/v2\/posts"}],"about":[{"href":"https:\/\/standort-niederrhein.de\/en\/wp-json\/wp\/v2\/types\/post"}],"author":[{"embeddable":true,"href":"https:\/\/standort-niederrhein.de\/en\/wp-json\/wp\/v2\/users\/3"}],"replies":[{"embeddable":true,"href":"https:\/\/standort-niederrhein.de\/en\/wp-json\/wp\/v2\/comments?post=5819"}],"version-history":[{"count":1,"href":"https:\/\/standort-niederrhein.de\/en\/wp-json\/wp\/v2\/posts\/5819\/revisions"}],"predecessor-version":[{"id":5821,"href":"https:\/\/standort-niederrhein.de\/en\/wp-json\/wp\/v2\/posts\/5819\/revisions\/5821"}],"wp:featuredmedia":[{"embeddable":true,"href":"https:\/\/standort-niederrhein.de\/en\/wp-json\/wp\/v2\/media\/5820"}],"wp:attachment":[{"href":"https:\/\/standort-niederrhein.de\/en\/wp-json\/wp\/v2\/media?parent=5819"}],"wp:term":[{"taxonomy":"category","embeddable":true,"href":"https:\/\/standort-niederrhein.de\/en\/wp-json\/wp\/v2\/categories?post=5819"},{"taxonomy":"post_tag","embeddable":true,"href":"https:\/\/standort-niederrhein.de\/en\/wp-json\/wp\/v2\/tags?post=5819"}],"curies":[{"name":"wp","href":"https:\/\/api.w.org\/{rel}","templated":true}]}}