{"id":5816,"date":"2025-04-11T06:00:00","date_gmt":"2025-04-11T04:00:00","guid":{"rendered":"https:\/\/invest-in-niederrhein.de\/?p=5816"},"modified":"2025-04-10T08:54:34","modified_gmt":"2025-04-10T06:54:34","slug":"das-bewerbungsgespraech-ist-wie-ein-erstes-date","status":"publish","type":"post","link":"https:\/\/standort-niederrhein.de\/en\/2025\/04\/11\/das-bewerbungsgespraech-ist-wie-ein-erstes-date\/","title":{"rendered":"\u201eDas Bewerbungsgespr\u00e4ch ist wie ein erstes Date\u201c"},"content":{"rendered":"\n<p><strong>Kreis Kleve\/ Emmerich am Rhein. <\/strong>Feierliches Finale in Emmerich am Rhein: Die aktuelle Reihe der<strong> <\/strong>Unternehmerfr\u00fchst\u00fccke der Wirtschaftsf\u00f6rderung Kreis Kleve fand nun im PAN Kunstforum ihren Abschluss. \u00a0<strong>\u00a0<\/strong>Die Veranstaltung, die in Kooperation mit der Stadt Emmerich am Rhein durchgef\u00fchrt wurde, stand unter dem Motto: \u201eFachkr\u00e4ftemangel: Herausforderungen und zukunftsweisende L\u00f6sungsans\u00e4tze\u201c. \u00a0\u00a0\u00a0<\/p>\n\n\n\n<p>Er\u00f6ffnet wurde das Unternehmerfr\u00fchst\u00fcck durch B\u00fcrgermeister Peter Hinze, der die G\u00e4ste begr\u00fc\u00dfte. Aktuelle Themen und Projekte stellte Sara Kreipe, Gesch\u00e4ftsf\u00fchrerin der Wirtschaftsf\u00f6rderungs- und Stadtmarketing Gesellschaft Emmerich am Rhein mbH, vor. In Arbeit sei ein neues Standortexpos\u00e9, das gezielte Marketingma\u00dfnahmen beinhaltet. Gest\u00e4rkt werden solle die grenz\u00fcberschreitende Zusammenarbeit, so Kreipe. Zum Thema K\u00fcnstliche Intelligenz will die WFG Emmerich Infoveranstaltungen und Schulungen anbieten, ein weiterer Schwerpunkt liegt auf der Kooperation mit lokalen Schulen beim \u00dcbergang von der Schule in den Beruf.<\/p>\n\n\n\n<p>Anschlie\u00dfend stellte Gesch\u00e4ftsf\u00fchrerin Brigitte Jansen den G\u00e4sten die vielf\u00e4ltigen Aktivit\u00e4ten der Kreis-Wirtschaftsf\u00f6rderung vor. Am 21. Mai wird im Rahmen der Veranstaltung \u201eForum Kreis Kleve\u201c der Hochschulpreis der Wirtschaftsf\u00f6rderung Kreis Kleve vergeben. \u201eBewerbungen f\u00fcr Projekte zwischen Unternehmen aus der Region und der Hochschule Rhein-Waal nehmen wir gerne entgegen\u201c, betonte die Kreis-Wirtschaftsf\u00f6rderin.<\/p>\n\n\n\n<p>Barbara Ossyra, Gesch\u00e4ftsf\u00fchrerin der auch f\u00fcr den Kreis Kleve zust\u00e4ndigen Agentur f\u00fcr Arbeit Wesel, und Carina Cleven-Pawletko, Leiterin der Abteilung Jobcenter und Migration des Kreises Kleve, pr\u00e4sentierten verschiedene Angebote f\u00fcr Unternehmerinnen und Unternehmer. Sascha Bongertmann von der Agentur f\u00fcr Arbeit und Max J\u00fcrgens vom Jobcenter Kreis Kleve stellten hilfreiche Unterst\u00fctzungsm\u00f6glichkeiten vor &#8211; von der Besch\u00e4ftigtenqualifizierung \u00fcber den Job-Turbo bis zur Fachkr\u00e4fte-Gewinnung aus dem Ausland.<\/p>\n\n\n\n<p>In einer Gespr\u00e4chsrunde, moderiert durch Andrea Franken, ging es anschlie\u00dfend um Erfolg bringende Ma\u00dfnahmen beim Recruiting. Horst Derksen, Gesch\u00e4ftsf\u00fchrer der Gebr\u00fcder Derksen GmbH, betreibt in Emmerich am Rhein zwei Tankstellen und besch\u00e4ftigt rund 80 Mitarbeitende. Erfolgreich beim Recruiting sei er vor allem mit Social-Media-Aktivit\u00e4ten. \u201eWir legen auch offen, welche Geh\u00e4lter wir zahlen, das kommt gut an bei Bewerben\u201c, sagte Derksen. Seine Erfolgsformel: \u201eWertsch\u00e4tzung und Klarheit schaffen Vertrauen, st\u00e4rken das Selbstbewusstsein der Mitarbeitenden, f\u00f6rdern ihr Engagement und sorgen so f\u00fcr Erfolg.\u201c<\/p>\n\n\n\n<p>Peter Hinze steht als B\u00fcrgermeister an der Spitze der Stadtverwaltung mit rund 300 Mitarbeitenden, darunter 14 Auszubildende. \u201eEs ist wichtig, sich von steifen Hierarchien zu verabschieden\u201c, betonte Hinze. \u201eJeder Mitarbeiter, von der Reinigungskraft bis zum Fachbereichsleiter ist wichtig, damit der Betrieb funktioniert\u201c, sagte er. Die Emmericher Stadtverwaltung punkte bei Bewerbern aber auch beim bereits vorhandenen Personal mit einem guten betrieblichen Gesundheitsmanagement, einem offenen Ohr f\u00fcr die Sorgen und W\u00fcnsche der Mitarbeitenden und flexiblen Arbeitszeitmodellen.<\/p>\n\n\n\n<p>Jordi Queralt ist Gesch\u00e4ftsf\u00fchrer der H. von Gimborn GmbH, die in Emmerich am Rhein Snacks und Nahrungserg\u00e4nzungsmittel f\u00fcr Katzen und Hunde produziert. Am Standort Emmerich arbeiten 140 von weltweit 240 Mitarbeitenden. Mit Blick auf das Recruiting sagte Queralt: \u201eEin Bewerbungsgespr\u00e4ch ist wie ein erstes Date, es muss knistern. Dabei gibt es nur Liebe auf den ersten und den zweiten Blick oder aber gar keine Liebe.\u201c F\u00fcr den Arbeitgeber sei es wichtig, authentisch zu sein und auch so aufzutreten, sonst werde es mit der Suche nach geeigneten Fachkr\u00e4ften schwierig. &nbsp;&nbsp;Die H. von Gimborn GmbH bietet Mitarbeitenden neben Homeoffice-M\u00f6glichkeiten auch die M\u00f6glichkeit, sich einmal die Woche von einem Physiotherapeuten, der ins Unternehmen kommt, behandeln zu lassen. \u201eWer m\u00f6chte kann auch seinen Hund mit ins B\u00fcro bringen, auch das wird gerne genutzt\u201c, sagte Queralt. Abschlie\u00dfend bedankte sich Kreis-Wirtschaftsf\u00f6rderin Brigitte Jansen bei allen Besucherinnen und Besuchern sowie Mitwirkenden der zur\u00fcckliegenden Unternehmerfr\u00fchst\u00fccksreihe. Ab Mitte 2025 startet dann eine neue Runde mit neuen Themen, auf die man jetzt schon gespannt sein kann.<\/p>\n\n\n\n<p>Quelle: <a href=\"http:\/\/www.wfg-kreis-kleve.de\">WFG Kreis Kleve<\/a><\/p>\n\n\n<figure class=\"wp-block-post-featured-image\"><img loading=\"lazy\" decoding=\"async\" width=\"2560\" height=\"1562\" src=\"https:\/\/standort-niederrhein.de\/wp-content\/uploads\/2025\/04\/Unternehmerfruehstueck_Emmerich_Bildausschnitt-scaled.jpg\" class=\"attachment-post-thumbnail size-post-thumbnail wp-post-image\" alt=\"\" style=\"object-fit:cover;\" srcset=\"https:\/\/standort-niederrhein.de\/wp-content\/uploads\/2025\/04\/Unternehmerfruehstueck_Emmerich_Bildausschnitt-scaled.jpg 2560w, https:\/\/standort-niederrhein.de\/wp-content\/uploads\/2025\/04\/Unternehmerfruehstueck_Emmerich_Bildausschnitt-1280x781.jpg 1280w, https:\/\/standort-niederrhein.de\/wp-content\/uploads\/2025\/04\/Unternehmerfruehstueck_Emmerich_Bildausschnitt-980x598.jpg 980w, https:\/\/standort-niederrhein.de\/wp-content\/uploads\/2025\/04\/Unternehmerfruehstueck_Emmerich_Bildausschnitt-480x293.jpg 480w\" sizes=\"(min-width: 0px) and (max-width: 480px) 480px, (min-width: 481px) and (max-width: 980px) 980px, (min-width: 981px) and (max-width: 1280px) 1280px, (min-width: 1281px) 2560px, 100vw\" \/><\/figure>\n\n\n<p>Die Protagonisten des Unternehmerfr\u00fchst\u00fccks in Emmerich am Rhein: (von links) Marc Cattelaens (WFG Kreis Kleve), Nathalie Christmann (WFG Emmerich am Rhein), Sara Kreipe (WFG Emmerich am Rhein), Horst Derksen (Gebr\u00fcder Derksen GmbH), Jordi Queralt, (H. von Gimborn GmbH), Peter Hinze (B\u00fcrgermeister der Stadt Emmerich am Rhein), \u00a0Brigitte Jansen (Gesch\u00e4ftsf\u00fchrerin WFG Kreis Kleve), Carina Cleven-Pawletko (Abteilungsleiterin Jobcenter Kreis Kleve), Sascha Bongertmann (Agentur f\u00fcr Arbeit), Max J\u00fcrgens (Jobcenter Kreis Kleve), Andrea Franken (Moderatorin), Barbara Ossyra (Gesch\u00e4ftsf\u00fchrerin \u00a0Agentur f\u00fcr Arbeit Wesel). | Foto: WFG Kreis Kleve<\/p>\n","protected":false},"excerpt":{"rendered":"<p>Kreis Kleve\/ Emmerich am Rhein. Feierliches Finale in Emmerich am Rhein: Die aktuelle Reihe der Unternehmerfr\u00fchst\u00fccke der Wirtschaftsf\u00f6rderung Kreis Kleve fand nun im PAN Kunstforum ihren Abschluss. \u00a0\u00a0Die Veranstaltung, die in Kooperation mit der Stadt Emmerich am Rhein durchgef\u00fchrt wurde, stand unter dem Motto: \u201eFachkr\u00e4ftemangel: Herausforderungen und zukunftsweisende L\u00f6sungsans\u00e4tze\u201c. \u00a0\u00a0\u00a0 Er\u00f6ffnet wurde das Unternehmerfr\u00fchst\u00fcck durch [&hellip;]<\/p>\n","protected":false},"author":3,"featured_media":5817,"comment_status":"closed","ping_status":"closed","sticky":false,"template":"","format":"standard","meta":{"_et_pb_use_builder":"","_et_pb_old_content":"","_et_gb_content_width":"","footnotes":""},"categories":[1],"tags":[],"class_list":["post-5816","post","type-post","status-publish","format-standard","has-post-thumbnail","hentry","category-allgemein"],"_links":{"self":[{"href":"https:\/\/standort-niederrhein.de\/en\/wp-json\/wp\/v2\/posts\/5816","targetHints":{"allow":["GET"]}}],"collection":[{"href":"https:\/\/standort-niederrhein.de\/en\/wp-json\/wp\/v2\/posts"}],"about":[{"href":"https:\/\/standort-niederrhein.de\/en\/wp-json\/wp\/v2\/types\/post"}],"author":[{"embeddable":true,"href":"https:\/\/standort-niederrhein.de\/en\/wp-json\/wp\/v2\/users\/3"}],"replies":[{"embeddable":true,"href":"https:\/\/standort-niederrhein.de\/en\/wp-json\/wp\/v2\/comments?post=5816"}],"version-history":[{"count":1,"href":"https:\/\/standort-niederrhein.de\/en\/wp-json\/wp\/v2\/posts\/5816\/revisions"}],"predecessor-version":[{"id":5818,"href":"https:\/\/standort-niederrhein.de\/en\/wp-json\/wp\/v2\/posts\/5816\/revisions\/5818"}],"wp:featuredmedia":[{"embeddable":true,"href":"https:\/\/standort-niederrhein.de\/en\/wp-json\/wp\/v2\/media\/5817"}],"wp:attachment":[{"href":"https:\/\/standort-niederrhein.de\/en\/wp-json\/wp\/v2\/media?parent=5816"}],"wp:term":[{"taxonomy":"category","embeddable":true,"href":"https:\/\/standort-niederrhein.de\/en\/wp-json\/wp\/v2\/categories?post=5816"},{"taxonomy":"post_tag","embeddable":true,"href":"https:\/\/standort-niederrhein.de\/en\/wp-json\/wp\/v2\/tags?post=5816"}],"curies":[{"name":"wp","href":"https:\/\/api.w.org\/{rel}","templated":true}]}}