{"id":5806,"date":"2025-04-05T07:00:00","date_gmt":"2025-04-05T05:00:00","guid":{"rendered":"https:\/\/invest-in-niederrhein.de\/?p=5806"},"modified":"2025-04-04T12:45:11","modified_gmt":"2025-04-04T10:45:11","slug":"sven-ploeger-begeistert-mit-vortrag-nicht-nur-ueber-das-wetter","status":"publish","type":"post","link":"https:\/\/standort-niederrhein.de\/en\/2025\/04\/05\/sven-ploeger-begeistert-mit-vortrag-nicht-nur-ueber-das-wetter\/","title":{"rendered":"Sven Pl\u00f6ger begeistert mit Vortrag nicht nur \u00fcber das Wetter"},"content":{"rendered":"\n<p><strong>Kleve. <\/strong>Ob Grundlagen der Meteorologie, Wetterschwankungen und -ph\u00e4nomene, Klimawandel oder Nachhaltigkeit in der Wirtschaft, der Diplom-Meteorologe und TV-Moderator Sven Pl\u00f6ger verkn\u00fcpfte vor rund 450 interessierten Menschen im ausgebuchten Audimax der HSRW auf unterhaltsame und dennoch eindringliche Weise Themen, die nicht f\u00fcr jede*n auf den ersten Blick zusammengeh\u00f6ren.<\/p>\n\n\n\n<p>Eingeladen hatten das unternehmerinnen forum niederrhein, der F\u00f6rderverein der Hochschule Rhein-Waal \u2013 Campus Cleve e. V. und das Projekt TransRegINT (Transformation der Region Niederrhein: Innovation, Nachhaltigkeit, Teilhabe) der HSRW. Eine starke Allianz, die sich gebildet hat, um das so wichtige Thema Nachhaltigkeit f\u00fcr eine \u201eenkeltaugliche Welt\u201c in die Breite zu tragen, wie Barbara Baratie, Gesch\u00e4ftsf\u00fchrerin des unternehmerinnen forum niederrhein darlegte. Und das ist gelungen: \u201eBei dieser Veranstaltung treffen Wissenschaft, Wirtschaft und Gesellschaft auf Augenh\u00f6he aufeinander\u201c, freute sich Robert Beinio, erster Vorsitzender des F\u00f6rdervereins Campus Cleve e. V.<\/p>\n\n\n\n<p><strong>Klimawandel ohne Ver\u00e4nderung und ohne Kosten \u2013 das geht nicht auf.<\/strong><br>Warum jedoch thematisiert ein Diplom-Meteorologe wirtschaftliche Aspekte? Dipl.-Met. Sven Pl\u00f6ger hat es die Besucher*innen sp\u00fcren lassen: Er \u201amacht nicht nur Wetter\u2018, er hat eine Botschaft: \u201eDer Planet braucht uns nicht, wir aber ihn.\u201c Vom aktuellen Gesundheitszustand der Erde \u00fcber die Auswirkungen des Klimawandels brachte er den G\u00e4sten in einem informativen, aber auch kurzweiligen und informativen Vortrag n\u00e4her, warum wir in Bezug auf den Klimawandel kein Wissensproblem, sondern ein Handlungsproblem haben. Die Wetterextreme, die wir heute erleben, wurden bereits vor \u00fcber 40 Jahren von Forschenden vorhergesagt. Wetterschwankungen und -schwingungen gab es zwar schon immer, mit dem entscheidenden Unterschied, so Dipl.-Met. Sven Pl\u00f6ger, dass es mittlerweile viel schneller geschieht. Forschende haben errechnet, dass jeder nicht in den Klimaschutz investierte Euro mit zwei bis elf Euro zur\u00fcckgezahlt werden muss. Was also tun?<\/p>\n\n\n\n<p>Um unsere Welt zu erhalten, sollten wir als Gemeinschaft, Gesellschaft und Wirtschaft, klug und verantwortungsvoll mit den uns gegebenen globalen Ressourcen umgehen. Dazu geh\u00f6rt auch, dass die Wirtschaft neue Gesch\u00e4ftsmodelle entwickeln sollte. Die Transformation zur Nachhaltigkeit ist wirtschaftlich gesehen \u201eein Jahrhundertgesch\u00e4ft\u201c, prophezeit Dipl.-Met. Sven Pl\u00f6ger. Und doch kommt es auf jede*n von uns an: \u201eDie Wirtschaft wird auch durch unser pers\u00f6nliches Verhalten getrieben und beeinflusst\u201c, wie Prof. Dr.-Ing. Peter Kisters, Vizepr\u00e4sident f\u00fcr Forschung, Innovation und Wissenstransfer der HSRW sowie Projektleiter von TransRegINT, erl\u00e4uterte. \u201eWollen wir Transformation gestalten oder reagieren wir?\u201c<\/p>\n\n\n\n<p><strong>Transformation zur Nachhaltigkeit am Niederrhein<\/strong><br>\u201eHier in der Region geht was\u201c, stellte Dipl.-Met. Sven Pl\u00f6ger eingangs fest und Prof. Dr.-Ing. Peter Kisters konnte dies im Anschluss nur best\u00e4tigen. \u201eWir machen, \u00fcbernehmen Verantwortung, zeigen Haltung, setzen Impulse, arbeiten mit Weitsicht und Power, versuchen nicht nur, sondern erzielen erste Wirkung mit unserem durch das Programm \u201aInnovative Hochschule\u2018 des Bundesministeriums f\u00fcr Bildung und Forschung gef\u00f6rderten Projekt TransRegINT.\u201c Darin enthalten sind unterschiedlichste Teilprojekte von der Einf\u00fchrung innovativer, projektorientierter Studieng\u00e4nge, \u00fcber nachhaltige Landnutzung bis hin zu digitalen Assistenzsystemen. \u201eUm den Niederrhein auch in Zukunft lebenswert aufzustellen, ben\u00f6tigen wir die Zusammenarbeit unterschiedliche Akteure aus Wissenschaft, Wirtschaft und Gesellschaft, die zusammenarbeiten.\u201c<\/p>\n\n\n\n<p><strong>Hintergrund<\/strong><br>Mit dem Projekt \u201aTransRegINT &#8211; Transformation der Region Niederrhein: Innovation, Nachhaltigkeit, Teilhabe\u2018 hat sich die Hochschule Rhein-Waal zum Ziel gesetzt, den nachhaltigen Wandel in der Region wissenschaftsbasiert mitzugestalten. Gef\u00f6rdert wird das Projekt durch das Programm \u201aInnovative Hochschule\u2018 des Bundesministeriums f\u00fcr Bildung und Forschung. Diese F\u00f6rderinitiative unterst\u00fctzt Hochschulen dabei, aus Forschungserkenntnissen kreative L\u00f6sungen f\u00fcr die dr\u00e4ngenden Herausforderungen unserer Zeit zu finden. Bis Ende 2027 wird \u201aTransRegINT\u2018 mit F\u00f6rdergeldern in H\u00f6he von knapp zehn Millionen Euro gef\u00f6rdert. Dies erm\u00f6glicht es, L\u00f6sungen zu erarbeiten, um die Zukunft in der Region im Sinne der 17 Nachhaltigkeitsziele der Vereinten Nationen zu gestalten.<\/p>\n\n\n\n<p>Quelle: <a href=\"http:\/\/www.hochschule-rhein-waal.de\">Hochschule Rhein-Waal<\/a><\/p>\n\n\n<figure class=\"wp-block-post-featured-image\"><img loading=\"lazy\" decoding=\"async\" width=\"2560\" height=\"1707\" src=\"https:\/\/standort-niederrhein.de\/wp-content\/uploads\/2025\/04\/Natuerlich-neu-wirtschaften_Sven-Ploeger\u00a9Florian-Gaisrucker_HSRW-scaled.jpg\" class=\"attachment-post-thumbnail size-post-thumbnail wp-post-image\" alt=\"\" style=\"object-fit:cover;\" srcset=\"https:\/\/standort-niederrhein.de\/wp-content\/uploads\/2025\/04\/Natuerlich-neu-wirtschaften_Sven-Ploeger\u00a9Florian-Gaisrucker_HSRW-scaled.jpg 2560w, https:\/\/standort-niederrhein.de\/wp-content\/uploads\/2025\/04\/Natuerlich-neu-wirtschaften_Sven-Ploeger\u00a9Florian-Gaisrucker_HSRW-300x200.jpg 300w, https:\/\/standort-niederrhein.de\/wp-content\/uploads\/2025\/04\/Natuerlich-neu-wirtschaften_Sven-Ploeger\u00a9Florian-Gaisrucker_HSRW-1024x683.jpg 1024w, https:\/\/standort-niederrhein.de\/wp-content\/uploads\/2025\/04\/Natuerlich-neu-wirtschaften_Sven-Ploeger\u00a9Florian-Gaisrucker_HSRW-768x512.jpg 768w, https:\/\/standort-niederrhein.de\/wp-content\/uploads\/2025\/04\/Natuerlich-neu-wirtschaften_Sven-Ploeger\u00a9Florian-Gaisrucker_HSRW-1536x1024.jpg 1536w, https:\/\/standort-niederrhein.de\/wp-content\/uploads\/2025\/04\/Natuerlich-neu-wirtschaften_Sven-Ploeger\u00a9Florian-Gaisrucker_HSRW-2048x1365.jpg 2048w, https:\/\/standort-niederrhein.de\/wp-content\/uploads\/2025\/04\/Natuerlich-neu-wirtschaften_Sven-Ploeger\u00a9Florian-Gaisrucker_HSRW-1080x720.jpg 1080w, https:\/\/standort-niederrhein.de\/wp-content\/uploads\/2025\/04\/Natuerlich-neu-wirtschaften_Sven-Ploeger\u00a9Florian-Gaisrucker_HSRW-1280x854.jpg 1280w, https:\/\/standort-niederrhein.de\/wp-content\/uploads\/2025\/04\/Natuerlich-neu-wirtschaften_Sven-Ploeger\u00a9Florian-Gaisrucker_HSRW-980x653.jpg 980w, https:\/\/standort-niederrhein.de\/wp-content\/uploads\/2025\/04\/Natuerlich-neu-wirtschaften_Sven-Ploeger\u00a9Florian-Gaisrucker_HSRW-480x320.jpg 480w\" sizes=\"(max-width: 2560px) 100vw, 2560px\" \/><\/figure>\n\n\n<p>Sven Pl\u00f6ger &#8220;Nat\u00fcrlich neu wirtschaften&#8221; | Foto: Florian Gaisrucker\/HSRW<\/p>\n","protected":false},"excerpt":{"rendered":"<p>Kleve. Ob Grundlagen der Meteorologie, Wetterschwankungen und -ph\u00e4nomene, Klimawandel oder Nachhaltigkeit in der Wirtschaft, der Diplom-Meteorologe und TV-Moderator Sven Pl\u00f6ger verkn\u00fcpfte vor rund 450 interessierten Menschen im ausgebuchten Audimax der HSRW auf unterhaltsame und dennoch eindringliche Weise Themen, die nicht f\u00fcr jede*n auf den ersten Blick zusammengeh\u00f6ren. Eingeladen hatten das unternehmerinnen forum niederrhein, der F\u00f6rderverein [&hellip;]<\/p>\n","protected":false},"author":3,"featured_media":5807,"comment_status":"closed","ping_status":"closed","sticky":false,"template":"","format":"standard","meta":{"_et_pb_use_builder":"","_et_pb_old_content":"","_et_gb_content_width":"","footnotes":""},"categories":[1],"tags":[],"class_list":["post-5806","post","type-post","status-publish","format-standard","has-post-thumbnail","hentry","category-allgemein"],"_links":{"self":[{"href":"https:\/\/standort-niederrhein.de\/en\/wp-json\/wp\/v2\/posts\/5806","targetHints":{"allow":["GET"]}}],"collection":[{"href":"https:\/\/standort-niederrhein.de\/en\/wp-json\/wp\/v2\/posts"}],"about":[{"href":"https:\/\/standort-niederrhein.de\/en\/wp-json\/wp\/v2\/types\/post"}],"author":[{"embeddable":true,"href":"https:\/\/standort-niederrhein.de\/en\/wp-json\/wp\/v2\/users\/3"}],"replies":[{"embeddable":true,"href":"https:\/\/standort-niederrhein.de\/en\/wp-json\/wp\/v2\/comments?post=5806"}],"version-history":[{"count":1,"href":"https:\/\/standort-niederrhein.de\/en\/wp-json\/wp\/v2\/posts\/5806\/revisions"}],"predecessor-version":[{"id":5808,"href":"https:\/\/standort-niederrhein.de\/en\/wp-json\/wp\/v2\/posts\/5806\/revisions\/5808"}],"wp:featuredmedia":[{"embeddable":true,"href":"https:\/\/standort-niederrhein.de\/en\/wp-json\/wp\/v2\/media\/5807"}],"wp:attachment":[{"href":"https:\/\/standort-niederrhein.de\/en\/wp-json\/wp\/v2\/media?parent=5806"}],"wp:term":[{"taxonomy":"category","embeddable":true,"href":"https:\/\/standort-niederrhein.de\/en\/wp-json\/wp\/v2\/categories?post=5806"},{"taxonomy":"post_tag","embeddable":true,"href":"https:\/\/standort-niederrhein.de\/en\/wp-json\/wp\/v2\/tags?post=5806"}],"curies":[{"name":"wp","href":"https:\/\/api.w.org\/{rel}","templated":true}]}}