{"id":5803,"date":"2025-04-07T06:00:00","date_gmt":"2025-04-07T04:00:00","guid":{"rendered":"https:\/\/invest-in-niederrhein.de\/?p=5803"},"modified":"2025-04-04T12:40:51","modified_gmt":"2025-04-04T10:40:51","slug":"startschuss-fuer-wohnbauprojekt-an-der-birkhofstrasse","status":"publish","type":"post","link":"https:\/\/standort-niederrhein.de\/en\/2025\/04\/07\/startschuss-fuer-wohnbauprojekt-an-der-birkhofstrasse\/","title":{"rendered":"Startschuss f\u00fcr Wohnbauprojekt an der Birkhofstra\u00dfe"},"content":{"rendered":"\n<p><strong>Kaarst.<\/strong> Gute Nachrichten f\u00fcr den Kaarster Wohnungsmarkt: Im Wohngebiet Birkhofstra\u00dfe entstehen in den kommenden Monaten 89 neue Wohneinheiten. F\u00fcr das Bauprojekt hat die Besch Immobiliengruppe j\u00fcngst die Baugenehmigung der Stadt erhalten. Auf 5.200 Quadratmetern wird im n\u00f6rdlichen Bereich des Baufelds eine Mischung aus \u00f6ffentlich gef\u00f6rderten und frei vermarkteten Wohnungen entstehen. Durch die Vielzahl von kleinen Wohnungen ist das Projekt insbesondere f\u00fcr Studenten und Auszubildende, aber auch f\u00fcr \u00e4ltere alleinstehende Menschen interessant. \u201eHier entstehen optimale Lebensbedingungen in zentraler Lage. Der Wohnungsmarkt in Kaarst ist im unteren Preissegment wirklich schwierig. Deshalb bin ich froh, dass wir hier in B\u00fcttgen dieses Projekt umsetzen und damit bezahlbaren Wohnraum schaffen\u201c, sagt B\u00fcrgermeisterin Ursula Baum.<\/p>\n\n\n\n<p>Investorin Sandra Besch erl\u00e4utert das Projekt im Detail: \u201eWir bauen hier in B\u00fcttgen teilweise f\u00f6rderf\u00e4hige Ein-&nbsp;bis Dreizimmerwohnungen. Die Wohn- und Schlafr\u00e4ume werden \u00fcberwiegend in Richtung Gr\u00fcn orientiert sein und jede Wohnung verf\u00fcgt \u00fcber einen gro\u00dfen S\u00fcdbalkon. Die Erdgeschoss-Wohnungen haben sogar einen gro\u00dfen Garten. Im Sinne der Nachhaltigkeit werden wir hier m\u00f6glichst viel Gr\u00fcnfl\u00e4che schaffen. So werden wir beispielsweise die Dachfl\u00e4chen und auch Teile der Fassaden begr\u00fcnen.\u201c<\/p>\n\n\n\n<p>Baustart soll noch in diesem Jahr sein. Architektin Sarah Leibeling hofft nun auf eine rasche F\u00f6rderzusage des Landes: \u201eWir sind startklar und warten auf den F\u00f6rdergeber. Rund zwei Drittel der Wohnfl\u00e4che soll gef\u00f6rderter Wohnraum werden. Sobald wir vom Land die Zusage haben, rechnen wir mit 18 bis 24 Monaten Bauzeit.\u201c Die Besch-Gruppe will nach dem Baustart zu einem offiziellen Spatenstich einladen: \u201eWir w\u00fcrden uns insbesondere freuen, wenn wir dazu die unmittelbare Nachbarschaft begr\u00fc\u00dfen k\u00f6nnen\u201c, sagt Sandra Besch.<\/p>\n\n\n\n<p>Quelle: <a href=\"http:\/\/www.kaarst.de\">Stadt Kaarst<\/a><\/p>\n\n\n<figure class=\"wp-block-post-featured-image\"><img loading=\"lazy\" decoding=\"async\" width=\"1693\" height=\"1459\" src=\"https:\/\/standort-niederrhein.de\/wp-content\/uploads\/2025\/04\/Bauprojekt-Birkhofstrasse-Sandra-Besch-BMin-Sarah-Leibeling.jpg\" class=\"attachment-post-thumbnail size-post-thumbnail wp-post-image\" alt=\"\" style=\"object-fit:cover;\" srcset=\"https:\/\/standort-niederrhein.de\/wp-content\/uploads\/2025\/04\/Bauprojekt-Birkhofstrasse-Sandra-Besch-BMin-Sarah-Leibeling.jpg 1693w, https:\/\/standort-niederrhein.de\/wp-content\/uploads\/2025\/04\/Bauprojekt-Birkhofstrasse-Sandra-Besch-BMin-Sarah-Leibeling-1280x1103.jpg 1280w, https:\/\/standort-niederrhein.de\/wp-content\/uploads\/2025\/04\/Bauprojekt-Birkhofstrasse-Sandra-Besch-BMin-Sarah-Leibeling-980x845.jpg 980w, https:\/\/standort-niederrhein.de\/wp-content\/uploads\/2025\/04\/Bauprojekt-Birkhofstrasse-Sandra-Besch-BMin-Sarah-Leibeling-480x414.jpg 480w\" sizes=\"(min-width: 0px) and (max-width: 480px) 480px, (min-width: 481px) and (max-width: 980px) 980px, (min-width: 981px) and (max-width: 1280px) 1280px, (min-width: 1281px) 1693px, 100vw\" \/><\/figure>\n\n\n<p>Bauprojekt Birkhofstra\u00dfe | Investorin Sandra Besch, B\u00fcrgermeisterin Ursula Baum und Architektin Sarah Leibeling (v.l.) | Foto: Stadt Kaarst<\/p>\n","protected":false},"excerpt":{"rendered":"<p>Kaarst. Gute Nachrichten f\u00fcr den Kaarster Wohnungsmarkt: Im Wohngebiet Birkhofstra\u00dfe entstehen in den kommenden Monaten 89 neue Wohneinheiten. F\u00fcr das Bauprojekt hat die Besch Immobiliengruppe j\u00fcngst die Baugenehmigung der Stadt erhalten. Auf 5.200 Quadratmetern wird im n\u00f6rdlichen Bereich des Baufelds eine Mischung aus \u00f6ffentlich gef\u00f6rderten und frei vermarkteten Wohnungen entstehen. Durch die Vielzahl von kleinen [&hellip;]<\/p>\n","protected":false},"author":3,"featured_media":5804,"comment_status":"closed","ping_status":"closed","sticky":false,"template":"","format":"standard","meta":{"_et_pb_use_builder":"","_et_pb_old_content":"","_et_gb_content_width":"","footnotes":""},"categories":[1],"tags":[],"class_list":["post-5803","post","type-post","status-publish","format-standard","has-post-thumbnail","hentry","category-allgemein"],"_links":{"self":[{"href":"https:\/\/standort-niederrhein.de\/en\/wp-json\/wp\/v2\/posts\/5803","targetHints":{"allow":["GET"]}}],"collection":[{"href":"https:\/\/standort-niederrhein.de\/en\/wp-json\/wp\/v2\/posts"}],"about":[{"href":"https:\/\/standort-niederrhein.de\/en\/wp-json\/wp\/v2\/types\/post"}],"author":[{"embeddable":true,"href":"https:\/\/standort-niederrhein.de\/en\/wp-json\/wp\/v2\/users\/3"}],"replies":[{"embeddable":true,"href":"https:\/\/standort-niederrhein.de\/en\/wp-json\/wp\/v2\/comments?post=5803"}],"version-history":[{"count":1,"href":"https:\/\/standort-niederrhein.de\/en\/wp-json\/wp\/v2\/posts\/5803\/revisions"}],"predecessor-version":[{"id":5805,"href":"https:\/\/standort-niederrhein.de\/en\/wp-json\/wp\/v2\/posts\/5803\/revisions\/5805"}],"wp:featuredmedia":[{"embeddable":true,"href":"https:\/\/standort-niederrhein.de\/en\/wp-json\/wp\/v2\/media\/5804"}],"wp:attachment":[{"href":"https:\/\/standort-niederrhein.de\/en\/wp-json\/wp\/v2\/media?parent=5803"}],"wp:term":[{"taxonomy":"category","embeddable":true,"href":"https:\/\/standort-niederrhein.de\/en\/wp-json\/wp\/v2\/categories?post=5803"},{"taxonomy":"post_tag","embeddable":true,"href":"https:\/\/standort-niederrhein.de\/en\/wp-json\/wp\/v2\/tags?post=5803"}],"curies":[{"name":"wp","href":"https:\/\/api.w.org\/{rel}","templated":true}]}}