{"id":5799,"date":"2025-04-06T06:00:00","date_gmt":"2025-04-06T04:00:00","guid":{"rendered":"https:\/\/invest-in-niederrhein.de\/?p=5799"},"modified":"2025-04-04T09:37:02","modified_gmt":"2025-04-04T07:37:02","slug":"foerderprogramm-accelerate_rkn-unterstuetzt-das-start-up-vidakafe","status":"publish","type":"post","link":"https:\/\/standort-niederrhein.de\/en\/2025\/04\/06\/foerderprogramm-accelerate_rkn-unterstuetzt-das-start-up-vidakafe\/","title":{"rendered":"F\u00f6rderprogramm \u201eaccelerate_rkn\u201c unterst\u00fctzt das Start-up Vidakafe"},"content":{"rendered":"\n<p><strong>Rhein-Kreis Neuss. <\/strong>Mit ihrem Start-up Vidakafe haben die Gr\u00fcnder Daniel Levedag und Max Wolters einen funktionalen Kaffee entwickelt, der mit Vitaminen und N\u00e4hrstoffen angereichert ist. Ziel ist es, durch den t\u00e4glichen Kaffeekonsum zur Deckung des N\u00e4hrstoffbedarfs beizutragen und die Einnahme an zus\u00e4tzlichen Nahrungserg\u00e4nzungsmitteln zu reduzieren. Als eines von drei Start-ups ist Vidakafe in der siebten und damit aktuellen F\u00f6rderrunde des vom Rhein-Kreis Neuss aufgelegten Accelerator-Programms \u201eaccelerate_rkn\u201c dabei. Es begleitet die Gr\u00fcnderinnen und Gr\u00fcnder auf dem Weg von der Idee zum marktf\u00e4higen Produkt. <em><\/em><\/p>\n\n\n\n<p>Die Gr\u00fcnder Daniel Levedag und Max Wolters betonen, dass sie durch \u201eaccelerate_rkn\u201c zielgerichtet unterst\u00fctzt werden. Dazu z\u00e4hlen beispielsweise die Skalierung, der Aufbau eines Netzwerks und wertvoller Input zur strategischen Ausrichtung. \u201eGemeinsam mit den Coaches und dem bestehenden Netzwerk an Start-ups arbeiten wir daran, unsere Produktidee weiter zu verfeinern und erhalten Unterst\u00fctzung beim Markteintritt\u201c, teilen die Gr\u00fcnder mit.<\/p>\n\n\n\n<p>Mit \u201eaccelerate_rkn\u201c f\u00f6rdert der Rhein-Kreis Neuss Gr\u00fcnderinnen und Gr\u00fcnder bei der Umsetzung ihrer innovativen Gesch\u00e4ftsidee mit Sach- und Dienstleistungen im Wert von bis zu 25.000 Euro. Das Accelerator-Programm geht passgenau auf die Bed\u00fcrfnisse der Start-ups ein. Es umfasst zum Beispiel fachkundige Unterst\u00fctzung, wenn es darum geht, die Produktentwicklung voranzutreiben, Zielgruppen zu definieren und deren Bed\u00fcrfnisse zu verstehen sowie eine Markt- und Wettbewerbsanalyse durchzuf\u00fchren. Workshops, Vortr\u00e4ge und Sprechstunden zu relevanten Themen wie Vertrieb, Marketing, Recht, Finanzen, Pitch Deck und Pitch Training sowie zu Fragen rund um weitere F\u00f6rderm\u00f6glichkeiten geh\u00f6ren ebenso dazu wie die Vernetzung mit Experten, potentiellen Testkunden und anderen Start-ups.<\/p>\n\n\n\n<p>Ziel des F\u00f6rderprogramms \u201eaccelerate_rkn\u201c ist es, den Wirtschafts-standort Rhein-Kreis Neuss weiter zu st\u00e4rken. Ist aus einer Idee ein erfolgreiches Gesch\u00e4ftsmodell geworden, sorgt dies schlie\u00dflich f\u00fcr zus\u00e4tzliche Wertsch\u00f6pfung und tr\u00e4gt damit zu weiteren Arbeits- und Ausbildungspl\u00e4tzen bei.<\/p>\n\n\n\n<p>Im Zuge einer Teilnahme an \u201eaccelerate_rkn\u201c ist festgelegt, dass die Start-ups im Rhein-Kreis Neuss gr\u00fcnden. Bei Vidakafe ist dies in Meerbusch der Fall. Am Ende des Programms pr\u00e4sentieren die Start-ups ihre Entwicklungen einer Jury und einem \u00f6ffentlichen Publikum bei einem Final Pitch. Bei der Veranstaltung geht es um eine Folgef\u00f6rderung in H\u00f6he von 25.000 Euro.<\/p>\n\n\n\n<p>Weitere Informationen zum Accelerator-Programm gibt es <a href=\"http:\/\/www.rhein-kreis-neuss.de\/accelerate-rkn\">hier<\/a>. Dort ist auch eine Bewerbung f\u00fcr die achte F\u00f6rderrunde von \u201eaccelerate_rkn\u201c m\u00f6glich. Die Bewerbungsphase hierf\u00fcr l\u00e4uft bis 20. Mai 2025.<\/p>\n\n\n\n<p>Quelle: <a href=\"http:\/\/www.rhein-kreis-neuss.de\">Rhein-Kreis Neuss<\/a><\/p>\n\n\n<figure class=\"wp-block-post-featured-image\"><img loading=\"lazy\" decoding=\"async\" width=\"2560\" height=\"1707\" src=\"https:\/\/standort-niederrhein.de\/wp-content\/uploads\/2025\/04\/FoeB-Vidakafe-scaled.jpg\" class=\"attachment-post-thumbnail size-post-thumbnail wp-post-image\" alt=\"\" style=\"object-fit:cover;\" srcset=\"https:\/\/standort-niederrhein.de\/wp-content\/uploads\/2025\/04\/FoeB-Vidakafe-scaled.jpg 2560w, https:\/\/standort-niederrhein.de\/wp-content\/uploads\/2025\/04\/FoeB-Vidakafe-1280x854.jpg 1280w, https:\/\/standort-niederrhein.de\/wp-content\/uploads\/2025\/04\/FoeB-Vidakafe-980x653.jpg 980w, https:\/\/standort-niederrhein.de\/wp-content\/uploads\/2025\/04\/FoeB-Vidakafe-480x320.jpg 480w\" sizes=\"(min-width: 0px) and (max-width: 480px) 480px, (min-width: 481px) and (max-width: 980px) 980px, (min-width: 981px) and (max-width: 1280px) 1280px, (min-width: 1281px) 2560px, 100vw\" \/><\/figure>\n\n\n<p>Accelerator-Managerin Elena Huth mit den Gr\u00fcndern Daniel Levedag (l.) und Max Wolters bei der \u00dcbergabe des F\u00f6rderbescheids.\u00a0| Foto: Rhein-Kreis Neuss<\/p>\n","protected":false},"excerpt":{"rendered":"<p>Rhein-Kreis Neuss. Mit ihrem Start-up Vidakafe haben die Gr\u00fcnder Daniel Levedag und Max Wolters einen funktionalen Kaffee entwickelt, der mit Vitaminen und N\u00e4hrstoffen angereichert ist. Ziel ist es, durch den t\u00e4glichen Kaffeekonsum zur Deckung des N\u00e4hrstoffbedarfs beizutragen und die Einnahme an zus\u00e4tzlichen Nahrungserg\u00e4nzungsmitteln zu reduzieren. Als eines von drei Start-ups ist Vidakafe in der siebten [&hellip;]<\/p>\n","protected":false},"author":3,"featured_media":5800,"comment_status":"closed","ping_status":"closed","sticky":false,"template":"","format":"standard","meta":{"_et_pb_use_builder":"","_et_pb_old_content":"","_et_gb_content_width":"","footnotes":""},"categories":[1],"tags":[],"class_list":["post-5799","post","type-post","status-publish","format-standard","has-post-thumbnail","hentry","category-allgemein"],"_links":{"self":[{"href":"https:\/\/standort-niederrhein.de\/en\/wp-json\/wp\/v2\/posts\/5799","targetHints":{"allow":["GET"]}}],"collection":[{"href":"https:\/\/standort-niederrhein.de\/en\/wp-json\/wp\/v2\/posts"}],"about":[{"href":"https:\/\/standort-niederrhein.de\/en\/wp-json\/wp\/v2\/types\/post"}],"author":[{"embeddable":true,"href":"https:\/\/standort-niederrhein.de\/en\/wp-json\/wp\/v2\/users\/3"}],"replies":[{"embeddable":true,"href":"https:\/\/standort-niederrhein.de\/en\/wp-json\/wp\/v2\/comments?post=5799"}],"version-history":[{"count":1,"href":"https:\/\/standort-niederrhein.de\/en\/wp-json\/wp\/v2\/posts\/5799\/revisions"}],"predecessor-version":[{"id":5801,"href":"https:\/\/standort-niederrhein.de\/en\/wp-json\/wp\/v2\/posts\/5799\/revisions\/5801"}],"wp:featuredmedia":[{"embeddable":true,"href":"https:\/\/standort-niederrhein.de\/en\/wp-json\/wp\/v2\/media\/5800"}],"wp:attachment":[{"href":"https:\/\/standort-niederrhein.de\/en\/wp-json\/wp\/v2\/media?parent=5799"}],"wp:term":[{"taxonomy":"category","embeddable":true,"href":"https:\/\/standort-niederrhein.de\/en\/wp-json\/wp\/v2\/categories?post=5799"},{"taxonomy":"post_tag","embeddable":true,"href":"https:\/\/standort-niederrhein.de\/en\/wp-json\/wp\/v2\/tags?post=5799"}],"curies":[{"name":"wp","href":"https:\/\/api.w.org\/{rel}","templated":true}]}}