{"id":5788,"date":"2025-04-03T06:00:00","date_gmt":"2025-04-03T04:00:00","guid":{"rendered":"https:\/\/invest-in-niederrhein.de\/?p=5788"},"modified":"2025-04-01T12:09:57","modified_gmt":"2025-04-01T10:09:57","slug":"umbau-der-ehemaligen-seidenfabrik-startet","status":"publish","type":"post","link":"https:\/\/standort-niederrhein.de\/en\/2025\/04\/03\/umbau-der-ehemaligen-seidenfabrik-startet\/","title":{"rendered":"Umbau der ehemaligen Seidenfabrik startet"},"content":{"rendered":"\n<p><strong>Krefeld. <\/strong>Mit Fr\u00fchlingsbeginn starten die umfangreichen Umbauarbeiten in der ehemaligen Seidenfabrik an der Luisenstra\u00dfe 32. Die GGK Grundst\u00fccksgesellschaft der Stadt Krefeld mbH &amp; Co. KG hat das Geb\u00e4ude erworben, um es zu einem neuen Zentrum der lokalen Gr\u00fcndungslandschaft zu entwickeln und daf\u00fcr umfassend zu sanieren. Das Projektziel ist es, einen nachhaltigen, innovativen Gr\u00fcndungsstandort zu schaffen, der die \u00f6kologische und klimatische Situation im Quartier verbessert und das nachbarschaftliche Miteinander st\u00e4rkt.<\/p>\n\n\n\n<p>Die Umbauarbeiten werden voraussichtlich bis Herbst 2026 andauern. F\u00fcr die Nachbarschaft k\u00f6nnen w\u00e4hrend dieser Zeit Beeintr\u00e4chtigungen durch L\u00e4rm, Staub und Verkehrsbehinderungen auftreten. Das Team von KREFELD BUSINESS bittet daher jetzt schon um das Verst\u00e4ndnis der Anwohnerinnen und Anwohner.<\/p>\n\n\n\n<p>Aktuell wird der Fu\u00dfweg gesichert. Danach wird die Baustellenfl\u00e4che eingerichtet. Im Juli sollen ein Kran sowie das Fassadenger\u00fcst aufgestellt werden. Letzteres wird voraussichtlich bis Sommer 2026 am Geb\u00e4ude verbleiben. Wenn alles wie geplant verl\u00e4uft, ist mit dem Abschluss der Bauarbeiten bis Herbst 2026 zu rechnen. Trotz der Bauarbeiten bleibt die Luisenstra\u00dfe im betroffenen Bereich befahrbar. Die Stellpl\u00e4tze werden vor\u00fcbergehend als Fahrspur genutzt.<\/p>\n\n\n\n<p>Quelle: <a href=\"http:\/\/www.krefeld-business.de\">KREFELD BUSINESS<\/a><\/p>\n\n\n<figure class=\"wp-block-post-featured-image\"><img loading=\"lazy\" decoding=\"async\" width=\"1050\" height=\"720\" src=\"https:\/\/standort-niederrhein.de\/wp-content\/uploads\/2025\/04\/raumwerk_architekten.jpg\" class=\"attachment-post-thumbnail size-post-thumbnail wp-post-image\" alt=\"\" style=\"object-fit:cover;\" srcset=\"https:\/\/standort-niederrhein.de\/wp-content\/uploads\/2025\/04\/raumwerk_architekten.jpg 1050w, https:\/\/standort-niederrhein.de\/wp-content\/uploads\/2025\/04\/raumwerk_architekten-980x672.jpg 980w, https:\/\/standort-niederrhein.de\/wp-content\/uploads\/2025\/04\/raumwerk_architekten-480x329.jpg 480w\" sizes=\"(min-width: 0px) and (max-width: 480px) 480px, (min-width: 481px) and (max-width: 980px) 980px, (min-width: 981px) 1050px, 100vw\" \/><\/figure>\n\n\n<p>raumwerk.architekten aus K\u00f6ln, ein erfahrenes B\u00fcro bei Altbausanierungen, legt bei Planung und Durchf\u00fchrung besonderen Wert auf nachhaltige L\u00f6sungen und setzt dabei auf eine besondere Begr\u00fcnung der hofseitigen Fassade. | Urheber des Renderings: raumwerk.architekten, Nutzungsrechte: KREFELD BUSINESS<\/p>\n","protected":false},"excerpt":{"rendered":"<p>Krefeld. Mit Fr\u00fchlingsbeginn starten die umfangreichen Umbauarbeiten in der ehemaligen Seidenfabrik an der Luisenstra\u00dfe 32. Die GGK Grundst\u00fccksgesellschaft der Stadt Krefeld mbH &amp; Co. KG hat das Geb\u00e4ude erworben, um es zu einem neuen Zentrum der lokalen Gr\u00fcndungslandschaft zu entwickeln und daf\u00fcr umfassend zu sanieren. Das Projektziel ist es, einen nachhaltigen, innovativen Gr\u00fcndungsstandort zu schaffen, [&hellip;]<\/p>\n","protected":false},"author":3,"featured_media":5789,"comment_status":"closed","ping_status":"closed","sticky":false,"template":"","format":"standard","meta":{"_et_pb_use_builder":"","_et_pb_old_content":"","_et_gb_content_width":"","footnotes":""},"categories":[1],"tags":[],"class_list":["post-5788","post","type-post","status-publish","format-standard","has-post-thumbnail","hentry","category-allgemein"],"_links":{"self":[{"href":"https:\/\/standort-niederrhein.de\/en\/wp-json\/wp\/v2\/posts\/5788","targetHints":{"allow":["GET"]}}],"collection":[{"href":"https:\/\/standort-niederrhein.de\/en\/wp-json\/wp\/v2\/posts"}],"about":[{"href":"https:\/\/standort-niederrhein.de\/en\/wp-json\/wp\/v2\/types\/post"}],"author":[{"embeddable":true,"href":"https:\/\/standort-niederrhein.de\/en\/wp-json\/wp\/v2\/users\/3"}],"replies":[{"embeddable":true,"href":"https:\/\/standort-niederrhein.de\/en\/wp-json\/wp\/v2\/comments?post=5788"}],"version-history":[{"count":1,"href":"https:\/\/standort-niederrhein.de\/en\/wp-json\/wp\/v2\/posts\/5788\/revisions"}],"predecessor-version":[{"id":5790,"href":"https:\/\/standort-niederrhein.de\/en\/wp-json\/wp\/v2\/posts\/5788\/revisions\/5790"}],"wp:featuredmedia":[{"embeddable":true,"href":"https:\/\/standort-niederrhein.de\/en\/wp-json\/wp\/v2\/media\/5789"}],"wp:attachment":[{"href":"https:\/\/standort-niederrhein.de\/en\/wp-json\/wp\/v2\/media?parent=5788"}],"wp:term":[{"taxonomy":"category","embeddable":true,"href":"https:\/\/standort-niederrhein.de\/en\/wp-json\/wp\/v2\/categories?post=5788"},{"taxonomy":"post_tag","embeddable":true,"href":"https:\/\/standort-niederrhein.de\/en\/wp-json\/wp\/v2\/tags?post=5788"}],"curies":[{"name":"wp","href":"https:\/\/api.w.org\/{rel}","templated":true}]}}