{"id":5784,"date":"2025-04-01T06:00:00","date_gmt":"2025-04-01T04:00:00","guid":{"rendered":"https:\/\/invest-in-niederrhein.de\/?p=5784"},"modified":"2025-03-28T12:39:28","modified_gmt":"2025-03-28T11:39:28","slug":"beim-regiosalon-stand-die-zukunft-von-freiflaechen-im-fokus","status":"publish","type":"post","link":"https:\/\/standort-niederrhein.de\/en\/2025\/04\/01\/beim-regiosalon-stand-die-zukunft-von-freiflaechen-im-fokus\/","title":{"rendered":"Beim \u201eRegioSalon\u201c stand die Zukunft von Freifl\u00e4chen im Fokus"},"content":{"rendered":"\n<p>Krefeld. Die Zukunft von Freir\u00e4umen in der Region war Thema der ersten Veranstaltung \u201eRegioSalon\u201c im Gare de Neuss. Mehr als 80 Vertreterinnen und Vertreter aus Politik und Verwaltung, unter anderem aus der Stadt Krefeld, kamen zusammen, um Fragen rund um das Thema Freir\u00e4ume zu diskutieren: Wie k\u00f6nnen sie besser genutzt werden? Welche Potenziale bieten vermeintliche Restfl\u00e4chen f\u00fcr Umwelt, Erholung und Stadtentwicklung? Das 2016 gegr\u00fcndete \u201eRegioNetzWerk\u201c, das die Veranstaltung organisiert hatte, nahm damit erstmals das Thema Freiraumentwicklung in den Fokus. Bisher lag der thematische Schwerpunkt auf Siedlungs- und Mobilit\u00e4tsentwicklung.<\/p>\n\n\n\n<p>Drei Fachvortr\u00e4ge gaben Denkanst\u00f6\u00dfe. So warf Landschaftsarchitekt Carlo Becker einen umfassenden Blick auf die Entwicklung von Landschaftsr\u00e4umen \u2013 von der historischen Bedeutung \u00fcber aktuelle Herausforderungen des Klimawandels bis zur Notwendigkeit, Freir\u00e4umen wieder mehr Wert beizumessen. Christoph H\u00f6lters, Beigeordneter der Stadt Neuss, stellte die geplante Landesgartenschau 2026 in Neuss vor. Er betonte die st\u00e4dtebauliche Relevanz innerst\u00e4dtischer Freifl\u00e4chen. Zum Abschluss berichteten Yvo Kortmann, Patron des Van Gogh Nationalparks, und Paul van der Velden, Gesch\u00e4ftsf\u00fchrer von Nature for Health, \u00fcber das niederl\u00e4ndische Vorzeigeprojekt: In einem dicht besiedelten Raum mit intensiver landwirtschaftlicher Nutzung entstand ein innovativer Nationalpark, getragen von engagierten Akteuren \u2013 ein Modell f\u00fcr zukunftsf\u00e4hige Freiraumentwicklung.<\/p>\n\n\n\n<p>Im Anschluss wurde beim informellen Austausch rege diskutiert, welche Rolle Freifl\u00e4chen in der Region spielen \u2013 und wie auch scheinbar unwirtliche R\u00e4ume zwischen Autobahnen und Gewerbegebieten neu gedacht werden k\u00f6nnen. Das \u201eRegioNetzWerk\u201c, gegr\u00fcndet 2016, vereint die St\u00e4dte Duisburg, D\u00fcsseldorf, Krefeld, Meerbusch, Neuss, Ratingen sowie den Kreis Mettmann. Ziel ist es, durch abgestimmtes regionales Handeln voneinander zu lernen, gemeinsame Strategien<br>zu entwickeln und mutige Planungsans\u00e4tze zu f\u00f6rdern. <\/p>\n\n\n\n<p>Weitere Informationen und aktuelle Entwicklungen gibt es unter www.regionetzwerk.net.<\/p>\n\n\n\n<p>Quelle: <a href=\"http:\/\/www.krefeld.de\">Stadt Krefeld<\/a><\/p>\n","protected":false},"excerpt":{"rendered":"<p>Krefeld. Die Zukunft von Freir\u00e4umen in der Region war Thema der ersten Veranstaltung \u201eRegioSalon\u201c im Gare de Neuss. Mehr als 80 Vertreterinnen und Vertreter aus Politik und Verwaltung, unter anderem aus der Stadt Krefeld, kamen zusammen, um Fragen rund um das Thema Freir\u00e4ume zu diskutieren: Wie k\u00f6nnen sie besser genutzt werden? Welche Potenziale bieten vermeintliche [&hellip;]<\/p>\n","protected":false},"author":3,"featured_media":0,"comment_status":"closed","ping_status":"closed","sticky":false,"template":"","format":"standard","meta":{"_et_pb_use_builder":"","_et_pb_old_content":"","_et_gb_content_width":"","footnotes":""},"categories":[1],"tags":[],"class_list":["post-5784","post","type-post","status-publish","format-standard","hentry","category-allgemein"],"_links":{"self":[{"href":"https:\/\/standort-niederrhein.de\/en\/wp-json\/wp\/v2\/posts\/5784","targetHints":{"allow":["GET"]}}],"collection":[{"href":"https:\/\/standort-niederrhein.de\/en\/wp-json\/wp\/v2\/posts"}],"about":[{"href":"https:\/\/standort-niederrhein.de\/en\/wp-json\/wp\/v2\/types\/post"}],"author":[{"embeddable":true,"href":"https:\/\/standort-niederrhein.de\/en\/wp-json\/wp\/v2\/users\/3"}],"replies":[{"embeddable":true,"href":"https:\/\/standort-niederrhein.de\/en\/wp-json\/wp\/v2\/comments?post=5784"}],"version-history":[{"count":1,"href":"https:\/\/standort-niederrhein.de\/en\/wp-json\/wp\/v2\/posts\/5784\/revisions"}],"predecessor-version":[{"id":5785,"href":"https:\/\/standort-niederrhein.de\/en\/wp-json\/wp\/v2\/posts\/5784\/revisions\/5785"}],"wp:attachment":[{"href":"https:\/\/standort-niederrhein.de\/en\/wp-json\/wp\/v2\/media?parent=5784"}],"wp:term":[{"taxonomy":"category","embeddable":true,"href":"https:\/\/standort-niederrhein.de\/en\/wp-json\/wp\/v2\/categories?post=5784"},{"taxonomy":"post_tag","embeddable":true,"href":"https:\/\/standort-niederrhein.de\/en\/wp-json\/wp\/v2\/tags?post=5784"}],"curies":[{"name":"wp","href":"https:\/\/api.w.org\/{rel}","templated":true}]}}