{"id":5774,"date":"2025-03-14T07:00:00","date_gmt":"2025-03-14T06:00:00","guid":{"rendered":"https:\/\/invest-in-niederrhein.de\/?p=5774"},"modified":"2025-03-27T14:04:01","modified_gmt":"2025-03-27T13:04:01","slug":"der-niederrhein-auf-der-itb-digitalisierung-und-natur-erlebnisse","status":"publish","type":"post","link":"https:\/\/standort-niederrhein.de\/en\/2025\/03\/14\/der-niederrhein-auf-der-itb-digitalisierung-und-natur-erlebnisse\/","title":{"rendered":"Der Niederrhein auf der ITB: Digitalisierung und Natur-Erlebnisse"},"content":{"rendered":"\n<p><strong>Niederrhein\/ Berlin.<\/strong> Die Megatrends Digitalisierung und Nachhaltigkeit haben den Auftritt der Niederrhein Tourismus GmbH (NT) auf der ITB Berlin bestimmt. Am Stand von Tourismus NRW konnte sich die Region Anfang M\u00e4rz dem interessierten Fachpublikum auf der Internationalen Tourismus-B\u00f6rse pr\u00e4sentieren. Dabei ging es unter anderem um die Digitalisierung des Verleihsystems NiederrheinRad: Die rund 300 R\u00e4der sind nun mit modernen Schl\u00f6ssern ausgestattet, um per App nicht nur gebucht, sondern auch sofort genutzt werden zu k\u00f6nnen.\u00a0<\/p>\n\n\n\n<p>\u201eAu\u00dferdem haben wir uns mit den Anbietern der WELCMpass-App getroffen, um weitere Details zur digitalen Niederrhein-G\u00e4stecard zu besprechen\u201c, berichtet NT-Gesch\u00e4ftsf\u00fchrerin Martina Baumg\u00e4rtner, die gemeinsam mit Prokuristen Nina J\u00f6rgens in Berlin war. Die neue G\u00e4stecard soll ab August dieses Jahres erh\u00e4ltlich sein und den Nutzern viele Verg\u00fcnstigungen bringen, etwa beim Besuch von Freizeiteinrichtungen. Der lokale und regionale Einzelhandel soll sich ebenfalls einbringen und so profitieren k\u00f6nnen. \u201eAuf der ITB wurde einmal mehr deutlich, dass in der Digitalisierung die Zukunft liegt. Daher werden wir den eingeschlagenen Weg gemeinsam mit allen Partnern weiterverfolgen\u201c, so Baumg\u00e4rtner.<\/p>\n\n\n\n<p>Deutlich sp\u00fcrbar war die Nachfrage nach nachhaltigen Outdoor-Angeboten. Gerade im Bereich \u201eRad und Wandern in der Natur\u201c, den zwei gro\u00dfen touristischen Schwerpunkten am Niederrhein, ist das Interesse gro\u00df. \u201eAuch in diesem Kontext k\u00f6nnen wir \u2013 als Unteraussteller bei Tourismus NRW \u2013 diese wichtige Messe als Erfolg verbuchen\u201c, sagt Nina J\u00f6rgens. Konkret gab es unter anderem Termine mit den Paketreiseveranstaltern Scherzer aus Bayern und Service-Reisen aus Hessen. Zur verst\u00e4rkten Vermarktung der Region wurden ebenfalls Gespr\u00e4che gef\u00fchrt, etwa mit Fach- und Publikumsmedien mit gro\u00dfen Reichweiten.<\/p>\n\n\n\n<p>Quelle: <a href=\"https:\/\/www.niederrhein-tourismus.de\/presse-oeffentlichkeitsarbeit\/presse\/der-niederrhein-auf-der-itb-digitalisierung-und-natur-erlebnisse\">Niederrhein Tourismus<\/a><\/p>\n\n\n<figure class=\"wp-block-post-featured-image\"><img loading=\"lazy\" decoding=\"async\" width=\"700\" height=\"467\" src=\"https:\/\/standort-niederrhein.de\/wp-content\/uploads\/2025\/03\/ITB-2025_Tourismus-NRW-e.V._Bildschoen-700x467-1.jpg\" class=\"attachment-post-thumbnail size-post-thumbnail wp-post-image\" alt=\"\" style=\"object-fit:cover;\" srcset=\"https:\/\/standort-niederrhein.de\/wp-content\/uploads\/2025\/03\/ITB-2025_Tourismus-NRW-e.V._Bildschoen-700x467-1.jpg 700w, https:\/\/standort-niederrhein.de\/wp-content\/uploads\/2025\/03\/ITB-2025_Tourismus-NRW-e.V._Bildschoen-700x467-1-480x320.jpg 480w\" sizes=\"(min-width: 0px) and (max-width: 480px) 480px, (min-width: 481px) 700px, 100vw\" \/><\/figure>\n\n\n<p>Der Niederrhein Tourismus (NT) pr\u00e4sentierte sich am NRW-Stand auf der ITB. Das Foto zeigt: (v.l.) Nina J\u00f6rgens (NT), Silke Krebs, Staatssekret\u00e4rin im NRW-Ministerium f\u00fcr Wirtschaft, Industrie, Klimaschutz und Energie, Martina Baumg\u00e4rtner (NT), Alexandra Fuchs (Neuss Marketing) und Dr. Heike D\u00f6ll-K\u00f6nig (Tourismus NRW). | Foto: Tourismus NRW e.V. \/ Bildscho\u0308n<\/p>\n","protected":false},"excerpt":{"rendered":"<p>Niederrhein\/ Berlin. Die Megatrends Digitalisierung und Nachhaltigkeit haben den Auftritt der Niederrhein Tourismus GmbH (NT) auf der ITB Berlin bestimmt. Am Stand von Tourismus NRW konnte sich die Region Anfang M\u00e4rz dem interessierten Fachpublikum auf der Internationalen Tourismus-B\u00f6rse pr\u00e4sentieren. Dabei ging es unter anderem um die Digitalisierung des Verleihsystems NiederrheinRad: Die rund 300 R\u00e4der sind [&hellip;]<\/p>\n","protected":false},"author":3,"featured_media":5775,"comment_status":"closed","ping_status":"closed","sticky":false,"template":"","format":"standard","meta":{"_et_pb_use_builder":"","_et_pb_old_content":"","_et_gb_content_width":"","footnotes":""},"categories":[1],"tags":[],"class_list":["post-5774","post","type-post","status-publish","format-standard","has-post-thumbnail","hentry","category-allgemein"],"_links":{"self":[{"href":"https:\/\/standort-niederrhein.de\/en\/wp-json\/wp\/v2\/posts\/5774","targetHints":{"allow":["GET"]}}],"collection":[{"href":"https:\/\/standort-niederrhein.de\/en\/wp-json\/wp\/v2\/posts"}],"about":[{"href":"https:\/\/standort-niederrhein.de\/en\/wp-json\/wp\/v2\/types\/post"}],"author":[{"embeddable":true,"href":"https:\/\/standort-niederrhein.de\/en\/wp-json\/wp\/v2\/users\/3"}],"replies":[{"embeddable":true,"href":"https:\/\/standort-niederrhein.de\/en\/wp-json\/wp\/v2\/comments?post=5774"}],"version-history":[{"count":1,"href":"https:\/\/standort-niederrhein.de\/en\/wp-json\/wp\/v2\/posts\/5774\/revisions"}],"predecessor-version":[{"id":5776,"href":"https:\/\/standort-niederrhein.de\/en\/wp-json\/wp\/v2\/posts\/5774\/revisions\/5776"}],"wp:featuredmedia":[{"embeddable":true,"href":"https:\/\/standort-niederrhein.de\/en\/wp-json\/wp\/v2\/media\/5775"}],"wp:attachment":[{"href":"https:\/\/standort-niederrhein.de\/en\/wp-json\/wp\/v2\/media?parent=5774"}],"wp:term":[{"taxonomy":"category","embeddable":true,"href":"https:\/\/standort-niederrhein.de\/en\/wp-json\/wp\/v2\/categories?post=5774"},{"taxonomy":"post_tag","embeddable":true,"href":"https:\/\/standort-niederrhein.de\/en\/wp-json\/wp\/v2\/tags?post=5774"}],"curies":[{"name":"wp","href":"https:\/\/api.w.org\/{rel}","templated":true}]}}