{"id":5752,"date":"2025-03-28T06:00:00","date_gmt":"2025-03-28T05:00:00","guid":{"rendered":"https:\/\/invest-in-niederrhein.de\/?p=5752"},"modified":"2025-03-26T12:34:06","modified_gmt":"2025-03-26T11:34:06","slug":"foerdermittel-unterwegs-neue-reihe-von-betriebsbesuchen-in-kleinenbroich-gestartet","status":"publish","type":"post","link":"https:\/\/standort-niederrhein.de\/en\/2025\/03\/28\/foerdermittel-unterwegs-neue-reihe-von-betriebsbesuchen-in-kleinenbroich-gestartet\/","title":{"rendered":"\u201eF\u00f6rdermittel unterwegs\u201c: Neue Reihe von Betriebsbesuchen in Kleinenbroich gestartet"},"content":{"rendered":"\n<p><strong>Rhein-Kreis Neuss.<\/strong> Zum ersten Mal fand jetzt das Format \u201eF\u00f6rdermittel unterwegs\u201c bei der Firma Schellen &amp; Flack in Kleinenbroich statt. In Kooperation der Wirtschaftsf\u00f6rderungen des Rhein-Kreises Neuss und der Stadt Korschenbroich sowie der NRW.Bank wurde die Sprechstunde ins Leben gerufen, um Unternehmen wertvolle Einblicke in die Welt der F\u00f6rderm\u00f6glichkeiten zu bieten.<\/p>\n\n\n\n<p>In Einzelgespr\u00e4chen hatten die Teilnehmer die Gelegenheit, sich umfassend \u00fcber verschiedene F\u00f6rdermittel zu ihrem Projekt zu informieren und individuelle Fragen zu kl\u00e4ren. Alle verf\u00fcgbaren Termine an diesem Tag waren bereits nach kurzer Zeit ausbucht. \u201eDas spiegelt den enormen Bedarf und das Interesse wider\u201c, so Stefanie B\u00f6ssem von der Korschenbroicher Wirtschaftsf\u00f6rderung. \u201eWir planen, dieses Format k\u00fcnftig regelm\u00e4\u00dfig \u2013 auch in anderen Kommunen im Kreisgebiet \u2013 anzubieten\u201c, freut sich Alana Voigt von der Kreiswirtschaftsf\u00f6rderung \u00fcber die gelungene Auftaktveranstaltung.<\/p>\n\n\n\n<p>Mit B\u00f6ssem, Voigt und Stephan Kunz von der NRW.Bank stand ein Expertenteam bereit, das wertvolle Informationen und Tipps zu den vielf\u00e4ltigen F\u00f6rderprojekten der Unternehmen geben konnte. \u201eDie F\u00f6rdermittellandschaft ist oft undurchsichtig und f\u00fcr kleine und mittlere Unternehmen kaum zu durchschauen. Die Wirtschaftsf\u00f6rderung des Rhein-Kreises Neuss hat dieses Format ins Leben gerufen, um den Unternehmern die M\u00f6glichkeit zu geben, sich vor Ort zu informieren und die passenden F\u00f6rderm\u00f6glichkeiten zu finden\u201c, berichtet Alana Voigt.<\/p>\n\n\n\n<p>\u201eBei einem Unternehmen vor Ort f\u00fcr die Unternehmen vor Ort \u2013 das war der Gedanke bei der Planung der Veranstaltung\u201c, so Stefanie B\u00f6ssem, die sich besonders \u00fcber die Mitwirkung der NRW.Bank freute, die ein neues Produkt im Gep\u00e4ck hatte, das auch gleich auf einige Anfragen passte. Besonders h\u00e4ufig wurden F\u00f6rderm\u00f6glichkeiten zu den Themen Innovation, Nachhaltigkeit und Digitalisierung nachgefragt.<\/p>\n\n\n\n<p>Korschenbroichs B\u00fcrgermeister Marc Venten und Robert Abts, der Leiter der Kreiswirtschaftsf\u00f6rderung, nutzten die Gelegenheit, sich mit der Gesch\u00e4ftsf\u00fchrung der Firma Schellen &amp; Flack auszutauschen und sich im Rahmen einer Firmenbesichtigung \u00fcber die neuesten Entwicklungen und Projekte des Unternehmens zu informieren.<\/p>\n\n\n\n<p>Schellen &amp; Flack ist seit mehr als 35 Jahren am Standort Kleinenbroich ans\u00e4ssig und Vorreiter im Bereich Beratung und Konzeption von hochwertigen Rohren und Rohrkomponenten sowie Oberfl\u00e4chenbeschichtungen. Die Produkte des Familienunternehmens kommen insbesondere in der Automobil- und M\u00f6belindustrie zum Einsatz.&nbsp;<\/p>\n\n\n\n<p>Investitionen in modernste Technologien und fortschrittliche Prozesse stehen im Fokus des Betriebs. Besonders beeindruckte die G\u00e4ste die Vorstellung eines neuen automatischen 3D-Rohrlasers f\u00fcr hochpr\u00e4zises Arbeiten nach nahezu allen Anforderungen an maximale Qualit\u00e4t. Dass Schellen &amp; Flack auch junge Menschen bei der Entwicklung neuer Ideen begleitet, wusste Gesch\u00e4ftsf\u00fchrer Christoph D\u00f6hlings zu berichten. So unterst\u00fctzt das Unternehmen aktuell ein Projekt der Hochschule Niederrhein im Bereich des Rennsports.<\/p>\n\n\n\n<p>Quelle: <a href=\"http:\/\/www.rhein-kreis-neuss.de\">Rhein-Kreis Neuss<\/a><\/p>\n\n\n<figure class=\"wp-block-post-featured-image\"><img loading=\"lazy\" decoding=\"async\" width=\"2560\" height=\"1703\" src=\"https:\/\/standort-niederrhein.de\/wp-content\/uploads\/2025\/03\/DSC_3086-scaled.jpg\" class=\"attachment-post-thumbnail size-post-thumbnail wp-post-image\" alt=\"\" style=\"object-fit:cover;\" srcset=\"https:\/\/standort-niederrhein.de\/wp-content\/uploads\/2025\/03\/DSC_3086-scaled.jpg 2560w, https:\/\/standort-niederrhein.de\/wp-content\/uploads\/2025\/03\/DSC_3086-1280x852.jpg 1280w, https:\/\/standort-niederrhein.de\/wp-content\/uploads\/2025\/03\/DSC_3086-980x652.jpg 980w, https:\/\/standort-niederrhein.de\/wp-content\/uploads\/2025\/03\/DSC_3086-480x319.jpg 480w\" sizes=\"(min-width: 0px) and (max-width: 480px) 480px, (min-width: 481px) and (max-width: 980px) 980px, (min-width: 981px) and (max-width: 1280px) 1280px, (min-width: 1281px) 2560px, 100vw\" \/><\/figure>\n\n\n<p>Gelungener Auftakt: Bei der Firma Schellen &amp; Flack in Kleinenbroich fand jetzt die erste Veranstaltung im Rahmen des neuen Formats \u201eF\u00f6rdermittel unterwegs\u201c statt. | Foto: Stadt Korschenbroich<\/p>\n","protected":false},"excerpt":{"rendered":"<p>Rhein-Kreis Neuss. Zum ersten Mal fand jetzt das Format \u201eF\u00f6rdermittel unterwegs\u201c bei der Firma Schellen &amp; Flack in Kleinenbroich statt. In Kooperation der Wirtschaftsf\u00f6rderungen des Rhein-Kreises Neuss und der Stadt Korschenbroich sowie der NRW.Bank wurde die Sprechstunde ins Leben gerufen, um Unternehmen wertvolle Einblicke in die Welt der F\u00f6rderm\u00f6glichkeiten zu bieten. In Einzelgespr\u00e4chen hatten die [&hellip;]<\/p>\n","protected":false},"author":3,"featured_media":5753,"comment_status":"closed","ping_status":"closed","sticky":false,"template":"","format":"standard","meta":{"_et_pb_use_builder":"","_et_pb_old_content":"","_et_gb_content_width":"","footnotes":""},"categories":[1],"tags":[],"class_list":["post-5752","post","type-post","status-publish","format-standard","has-post-thumbnail","hentry","category-allgemein"],"_links":{"self":[{"href":"https:\/\/standort-niederrhein.de\/en\/wp-json\/wp\/v2\/posts\/5752","targetHints":{"allow":["GET"]}}],"collection":[{"href":"https:\/\/standort-niederrhein.de\/en\/wp-json\/wp\/v2\/posts"}],"about":[{"href":"https:\/\/standort-niederrhein.de\/en\/wp-json\/wp\/v2\/types\/post"}],"author":[{"embeddable":true,"href":"https:\/\/standort-niederrhein.de\/en\/wp-json\/wp\/v2\/users\/3"}],"replies":[{"embeddable":true,"href":"https:\/\/standort-niederrhein.de\/en\/wp-json\/wp\/v2\/comments?post=5752"}],"version-history":[{"count":1,"href":"https:\/\/standort-niederrhein.de\/en\/wp-json\/wp\/v2\/posts\/5752\/revisions"}],"predecessor-version":[{"id":5754,"href":"https:\/\/standort-niederrhein.de\/en\/wp-json\/wp\/v2\/posts\/5752\/revisions\/5754"}],"wp:featuredmedia":[{"embeddable":true,"href":"https:\/\/standort-niederrhein.de\/en\/wp-json\/wp\/v2\/media\/5753"}],"wp:attachment":[{"href":"https:\/\/standort-niederrhein.de\/en\/wp-json\/wp\/v2\/media?parent=5752"}],"wp:term":[{"taxonomy":"category","embeddable":true,"href":"https:\/\/standort-niederrhein.de\/en\/wp-json\/wp\/v2\/categories?post=5752"},{"taxonomy":"post_tag","embeddable":true,"href":"https:\/\/standort-niederrhein.de\/en\/wp-json\/wp\/v2\/tags?post=5752"}],"curies":[{"name":"wp","href":"https:\/\/api.w.org\/{rel}","templated":true}]}}