{"id":5749,"date":"2025-03-30T06:00:00","date_gmt":"2025-03-30T04:00:00","guid":{"rendered":"https:\/\/invest-in-niederrhein.de\/?p=5749"},"modified":"2025-03-26T12:30:17","modified_gmt":"2025-03-26T11:30:17","slug":"509-studierende-starten-im-sommersemester-ihren-weg-an-der-hochschule-niederrhein","status":"publish","type":"post","link":"https:\/\/standort-niederrhein.de\/en\/2025\/03\/30\/509-studierende-starten-im-sommersemester-ihren-weg-an-der-hochschule-niederrhein\/","title":{"rendered":"509 Studierende starten im Sommersemester ihren Weg an der Hochschule Niederrhein\u00a0"},"content":{"rendered":"\n<p><strong>Krefeld\/ M\u00f6nchengladbach.<\/strong> Das Sommersemester an der Hochschule Niederrhein hat begonnen. Insgesamt haben sich 509 Studierende in Krefeld und M\u00f6nchengladbach eingeschrieben. Damit konnte die Zahl aus dem Vorjahr nahezu erreicht werden. Traditionell sind die Einschreibezahlen zum Sommersemester deutlich niedriger, da vornehmlich Masterstudieng\u00e4nge starten.<\/p>\n\n\n\n<p>Weiterhin positiv ist der Trend beim Orientierungssemester der Technikwissenschaften Chemie, Elektrotechnik, Informatik, Maschinenbau, Verfahrenstechnik und Wirtschaftsingenieurwesen. In diesem Format k\u00f6nnen junge Menschen in allen Technikbereichen Veranstaltungen belegen und damit herausfinden, welches Fach am besten zu ihnen passt. Im Sommersemester 2025 haben sich 123 Personen f\u00fcr diesen Zweig entschieden. Im vergangenen Jahr waren es zum selben Zeitpunkt 80 Personen.&nbsp;<\/p>\n\n\n\n<p>\u201eWir freuen uns sehr, dass wir im Sommersemester unsere Zahlen stabilisieren und teilweise sogar ausbauen konnten. Besonders erfreulich ist die positive Resonanz auf unser Orientierungssemester \u2013 sie best\u00e4tigt uns darin, dass wir mit der Modernisierung unserer Ingenieurwissenschaften den richtigen Weg eingeschlagen haben. Unser Ziel ist es, diese Orientierungsphase k\u00fcnftig konsequent und systematisch in unsere neuen Studienangebote im Bereich der Technikwissenschaften zu integrieren. Aktuell arbeiten wir intensiv daran, die k\u00fcnftigen Studieng\u00e4nge passgenau zu entwickeln. Ich bin \u00fcberzeugt, dass wir damit sowohl den Nerv der Sch\u00fclerinnen und Sch\u00fcler treffen als auch den Fachkr\u00e4ftebedarf der regionalen Wirtschaft nachhaltig decken k\u00f6nnen\u201c, sagt Hochschulpr\u00e4sident Dr. Thomas Gr\u00fcnewald.<\/p>\n\n\n\n<p>Von den 378 Erstsemestern im Bachelor-Bereich entfallen 202 auf die Studieng\u00e4nge Berufsbegleitendes betriebswirtschaftliches Studium, Betriebswirtschaftslehre, Steuern und Wirtschaftspr\u00fcfung sowie Wirtschaftsinformatik. Diese Studieng\u00e4nge sind alle am Fachbereich Wirtschaftswissenschaften in M\u00f6nchengladbach angesiedelt. In Krefeld starten 53 Erstsemester in den Studieng\u00e4ngen Angewandte Therapiewissenschaften und Pflege am Fachbereich Gesundheitswesen.<\/p>\n\n\n\n<p>Im Masterbereich starten zum Sommersemester 2025 genau 25 Studieng\u00e4nge mit 184 Studierenden. Unter ihnen weisen der englischsprachige Master Management of Textile Trade and Technology am Fachbereich Textil- und Bekleidungstechnik sowie der Master Business Management am Fachbereich Wirtschaftswissenschaften und der Master Soziale Arbeit am Fachbereich Sozialwesen die meisten Einschreibungen auf.<\/p>\n\n\n\n<p>Quelle: <a href=\"http:\/\/www.hs-niederrhein.de\">Hochschule Niederrhein<\/a><\/p>\n\n\n<figure class=\"wp-block-post-featured-image\"><img loading=\"lazy\" decoding=\"async\" width=\"2000\" height=\"1334\" src=\"https:\/\/standort-niederrhein.de\/wp-content\/uploads\/2025\/03\/2025-03-25-Start_Sommersemester.jpg\" class=\"attachment-post-thumbnail size-post-thumbnail wp-post-image\" alt=\"\" style=\"object-fit:cover;\" srcset=\"https:\/\/standort-niederrhein.de\/wp-content\/uploads\/2025\/03\/2025-03-25-Start_Sommersemester.jpg 2000w, https:\/\/standort-niederrhein.de\/wp-content\/uploads\/2025\/03\/2025-03-25-Start_Sommersemester-1280x854.jpg 1280w, https:\/\/standort-niederrhein.de\/wp-content\/uploads\/2025\/03\/2025-03-25-Start_Sommersemester-980x654.jpg 980w, https:\/\/standort-niederrhein.de\/wp-content\/uploads\/2025\/03\/2025-03-25-Start_Sommersemester-480x320.jpg 480w\" sizes=\"(min-width: 0px) and (max-width: 480px) 480px, (min-width: 481px) and (max-width: 980px) 980px, (min-width: 981px) and (max-width: 1280px) 1280px, (min-width: 1281px) 2000px, 100vw\" \/><\/figure>\n\n\n<p>Das Sommersemester an der Hochschule Niederrhein hat begonnen. | Foto: Ivo Mayr\/ Hochschule Niederrhein<\/p>\n","protected":false},"excerpt":{"rendered":"<p>Krefeld\/ M\u00f6nchengladbach. Das Sommersemester an der Hochschule Niederrhein hat begonnen. Insgesamt haben sich 509 Studierende in Krefeld und M\u00f6nchengladbach eingeschrieben. Damit konnte die Zahl aus dem Vorjahr nahezu erreicht werden. Traditionell sind die Einschreibezahlen zum Sommersemester deutlich niedriger, da vornehmlich Masterstudieng\u00e4nge starten. Weiterhin positiv ist der Trend beim Orientierungssemester der Technikwissenschaften Chemie, Elektrotechnik, Informatik, Maschinenbau, [&hellip;]<\/p>\n","protected":false},"author":3,"featured_media":5750,"comment_status":"closed","ping_status":"closed","sticky":false,"template":"","format":"standard","meta":{"_et_pb_use_builder":"","_et_pb_old_content":"","_et_gb_content_width":"","footnotes":""},"categories":[1],"tags":[],"class_list":["post-5749","post","type-post","status-publish","format-standard","has-post-thumbnail","hentry","category-allgemein"],"_links":{"self":[{"href":"https:\/\/standort-niederrhein.de\/en\/wp-json\/wp\/v2\/posts\/5749","targetHints":{"allow":["GET"]}}],"collection":[{"href":"https:\/\/standort-niederrhein.de\/en\/wp-json\/wp\/v2\/posts"}],"about":[{"href":"https:\/\/standort-niederrhein.de\/en\/wp-json\/wp\/v2\/types\/post"}],"author":[{"embeddable":true,"href":"https:\/\/standort-niederrhein.de\/en\/wp-json\/wp\/v2\/users\/3"}],"replies":[{"embeddable":true,"href":"https:\/\/standort-niederrhein.de\/en\/wp-json\/wp\/v2\/comments?post=5749"}],"version-history":[{"count":1,"href":"https:\/\/standort-niederrhein.de\/en\/wp-json\/wp\/v2\/posts\/5749\/revisions"}],"predecessor-version":[{"id":5751,"href":"https:\/\/standort-niederrhein.de\/en\/wp-json\/wp\/v2\/posts\/5749\/revisions\/5751"}],"wp:featuredmedia":[{"embeddable":true,"href":"https:\/\/standort-niederrhein.de\/en\/wp-json\/wp\/v2\/media\/5750"}],"wp:attachment":[{"href":"https:\/\/standort-niederrhein.de\/en\/wp-json\/wp\/v2\/media?parent=5749"}],"wp:term":[{"taxonomy":"category","embeddable":true,"href":"https:\/\/standort-niederrhein.de\/en\/wp-json\/wp\/v2\/categories?post=5749"},{"taxonomy":"post_tag","embeddable":true,"href":"https:\/\/standort-niederrhein.de\/en\/wp-json\/wp\/v2\/tags?post=5749"}],"curies":[{"name":"wp","href":"https:\/\/api.w.org\/{rel}","templated":true}]}}