{"id":5746,"date":"2025-03-27T06:00:00","date_gmt":"2025-03-27T05:00:00","guid":{"rendered":"https:\/\/invest-in-niederrhein.de\/?p=5746"},"modified":"2025-03-25T10:42:58","modified_gmt":"2025-03-25T09:42:58","slug":"neue-praesidentin-gewaehlt-professorin-dr-susanne-meyer-uebernimmt-leitung-der-hochschule-niederrhein","status":"publish","type":"post","link":"https:\/\/standort-niederrhein.de\/en\/2025\/03\/27\/neue-praesidentin-gewaehlt-professorin-dr-susanne-meyer-uebernimmt-leitung-der-hochschule-niederrhein\/","title":{"rendered":"Neue Pr\u00e4sidentin gew\u00e4hlt: Professorin Dr. Susanne Meyer \u00fcbernimmt Leitung der Hochschule Niederrhein"},"content":{"rendered":"\n<p><strong>Krefeld.<\/strong> Die Hochschule Niederrhein bekommt eine neue Pr\u00e4sidentin: Professorin Dr. Susanne Meyer wurde am heutigen Montag von der Hochschulwahlversammlung mit gro\u00dfer Mehrheit gew\u00e4hlt. Sie tritt ihr Amt zum 1. Dezember 2025 an und folgt damit Dr. Thomas Gr\u00fcnewald nach. Gr\u00fcnewald, der im Juli 2019 ins Amt gew\u00e4hlt wurde und zuvor als Staatssekret\u00e4r im nordrhein-westf\u00e4lischen Wissenschaftsministerium t\u00e4tig war, scheidet mit Erreichen der Altersgrenze aus und stand f\u00fcr eine weitere Amtszeit nicht zur Verf\u00fcgung.<\/p>\n\n\n\n<p>\u201eIch bin sehr dankbar f\u00fcr das Vertrauen, das die Hochschule mir mit der heutigen Wahl geschenkt hat und freue mich auf die neue Aufgabe. Als Pr\u00e4sidentin m\u00f6chte ich gemeinsam mit den Hochschulangeh\u00f6rigen Br\u00fccken in Wirtschaft und Gesellschaft bauen, um die Hochschule als verantwortungsvollen Akteur in der Region zukunftsf\u00e4hig weiterzuentwickeln. Die Hochschule Niederrhein ist nach meiner \u00dcberzeugung gerade mit ihrem breiten F\u00e4cherspektrum sehr gut aufgestellt, um relevante Forschungsergebnisse zu generieren und vielf\u00e4ltige und flexible Bildungswege zu er\u00f6ffnen\u201c, sagte Meyer unmittelbar nach der Wahl.&nbsp;<\/p>\n\n\n\n<p>\u201eWir freuen uns, dass wir mit Frau Meyer eine au\u00dferordentlich kompetente und engagierte Pers\u00f6nlichkeit f\u00fcr die Hochschule gewinnen konnten. Der demografische Wandel wird auch die Hochschule Niederrhein in den kommenden Jahren stark ver\u00e4ndern. Mit Frau Meyer m\u00f6chten wir diese Herausforderung als Chance nutzen, um die Hochschule in ihrer strategischen Bedeutung f\u00fcr die Region weiterhin erfolgreich aufzustellen\u201c, sagt Dr. Armin Knors, Vorsitzender des Hochschulrates der Hochschule Niederrhein.<\/p>\n\n\n\n<p>Professorin Susanne Meyer bringt umfangreiche Erfahrung in der Hochschulleitung mit. Zuletzt f\u00fchrte sie von April bis Juni 2024 kommissarisch das Pr\u00e4sidentenamt der Hochschule f\u00fcr Wirtschaft und Recht (HWR) Berlin und war zugleich Erste Vizepr\u00e4sidentin. Dieses Amt hatte sie bereits seit April 2020 inne, verantwortlich f\u00fcr die Ressorts Studium und Lehre sowie Diversit\u00e4t. Zuvor leitete sie von 2016 bis 2020 als Weitere Vizepr\u00e4sidentin das Ressort Studium und Studierendenservice.<\/p>\n\n\n\n<p>Ihr Engagement f\u00fcr die akademische Selbstverwaltung reicht weit zur\u00fcck: Von 2007 bis 2011 war sie Prodekanin des Fachbereichs Wirtschaftswissenschaften, von 2006 bis 2016 Vorsitzende des Pr\u00fcfungsausschusses f\u00fcr die Bachelor-Studieng\u00e4nge desselben Fachbereichs. Zudem wirkte sie 2006\/2007 in der internen Gutachterkommission zur Evaluation der neuen Leitungsstruktur der damaligen FHW Berlin mit, die unter anderem in Zusammenarbeit mit dem CHE (Centrum f\u00fcr Hochschulentwicklung) stattfand. Parallel dazu war sie von 2005 bis 2016 Studiengangsleiterin f\u00fcr den Bachelorstudiengang Wirtschaftsrecht. Seit 2005 ist sie Professorin f\u00fcr Wirtschaftsrecht mit den Schwerpunkten Gesellschaftsrecht und internationales Vertragsrecht an der HWR Berlin.<\/p>\n\n\n\n<p>Die Mutter zweier erwachsener S\u00f6hne studierte Jura in Mainz, Dijon (Frankreich) und Freiburg. Nach beruflichen Stationen als Rechtsanw\u00e4ltin in Berlin und Frankfurt folgte 2005 der Wechsel in die Wissenschaft \u2013 mit der Berufung an die HWR Berlin.<\/p>\n\n\n\n<p>Die Hochschulwahlversammlung setzt sich aus den Mitgliedern des Hochschulrats sowie des Senats zusammen. Letzterer repr\u00e4sentiert alle Statusgruppen der Hochschule: Professorinnen und Professoren, wissenschaftliche und nicht-wissenschaftliche Mitarbeitende sowie Studierende. F\u00fcr die Wahl ist sowohl die Mehrheit der Gesamtstimmen als auch die Mehrheit innerhalb beider Gruppen \u2013 Senat und Hochschulrat \u2013 erforderlich. Vorausgegangen war ein Auswahlprozess, in dem eine Findungskommission aus Vertreterinnen und Vertretern beider Gremien Meyer aus einem Kreis von Bewerberinnen und Bewerbern ausw\u00e4hlte und der Wahlversammlung vorschlug.<\/p>\n\n\n\n<p>Quelle: <a href=\"http:\/\/www.hs-niederrhein.de\">Hochschule Niederrhein<\/a><\/p>\n\n\n<figure class=\"wp-block-post-featured-image\"><img loading=\"lazy\" decoding=\"async\" width=\"2000\" height=\"1333\" src=\"https:\/\/standort-niederrhein.de\/wp-content\/uploads\/2025\/03\/2025-03-24-neue-Praesidentin.jpg\" class=\"attachment-post-thumbnail size-post-thumbnail wp-post-image\" alt=\"\" style=\"object-fit:cover;\" srcset=\"https:\/\/standort-niederrhein.de\/wp-content\/uploads\/2025\/03\/2025-03-24-neue-Praesidentin.jpg 2000w, https:\/\/standort-niederrhein.de\/wp-content\/uploads\/2025\/03\/2025-03-24-neue-Praesidentin-1280x853.jpg 1280w, https:\/\/standort-niederrhein.de\/wp-content\/uploads\/2025\/03\/2025-03-24-neue-Praesidentin-980x653.jpg 980w, https:\/\/standort-niederrhein.de\/wp-content\/uploads\/2025\/03\/2025-03-24-neue-Praesidentin-480x320.jpg 480w\" sizes=\"(min-width: 0px) and (max-width: 480px) 480px, (min-width: 481px) and (max-width: 980px) 980px, (min-width: 981px) and (max-width: 1280px) 1280px, (min-width: 1281px) 2000px, 100vw\" \/><\/figure>\n\n\n<p>Professorin Dr. Susanne Meyer wird Nachfolgerin von Dr. Thomas Gr\u00fcnewald | Foto: Simon Erath\/ Hochschule Niederrhein<\/p>\n","protected":false},"excerpt":{"rendered":"<p>Krefeld. Die Hochschule Niederrhein bekommt eine neue Pr\u00e4sidentin: Professorin Dr. Susanne Meyer wurde am heutigen Montag von der Hochschulwahlversammlung mit gro\u00dfer Mehrheit gew\u00e4hlt. Sie tritt ihr Amt zum 1. Dezember 2025 an und folgt damit Dr. Thomas Gr\u00fcnewald nach. Gr\u00fcnewald, der im Juli 2019 ins Amt gew\u00e4hlt wurde und zuvor als Staatssekret\u00e4r im nordrhein-westf\u00e4lischen Wissenschaftsministerium [&hellip;]<\/p>\n","protected":false},"author":3,"featured_media":5747,"comment_status":"closed","ping_status":"closed","sticky":false,"template":"","format":"standard","meta":{"_et_pb_use_builder":"","_et_pb_old_content":"","_et_gb_content_width":"","footnotes":""},"categories":[1],"tags":[],"class_list":["post-5746","post","type-post","status-publish","format-standard","has-post-thumbnail","hentry","category-allgemein"],"_links":{"self":[{"href":"https:\/\/standort-niederrhein.de\/en\/wp-json\/wp\/v2\/posts\/5746","targetHints":{"allow":["GET"]}}],"collection":[{"href":"https:\/\/standort-niederrhein.de\/en\/wp-json\/wp\/v2\/posts"}],"about":[{"href":"https:\/\/standort-niederrhein.de\/en\/wp-json\/wp\/v2\/types\/post"}],"author":[{"embeddable":true,"href":"https:\/\/standort-niederrhein.de\/en\/wp-json\/wp\/v2\/users\/3"}],"replies":[{"embeddable":true,"href":"https:\/\/standort-niederrhein.de\/en\/wp-json\/wp\/v2\/comments?post=5746"}],"version-history":[{"count":1,"href":"https:\/\/standort-niederrhein.de\/en\/wp-json\/wp\/v2\/posts\/5746\/revisions"}],"predecessor-version":[{"id":5748,"href":"https:\/\/standort-niederrhein.de\/en\/wp-json\/wp\/v2\/posts\/5746\/revisions\/5748"}],"wp:featuredmedia":[{"embeddable":true,"href":"https:\/\/standort-niederrhein.de\/en\/wp-json\/wp\/v2\/media\/5747"}],"wp:attachment":[{"href":"https:\/\/standort-niederrhein.de\/en\/wp-json\/wp\/v2\/media?parent=5746"}],"wp:term":[{"taxonomy":"category","embeddable":true,"href":"https:\/\/standort-niederrhein.de\/en\/wp-json\/wp\/v2\/categories?post=5746"},{"taxonomy":"post_tag","embeddable":true,"href":"https:\/\/standort-niederrhein.de\/en\/wp-json\/wp\/v2\/tags?post=5746"}],"curies":[{"name":"wp","href":"https:\/\/api.w.org\/{rel}","templated":true}]}}