{"id":5744,"date":"2025-03-17T07:00:00","date_gmt":"2025-03-17T06:00:00","guid":{"rendered":"https:\/\/invest-in-niederrhein.de\/?p=5744"},"modified":"2025-03-24T12:50:04","modified_gmt":"2025-03-24T11:50:04","slug":"15-jahre-ernaehrung-nrw-e-v","status":"publish","type":"post","link":"https:\/\/standort-niederrhein.de\/en\/2025\/03\/17\/15-jahre-ernaehrung-nrw-e-v\/","title":{"rendered":"15 Jahre Ern\u00e4hrung-NRW e.V."},"content":{"rendered":"\n<p><strong>NRW\/ Kamp-Lintfort.<\/strong> Nordrhein-Westfalen steht f\u00fcr eine leistungsf\u00e4hige Landwirtschaft und f\u00fcr hochwertige und vielf\u00e4ltige Lebensmittel. Um die Branche zukunftsf\u00e4hig zu gestalten und den gegenw\u00e4rtigen Herausforderungen wie Klimawandel, Digitalisierung, wirtschaftliche Entwicklung und den gesellschaftlichen Erwartungen erfolgreich zu begegnen, braucht es starke Netzwerke, innovative L\u00f6sungen, wegweisende Impulse und umfassende Dialoge. All das bietet der Verein Ern\u00e4hrung-NRW e.V. allen, die an der Lebensmittelwertsch\u00f6pfungskette \u2013 vom Landwirt bis zum H\u00e4ndler \u2013 \u00fcber alle Produktbereiche beteiligt sind.<\/p>\n\n\n\n<p>Mit dem Ziel, erfolgreiche Perspektiven f\u00fcr die aktuellen Herausforderungen der Land- und Ern\u00e4hrungswirtschaft zu diskutieren, hatte der Verein Ern\u00e4hrung NRW e.V. am Freitag, 14. M\u00e4rz 2025, Vertreterinnen und Vertreter der nordrhein-westf\u00e4lischen Land- und Ern\u00e4hrungswirtschaft zur \u201eLangen Nacht der Ern\u00e4hrung\u201c nach Kamp-Lintfort eingeladen. Ministerin Silke Gori\u00dfen er\u00f6ffnete die Veranstaltung vor rund 100 G\u00e4sten und hielt eine Laudatio zum 15-j\u00e4hrigen Bestehen des Vereins.<\/p>\n\n\n\n<p>Ministerin Silke Gori\u00dfen: \u201eNordrhein-Westfalen steht f\u00fcr eine starke Landwirtschaft und f\u00fcr vielf\u00e4ltige und regionale Lebensmittel. Unsere Betriebe bieten Verbraucherinnen und Verbrauchern qualitativ hochwertige Lebensmittel und stehen f\u00fcr N\u00e4he, Qualit\u00e4t und Verantwortung. Ich freue mich, dass wir mit dem Verein Ern\u00e4hrung-NRW einen Partner haben, der sich seit 15 Jahren f\u00fcr die Vernetzung und Bekanntheit von regionalen Lebensmitteln aus der Land- und Ern\u00e4hrungswirtschaft einsetzt. Dazu z\u00e4hlt die Verarbeitungsindustrie genauso wie das Lebensmittelhandwerk und der Handel. Unter der Dachmarke des Vereins \u201aNRW is(s)t gut!\u2018 erhalten die regionalen Erzeugnisse, neuen Produkte, hochwertigen Herstellungsweisen und einzigartigen Kulturlandschaften die Sichtbarkeit, die sie verdient haben.\u201c<\/p>\n\n\n\n<p>Bei der \u201eLangen Nacht der Ern\u00e4hrung\u201c in Kamp-Lintfort kamen Expertinnen und Experten aus Unternehmen und der Land- und Ern\u00e4hrungswirtschaft in Nordrhein-Westfalen zusammen, um sich \u00fcber die aktuellen Entwicklungen und Herausforderungen auszutauschen.&nbsp;<\/p>\n\n\n\n<p><strong>Hintergrund Ern\u00e4hrung-NRW e.V.<\/strong><br>Der wirtschaftsgetragene Verein Ern\u00e4hrung-NRW e.V. arbeitet seit seiner Gr\u00fcndung im Jahr 2010 daran, das Image und die Bekanntheit regio4naler Erzeugnisse und Lebensmittel sowie die Vernetzung entlang der gesamten Wertsch\u00f6pfungskette der Agrar- und Ern\u00e4hrungswirtschaft in Nordrhein-Westfalen auszubauen.\u00a0<\/p>\n\n\n\n<p>In seiner Rolle als wichtiger Akteur der regionalen Vermarktung leistet der Verein einen wichtigen Beitrag f\u00fcr die Land- und Ern\u00e4hrungswirtschaft in Nordrhein-Westfalen. Dazu z\u00e4hlen Pr\u00e4sentationen der starken Branche auf der Gr\u00fcnen Woche oder auf regionalen Messen, die Kennzeichnung von qualitativ hochwertigen Produkten mit dem Herkunftszeichen \u201egepr\u00fcfte Qualit\u00e4t NRW\u201c und die Durchf\u00fchrung von Kampagnen. Die Aktivit\u00e4ten werden in enger Abstimmung mit dem Ministerium f\u00fcr Landwirtschaft und Verbraucherschutz des Landes Nordrhein-Westfalen und dem Landesamt f\u00fcr Natur, Umwelt und Verbraucherschutz (LANUV) als Kooperationspartner geplant und umgesetzt.\u00a0<\/p>\n\n\n\n<p>Quelle: <a href=\"https:\/\/www.land.nrw\/pressemitteilung\/15-jahre-ernaehrung-nrw-ev-ministerin-gorissen-wuerdigt-erfolgreiche-arbeit-fuer\">Land NRW<\/a><\/p>\n","protected":false},"excerpt":{"rendered":"<p>NRW\/ Kamp-Lintfort. Nordrhein-Westfalen steht f\u00fcr eine leistungsf\u00e4hige Landwirtschaft und f\u00fcr hochwertige und vielf\u00e4ltige Lebensmittel. Um die Branche zukunftsf\u00e4hig zu gestalten und den gegenw\u00e4rtigen Herausforderungen wie Klimawandel, Digitalisierung, wirtschaftliche Entwicklung und den gesellschaftlichen Erwartungen erfolgreich zu begegnen, braucht es starke Netzwerke, innovative L\u00f6sungen, wegweisende Impulse und umfassende Dialoge. All das bietet der Verein Ern\u00e4hrung-NRW e.V. allen, [&hellip;]<\/p>\n","protected":false},"author":3,"featured_media":0,"comment_status":"closed","ping_status":"closed","sticky":false,"template":"","format":"standard","meta":{"_et_pb_use_builder":"","_et_pb_old_content":"","_et_gb_content_width":"","footnotes":""},"categories":[1],"tags":[],"class_list":["post-5744","post","type-post","status-publish","format-standard","hentry","category-allgemein"],"_links":{"self":[{"href":"https:\/\/standort-niederrhein.de\/en\/wp-json\/wp\/v2\/posts\/5744","targetHints":{"allow":["GET"]}}],"collection":[{"href":"https:\/\/standort-niederrhein.de\/en\/wp-json\/wp\/v2\/posts"}],"about":[{"href":"https:\/\/standort-niederrhein.de\/en\/wp-json\/wp\/v2\/types\/post"}],"author":[{"embeddable":true,"href":"https:\/\/standort-niederrhein.de\/en\/wp-json\/wp\/v2\/users\/3"}],"replies":[{"embeddable":true,"href":"https:\/\/standort-niederrhein.de\/en\/wp-json\/wp\/v2\/comments?post=5744"}],"version-history":[{"count":1,"href":"https:\/\/standort-niederrhein.de\/en\/wp-json\/wp\/v2\/posts\/5744\/revisions"}],"predecessor-version":[{"id":5745,"href":"https:\/\/standort-niederrhein.de\/en\/wp-json\/wp\/v2\/posts\/5744\/revisions\/5745"}],"wp:attachment":[{"href":"https:\/\/standort-niederrhein.de\/en\/wp-json\/wp\/v2\/media?parent=5744"}],"wp:term":[{"taxonomy":"category","embeddable":true,"href":"https:\/\/standort-niederrhein.de\/en\/wp-json\/wp\/v2\/categories?post=5744"},{"taxonomy":"post_tag","embeddable":true,"href":"https:\/\/standort-niederrhein.de\/en\/wp-json\/wp\/v2\/tags?post=5744"}],"curies":[{"name":"wp","href":"https:\/\/api.w.org\/{rel}","templated":true}]}}