{"id":5738,"date":"2025-03-25T06:00:00","date_gmt":"2025-03-25T05:00:00","guid":{"rendered":"https:\/\/invest-in-niederrhein.de\/?p=5738"},"modified":"2025-03-24T10:23:02","modified_gmt":"2025-03-24T09:23:02","slug":"hochschulpreis-2025-die-auszeichnung-fuer-wirtschaft-und-hochschule-geht-ins-zwoelfte-jahr","status":"publish","type":"post","link":"https:\/\/standort-niederrhein.de\/en\/2025\/03\/25\/hochschulpreis-2025-die-auszeichnung-fuer-wirtschaft-und-hochschule-geht-ins-zwoelfte-jahr\/","title":{"rendered":"Hochschulpreis 2025 | Die Auszeichnung f\u00fcr Wirtschaft und Hochschule geht ins zw\u00f6lfte Jahr"},"content":{"rendered":"\n<p><strong>Kreis Kleve. <\/strong>Der \u201eHochschulpreis der Wirtschaftsf\u00f6rderung Kreis Kleve f\u00fcr herausragende Projekte der Zusammenarbeit mit der regionalen Wirtschaft \u2013 gef\u00f6rdert von den Sparkassen und Volksbanken im Kreis Kleve\u201c feiert in diesem Jahr Zw\u00f6lfj\u00e4hriges. Insgesamt 31 Projekte wurden in der Vergangenheit bereits ausgezeichnet.\u00a0 2024 wurde das Projekt \u201eWasserstoff ersetzt Dieselgenerator\u201c ausgezeichnet. Die Preistr\u00e4ger waren die Omexom Smart Technologies GmbH in Uedem und die Fakult\u00e4t Kommunikation und Umwelt der Hochschule Rhein-Waal.<\/p>\n\n\n\n<p>\u201eWir sind sicher, dass es in diesem Jahr ebenso spannende Projekte der Zusammenarbeit gibt, aus denen deutlich wird, welchen Zugewinn die Hochschule Rhein-Waal f\u00fcr unsere Region bedeutet. Mit dem Preis wollen wir ein besonders gelungenes Beispiel der Zusammenarbeit auszeichnen und der breiten \u00d6ffentlichkeit bekannt machen. Es kommt nicht auf die ,Weltneuheit\u2018 an, im Vordergrund steht die L\u00f6sung eines praktischen Problems, an der die Hochschule Rhein-Waal entscheidend mitgewirkt hat\u201c, ermuntert Kreis-Wirtschaftsf\u00f6rderin Brigitte Jansen zur Einreichung von Wettbewerbsbeitr\u00e4gen. Die Zusammenarbeit kann in einer Seminar- oder Projektarbeit, in einer betreuten Bachelor-Arbeit, in einer eigenst\u00e4ndigen Forschungs- und Entwicklungsarbeit oder in anderen Ausdrucksformen liegen. Hier gibt es keine Vorgaben. Ein gewisser Neuheitswert sollte jedoch gegeben sein.<\/p>\n\n\n\n<p>Die Bewerbungsfrist l\u00e4uft noch bis zum 4. April 2025. Alle erforderlichen Unterlagen wie den Leitfaden f\u00fcr die Erstellung der Bewerbungsunterlagen finden Interessierte unter www.wfg-kreis-kleve.de. Nach Eingang der Wettbewerbsbeitr\u00e4ge bei der Kreis-Wirtschaftsf\u00f6rderung entscheidet eine siebenk\u00f6pfige Jury, bestehend aus je zwei Vorst\u00e4nden der Sparkassen- und der Volksbankengruppe, dem Pr\u00e4sidenten der Hochschule Rhein-Waal, dem Landrat sowie der Gesch\u00e4ftsf\u00fchrerin der Wirtschaftsf\u00f6rderung Kreis Kleve. Der Gewinner des Hochschulpreises erh\u00e4lt ein k\u00fcnstlerisch gestaltetes Zertifikat f\u00fcr das Unternehmen. Das Preisgeld von 7.500 Euro geht an den beteiligten Lehrstuhl.<\/p>\n\n\n\n<p>Die Vergabe des Preises erfolgt im Rahmen der Veranstaltung \u201eForum Kreis Kleve \u2013 Das Fachleute-Treffen f\u00fcr wirtschaftlich Interessierte\u201c durch Landrat Christoph Gerwers. Das Forum Kreis Kleve findet am Abend des 21. Mai 2025 in der Stadthalle Kleve statt.<\/p>\n\n\n\n<p>Quelle: <a href=\"http:\/\/www.wfg-kreis-kleve.de\">WFG Kreis Kleve<\/a><\/p>\n\n\n<figure class=\"wp-block-post-featured-image\"><img loading=\"lazy\" decoding=\"async\" width=\"2560\" height=\"2001\" src=\"https:\/\/standort-niederrhein.de\/wp-content\/uploads\/2025\/03\/Ankuendigung-Hochschulpreis-scaled.jpg\" class=\"attachment-post-thumbnail size-post-thumbnail wp-post-image\" alt=\"\" style=\"object-fit:cover;\" srcset=\"https:\/\/standort-niederrhein.de\/wp-content\/uploads\/2025\/03\/Ankuendigung-Hochschulpreis-scaled.jpg 2560w, https:\/\/standort-niederrhein.de\/wp-content\/uploads\/2025\/03\/Ankuendigung-Hochschulpreis-1280x1001.jpg 1280w, https:\/\/standort-niederrhein.de\/wp-content\/uploads\/2025\/03\/Ankuendigung-Hochschulpreis-980x766.jpg 980w, https:\/\/standort-niederrhein.de\/wp-content\/uploads\/2025\/03\/Ankuendigung-Hochschulpreis-480x375.jpg 480w\" sizes=\"(min-width: 0px) and (max-width: 480px) 480px, (min-width: 481px) and (max-width: 980px) 980px, (min-width: 981px) and (max-width: 1280px) 1280px, (min-width: 1281px) 2560px, 100vw\" \/><\/figure>\n\n\n<p>Brigitte Jansen (Gesch\u00e4ftsf\u00fchrerin Kreis-WfG, l.) und Nathalie Tekath-Kochs (Prokuristin Kreis-WfG) freuen sich auf zahlreiche Bewerbungen f\u00fcr den Hochschulpreis der Wirtschaftsf\u00f6rderung Kreis Kleve 2025. | Foto: WFG Kreis Kleve<\/p>\n","protected":false},"excerpt":{"rendered":"<p>Kreis Kleve. Der \u201eHochschulpreis der Wirtschaftsf\u00f6rderung Kreis Kleve f\u00fcr herausragende Projekte der Zusammenarbeit mit der regionalen Wirtschaft \u2013 gef\u00f6rdert von den Sparkassen und Volksbanken im Kreis Kleve\u201c feiert in diesem Jahr Zw\u00f6lfj\u00e4hriges. Insgesamt 31 Projekte wurden in der Vergangenheit bereits ausgezeichnet.\u00a0 2024 wurde das Projekt \u201eWasserstoff ersetzt Dieselgenerator\u201c ausgezeichnet. Die Preistr\u00e4ger waren die Omexom Smart [&hellip;]<\/p>\n","protected":false},"author":3,"featured_media":5739,"comment_status":"closed","ping_status":"closed","sticky":false,"template":"","format":"standard","meta":{"_et_pb_use_builder":"","_et_pb_old_content":"","_et_gb_content_width":"","footnotes":""},"categories":[1],"tags":[],"class_list":["post-5738","post","type-post","status-publish","format-standard","has-post-thumbnail","hentry","category-allgemein"],"_links":{"self":[{"href":"https:\/\/standort-niederrhein.de\/en\/wp-json\/wp\/v2\/posts\/5738","targetHints":{"allow":["GET"]}}],"collection":[{"href":"https:\/\/standort-niederrhein.de\/en\/wp-json\/wp\/v2\/posts"}],"about":[{"href":"https:\/\/standort-niederrhein.de\/en\/wp-json\/wp\/v2\/types\/post"}],"author":[{"embeddable":true,"href":"https:\/\/standort-niederrhein.de\/en\/wp-json\/wp\/v2\/users\/3"}],"replies":[{"embeddable":true,"href":"https:\/\/standort-niederrhein.de\/en\/wp-json\/wp\/v2\/comments?post=5738"}],"version-history":[{"count":1,"href":"https:\/\/standort-niederrhein.de\/en\/wp-json\/wp\/v2\/posts\/5738\/revisions"}],"predecessor-version":[{"id":5740,"href":"https:\/\/standort-niederrhein.de\/en\/wp-json\/wp\/v2\/posts\/5738\/revisions\/5740"}],"wp:featuredmedia":[{"embeddable":true,"href":"https:\/\/standort-niederrhein.de\/en\/wp-json\/wp\/v2\/media\/5739"}],"wp:attachment":[{"href":"https:\/\/standort-niederrhein.de\/en\/wp-json\/wp\/v2\/media?parent=5738"}],"wp:term":[{"taxonomy":"category","embeddable":true,"href":"https:\/\/standort-niederrhein.de\/en\/wp-json\/wp\/v2\/categories?post=5738"},{"taxonomy":"post_tag","embeddable":true,"href":"https:\/\/standort-niederrhein.de\/en\/wp-json\/wp\/v2\/tags?post=5738"}],"curies":[{"name":"wp","href":"https:\/\/api.w.org\/{rel}","templated":true}]}}