{"id":5735,"date":"2025-03-23T07:00:00","date_gmt":"2025-03-23T06:00:00","guid":{"rendered":"https:\/\/invest-in-niederrhein.de\/?p=5735"},"modified":"2025-03-21T09:02:37","modified_gmt":"2025-03-21T08:02:37","slug":"fablab-der-hochschule-rhein-waal-ist-hochschulperle-des-monats","status":"publish","type":"post","link":"https:\/\/standort-niederrhein.de\/en\/2025\/03\/23\/fablab-der-hochschule-rhein-waal-ist-hochschulperle-des-monats\/","title":{"rendered":"FabLab der Hochschule Rhein-Waal ist \u201eHochschulperle\u201c des Monats"},"content":{"rendered":"\n<p><strong>Kamp-Lintfort. <\/strong>Das FabLab Kamp-Lintfort der Hochschule Rhein-Waal (HSRW) ist mit der \u201eHochschulperle\u201c des Monats Februar ausgezeichnet worden. Die Denkfabrik Stifterverband w\u00fcrdigt damit das Konzept einer offenen Hightech-Werkstatt, die digitale Fertigungstechnologien f\u00fcr Fachkr\u00e4fte, Studierende, Sch\u00fcler*innen und Unternehmen sowie die interessierte \u00d6ffentlichkeit zug\u00e4nglich macht. Neben modernster Technik f\u00f6rdern innovative Weiterbildungsprogramme und Vernetzungsangebote die Qualifizierung von Fachkr\u00e4ften und die Entwicklung von Innovationen.<\/p>\n\n\n\n<p>\u201eHochschulperlen sind innovative, beispielhafte Projekte, die an einer Hochschule realisiert werden\u201c, so der Stifterverband, ein eingetragener Verein, der seit mehr als 100 Jahren Bildung und Wissenschaft f\u00f6rdert, um die Innovationskraft der Gesellschaft zu st\u00e4rken. Rund 3.500 Unternehmen, Stiftungen und Einzelmitglieder engagieren sich im Netzwerk des Stifterverbandes. Nun hat der Stifterverband das FabLab, das die Hochschule Rhein-Waal gemeinsam mit dem zdi-Zentrum Kamp-Lintfort anbietet, zur Hochschulperle des Monats Februar 2025 gek\u00fcrt. Die Hochschulperle des Monats Februar stand unter dem Motto \u201eMit Unternehmen forschen \u2013 Innovationen gestalten\u201c.<\/p>\n\n\n\n<p>Seit seiner Er\u00f6ffnung im Jahr 2015 bietet das FabLab Kamp-Lintfort eine einzigartige Plattform f\u00fcr digitale Fertigungstechnologien und interdisziplin\u00e4re Zusammenarbeit. Die Jury lobt insbesondere die Kombination aus Hightech-Werkstatt und vielf\u00e4ltigem Weiterbildungsangebot, das sich an Studierende, Start-ups, kleine und mittlere Unternehmen, die interessierte \u00d6ffentlichkeit sowie Forschungsinstitutionen richtet. \u201eDigitale Fertigungstechnologien wie 3D-Drucker gelten als Schl\u00fcsseltechnologien der n\u00e4chsten industriellen Revolution. Es fehlen aber Fachkr\u00e4fte, die mit solchen Maschinen umgehen k\u00f6nnen. Um dem entgegenzuwirken, bietet das FabLab Kamp-Lintfort an der Hochschule Rhein-Waal Weiterbildungsm\u00f6glichkeiten f\u00fcr Hochschulen, Schulen, Unternehmen und die interessierte \u00d6ffentlichkeit an. F\u00fcr diese Kombination einer \u00f6ffentlichen Werkstatt in Verbindung mit einem breiten Weiterbildungsangebot im Umgang mit modernen Maschinen vergibt der Stifterverband die Hochschulperle des Monats Februar\u201c, begr\u00fcndete das Netzwerk seine Entscheidung.<\/p>\n\n\n\n<p>\u201eWir freuen uns sehr \u00fcber diese Anerkennung. Unser Ziel ist es, die Br\u00fccke zwischen Wissenschaft, Wirtschaft und Gesellschaft zu schlagen und neue Technologien f\u00fcr eine breite Zielgruppe zug\u00e4nglich zu machen\u201c, sagt Prof. Dr. Karsten Nebe, Direktor des FabLab Kamp-Lintfort.<\/p>\n\n\n\n<p>Das FabLab bietet Zugang zu modernsten Fertigungstechnologien wie 3D-Druck, Lasercutting und CNC-Fr\u00e4sverfahren, aber auch zu Elektronikentwicklung und weiteren digitalen Technologien wie Embedded Programming \u2013 das Programmieren von kleinen Computern, die bestimmte Aufgaben in einem gr\u00f6\u00dferen System \u00fcbernehmen. Seit nahezu zehn Jahren unterst\u00fctzt das FabLab Studierende bei der Umsetzung eigener Projekte, Start-ups bei der Entwicklung von Prototypen und Unternehmen bei Forschungsfragen. Zudem werden hier innovative Methoden zur digitalen Fabrikation entwickelt und in Forschung und Lehre integriert.<\/p>\n\n\n\n<p>Erg\u00e4nzt wird das Angebot durch internationale Ausbildungsprogramme wie die \u201eFab Academy\u201c und die \u201eFab Learning Academy\u201c. Letztere wird 2025 weltweit erstmals durchgef\u00fchrt und richtet sich an Lehrkr\u00e4fte, die digitale Fertigung in die Bildung einbinden m\u00f6chten. Das FabLab Kamp-Lintfort ist eines von nur elf FabLabs weltweit, die als Pioniere an diesem Programm teilnehmen.<\/p>\n\n\n\n<p>Das FabLab ist nicht nur ein Innovationszentrum, sondern auch eine inspirierende Lernumgebung f\u00fcr Sch\u00fclerinnen und Sch\u00fcler. Sie k\u00f6nnen beispielsweise selbst Stempel herstellen und Jutetaschen bedrucken. \u201eDurch unser School-FabLab-Netzwerk erhalten junge Menschen fr\u00fchzeitig Zugang zu digitalen Fertigungstechnologien und k\u00f6nnen ihre kreativen Ideen umsetzen\u201c, so Dr. Martin Kreymann, FabLab Manager.<\/p>\n\n\n\n<p>Mit der Hochschulperle des Monats zeichnet der Stifterverband jeden Monat herausragende Hochschulprojekte aus, deren Innovationskraft beispielhaft ist und die das Potential haben, Gesellschaft zu st\u00e4rken. Mit der Auszeichnung nimmt das FabLab Kamp-Lintfort automatisch an der Wahl zur Hochschulperle des Jahres 2025 teil. Weitere Informationen gibt es <a href=\"https:\/\/fablab.hochschule-rhein-waal.de\">hier<\/a>. <\/p>\n\n\n<figure class=\"wp-block-post-featured-image\"><img loading=\"lazy\" decoding=\"async\" width=\"1280\" height=\"853\" src=\"https:\/\/standort-niederrhein.de\/wp-content\/uploads\/2025\/03\/20250320_FabLab-Kamp-Lintfort_\u00a9FabLab_HSRW_4272.jpg\" class=\"attachment-post-thumbnail size-post-thumbnail wp-post-image\" alt=\"\" style=\"object-fit:cover;\" srcset=\"https:\/\/standort-niederrhein.de\/wp-content\/uploads\/2025\/03\/20250320_FabLab-Kamp-Lintfort_\u00a9FabLab_HSRW_4272.jpg 1280w, https:\/\/standort-niederrhein.de\/wp-content\/uploads\/2025\/03\/20250320_FabLab-Kamp-Lintfort_\u00a9FabLab_HSRW_4272-300x200.jpg 300w, https:\/\/standort-niederrhein.de\/wp-content\/uploads\/2025\/03\/20250320_FabLab-Kamp-Lintfort_\u00a9FabLab_HSRW_4272-1024x682.jpg 1024w, https:\/\/standort-niederrhein.de\/wp-content\/uploads\/2025\/03\/20250320_FabLab-Kamp-Lintfort_\u00a9FabLab_HSRW_4272-768x512.jpg 768w, https:\/\/standort-niederrhein.de\/wp-content\/uploads\/2025\/03\/20250320_FabLab-Kamp-Lintfort_\u00a9FabLab_HSRW_4272-1080x720.jpg 1080w, https:\/\/standort-niederrhein.de\/wp-content\/uploads\/2025\/03\/20250320_FabLab-Kamp-Lintfort_\u00a9FabLab_HSRW_4272-980x653.jpg 980w, https:\/\/standort-niederrhein.de\/wp-content\/uploads\/2025\/03\/20250320_FabLab-Kamp-Lintfort_\u00a9FabLab_HSRW_4272-480x320.jpg 480w\" sizes=\"(max-width: 1280px) 100vw, 1280px\" \/><\/figure>\n\n\n<p>FabLab Kamp-Lintfort: Internationale Aus- und Weiterbildung in Schl\u00fcsseltechnologien | Foto: FabLab\/ HSRW<\/p>\n","protected":false},"excerpt":{"rendered":"<p>Kamp-Lintfort. Das FabLab Kamp-Lintfort der Hochschule Rhein-Waal (HSRW) ist mit der \u201eHochschulperle\u201c des Monats Februar ausgezeichnet worden. Die Denkfabrik Stifterverband w\u00fcrdigt damit das Konzept einer offenen Hightech-Werkstatt, die digitale Fertigungstechnologien f\u00fcr Fachkr\u00e4fte, Studierende, Sch\u00fcler*innen und Unternehmen sowie die interessierte \u00d6ffentlichkeit zug\u00e4nglich macht. Neben modernster Technik f\u00f6rdern innovative Weiterbildungsprogramme und Vernetzungsangebote die Qualifizierung von Fachkr\u00e4ften und [&hellip;]<\/p>\n","protected":false},"author":3,"featured_media":5736,"comment_status":"closed","ping_status":"closed","sticky":false,"template":"","format":"standard","meta":{"_et_pb_use_builder":"","_et_pb_old_content":"","_et_gb_content_width":"","footnotes":""},"categories":[1],"tags":[],"class_list":["post-5735","post","type-post","status-publish","format-standard","has-post-thumbnail","hentry","category-allgemein"],"_links":{"self":[{"href":"https:\/\/standort-niederrhein.de\/en\/wp-json\/wp\/v2\/posts\/5735","targetHints":{"allow":["GET"]}}],"collection":[{"href":"https:\/\/standort-niederrhein.de\/en\/wp-json\/wp\/v2\/posts"}],"about":[{"href":"https:\/\/standort-niederrhein.de\/en\/wp-json\/wp\/v2\/types\/post"}],"author":[{"embeddable":true,"href":"https:\/\/standort-niederrhein.de\/en\/wp-json\/wp\/v2\/users\/3"}],"replies":[{"embeddable":true,"href":"https:\/\/standort-niederrhein.de\/en\/wp-json\/wp\/v2\/comments?post=5735"}],"version-history":[{"count":1,"href":"https:\/\/standort-niederrhein.de\/en\/wp-json\/wp\/v2\/posts\/5735\/revisions"}],"predecessor-version":[{"id":5737,"href":"https:\/\/standort-niederrhein.de\/en\/wp-json\/wp\/v2\/posts\/5735\/revisions\/5737"}],"wp:featuredmedia":[{"embeddable":true,"href":"https:\/\/standort-niederrhein.de\/en\/wp-json\/wp\/v2\/media\/5736"}],"wp:attachment":[{"href":"https:\/\/standort-niederrhein.de\/en\/wp-json\/wp\/v2\/media?parent=5735"}],"wp:term":[{"taxonomy":"category","embeddable":true,"href":"https:\/\/standort-niederrhein.de\/en\/wp-json\/wp\/v2\/categories?post=5735"},{"taxonomy":"post_tag","embeddable":true,"href":"https:\/\/standort-niederrhein.de\/en\/wp-json\/wp\/v2\/tags?post=5735"}],"curies":[{"name":"wp","href":"https:\/\/api.w.org\/{rel}","templated":true}]}}